{"id":172582,"date":"2014-01-28T23:12:58","date_gmt":"2014-01-28T23:12:58","guid":{"rendered":"https:\/\/admin.industriall-union.org\/ni-un-paso-atras-suteivp-seis-anos-en-lucha-por-su-reinstalacion-en-vidriera-del-potosi\/"},"modified":"2025-02-08T05:06:10","modified_gmt":"2025-02-08T05:06:10","slug":"ni-un-paso-atras-suteivp-seis-anos-en-lucha-por-su-reinstalacion-en-vidriera-del-potosi","status":"publish","type":"article","link":"https:\/\/admin.industriall-union.org\/es\/ni-un-paso-atras-suteivp-seis-anos-en-lucha-por-su-reinstalacion-en-vidriera-del-potosi\/","title":{"rendered":"NI UN PASO ATR\u00c1S! SUTEIVP seis a\u00f1os en lucha por su reinstalaci\u00f3n en Vidriera del Potos\u00ed"},"content":{"rendered":"<p align=\"center\"><em>&ldquo;Los despidos y el desmantelamiento del Sindicato \u00danico de Trabajadores de la Empresa Industria Vidriera del Potos\u00ed (STUEIVP), como medida radical de los empresarios, no s\u00f3lo avalada por las autoridades, sino apoyada con la fuerza p\u00fablica para arrebatarles la representaci\u00f3n sindical el 9 de mayo de 2008, fren\u00f3 la lucha, pero no la detuvo&rdquo;.<\/em><\/p><p align=\"center\"><em>(Se\u00f1ala un art\u00edculo de la Jornada de San Luis el 23 de enero de 2014).<\/em><\/p><p>Los despidos masivos en 2008 golpearon a 220 trabajadores, incluyendo a todo el comit\u00e9 ejecutivo del Sindicato \u00danico de Trabajadores de la Empresa Industria Vidriera del Potos\u00ed (SUTEIVP), y precedieron a la firma de un nuevo contrato de protecci\u00f3n con l\u00edderes corruptos del sindicato amarillo elegido por la empresa.<\/p><p>El SUTIEVP se neg\u00f3 todos estos a\u00f1os a aceptar el despido de los 220 trabajadores puesto que estaban amparados por un convenio colectivo, y hasta ahora 33 trabajadores lograron resistir a las grandes presiones de la empresa para que desistieran de sus demandas con amplias esperanzas de ganar por la v\u00eda legal su reinstalaci\u00f3n.<\/p><p>Por medio de un acto simb\u00f3lico a las afueras de la empresa este 26 de enero, el SUTEIVP en resistencia demostr\u00f3 que siguen en pie de lucha exigiendo a las autoridades competentes y a la directiva de Grupo Modelo la soluci\u00f3n al conflicto laboral. En la ocasi\u00f3n agradecieron a todos las organizaciones sindicales nacionales e internacionales que han manifestado su solidaridad incondicional con su lucha.<\/p><p>&ldquo;Desde el 2008 y hasta la fecha la Empresa Industria Vidriera del Potos\u00ed ha&nbsp; continuado con m\u00e1s de 600 &nbsp;despidos injustificados; durante estos 6 a\u00f1os han despedido a compa\u00f1eros Trabajadores por apoyarnos, someti\u00e9ndolos al Sindicato de protecci\u00f3n patronal de la CROC, quien tiene amenazado a los trabajadores con despedirlos inmediatamente si se nos apoya. &nbsp;Adem\u00e1s de que a los trabajadores despedidos se les ha puesto en &quot;Listas Negras&quot; al igual que nuestras esposas, hijos y familiares cuando nuestro \u00fanico delito es defender nuestros Derechos Laborales y Humanos marcados en la Constituci\u00f3n Mexicana&rdquo;, se\u00f1ala el Sindicato.<\/p><p>La empresa junto con autoridades laborales, han puesto una serie de trabas al proceso legal de demandas de reinstalaci\u00f3n de los 33 despedidos con el fin de desgastar esta lucha de los trabajadores y alargar el proceso. En la conmemoraci\u00f3n de estos seis a\u00f1os de lucha los trabajadores exigen a Grupo Modelo:<\/p><ul><li>Reinstalaci\u00f3n inmediata de los 33 trabajadores en Resistencia.<\/li><li>Que Grupo Modelo-AB InBev cumpla con los Tratados Internacionales en Materia de Trabajo como lo es&nbsp; Convenio 87 de la OIT.<\/li><li>Ahora que Ab InBev es due\u00f1o total de Grupo Modelo asuma la responsabilidad y de soluci\u00f3n al Problema Laboral.<\/li><li>Reconocimiento al Sindicato Independiente SUTEIVP<\/li><li>Cese al Hostigamiento de los Trabajadores al Interior de la Empresa.<\/li><li>La Libertad de Asociaci\u00f3n Sindical<\/li><li>No a un sindicato de Protecci\u00f3n Patronal<\/li><li>No a mas despidos en la Vidriera del Potos\u00ed<\/li><\/ul><p>Industriall Global Union una vez m\u00e1s brinda su apoyo y solidaridad a su afiliada SUTEIVP, llama a los trabajadores en lucha a continuar en sus demandas y &nbsp;demanda &nbsp;que las autoridades arbitren &nbsp;r\u00e1pidamente a favor de los trabajadores y sus familias.<\/p>","protected":false},"featured_media":0,"template":"","issues":[421,420],"companies":[],"regions":[275],"sectors":[487],"article_tags":[],"class_list":["post-172582","article","type-article","status-publish","hentry","issues-mexico-campaign","issues-solidarity","regions-mexico","sectors-glass"],"acf":[],"yoast_head":"<!-- This site is optimized with the Yoast SEO Premium plugin v27.1 (Yoast SEO v27.1) - https:\/\/yoast.com\/product\/yoast-seo-premium-wordpress\/ -->\n<title>NI UN PASO ATR\u00c1S! SUTEIVP seis a\u00f1os en lucha por su reinstalaci\u00f3n en Vidriera del Potos\u00ed - industriall-union<\/title>\n<meta name=\"description\" content=\"&ldquo;Los despidos y el desmantelamiento del Sindicato \u00danico de Trabajadores de la Empresa Industria Vidriera del Potos\u00ed (STUEIVP), como medida radical\" \/>\n<meta name=\"robots\" content=\"index, follow, max-snippet:-1, max-image-preview:large, max-video-preview:-1\" \/>\n<link rel=\"canonical\" href=\"https:\/\/admin.industriall-union.org\/es\/ni-un-paso-atras-suteivp-seis-anos-en-lucha-por-su-reinstalacion-en-vidriera-del-potosi\/\" \/>\n<meta property=\"og:locale\" content=\"es_ES\" \/>\n<meta property=\"og:type\" content=\"article\" \/>\n<meta property=\"og:title\" content=\"NI UN PASO ATR\u00c1S! SUTEIVP seis a\u00f1os en lucha por su reinstalaci\u00f3n en Vidriera del Potos\u00ed\" \/>\n<meta property=\"og:description\" content=\"&ldquo;Los despidos y el desmantelamiento del Sindicato \u00danico de Trabajadores de la Empresa Industria Vidriera del Potos\u00ed (STUEIVP), como medida radical\" \/>\n<meta property=\"og:url\" content=\"https:\/\/admin.industriall-union.org\/es\/ni-un-paso-atras-suteivp-seis-anos-en-lucha-por-su-reinstalacion-en-vidriera-del-potosi\/\" \/>\n<meta property=\"og:site_name\" content=\"industriall-union\" \/>\n<meta property=\"article:modified_time\" content=\"2025-02-08T05:06:10+00:00\" \/>\n<meta name=\"twitter:card\" content=\"summary_large_image\" \/>\n<meta name=\"twitter:label1\" content=\"Est. reading time\" \/>\n\t<meta name=\"twitter:data1\" content=\"3 minutes\" \/>\n<script type=\"application\/ld+json\" class=\"yoast-schema-graph\">{\"@context\":\"https:\/\/schema.org\",\"@graph\":[{\"@type\":\"WebPage\",\"@id\":\"https:\/\/admin.industriall-union.org\/es\/ni-un-paso-atras-suteivp-seis-anos-en-lucha-por-su-reinstalacion-en-vidriera-del-potosi\/\",\"url\":\"https:\/\/admin.industriall-union.org\/es\/ni-un-paso-atras-suteivp-seis-anos-en-lucha-por-su-reinstalacion-en-vidriera-del-potosi\/\",\"name\":\"NI UN PASO ATR\u00c1S! SUTEIVP seis a\u00f1os en lucha por su reinstalaci\u00f3n en Vidriera del Potos\u00ed - industriall-union\",\"isPartOf\":{\"@id\":\"https:\/\/admin.industriall-union.org\/#website\"},\"datePublished\":\"2014-01-28T23:12:58+00:00\",\"dateModified\":\"2025-02-08T05:06:10+00:00\",\"description\":\"&ldquo;Los despidos y el desmantelamiento del Sindicato \u00danico de Trabajadores de la Empresa Industria Vidriera del Potos\u00ed (STUEIVP), como medida radical\",\"breadcrumb\":{\"@id\":\"https:\/\/admin.industriall-union.org\/es\/ni-un-paso-atras-suteivp-seis-anos-en-lucha-por-su-reinstalacion-en-vidriera-del-potosi\/#breadcrumb\"},\"inLanguage\":\"es-ES\",\"potentialAction\":[{\"@type\":\"ReadAction\",\"target\":[\"https:\/\/admin.industriall-union.org\/es\/ni-un-paso-atras-suteivp-seis-anos-en-lucha-por-su-reinstalacion-en-vidriera-del-potosi\/\"]}]},{\"@type\":\"BreadcrumbList\",\"@id\":\"https:\/\/admin.industriall-union.org\/es\/ni-un-paso-atras-suteivp-seis-anos-en-lucha-por-su-reinstalacion-en-vidriera-del-potosi\/#breadcrumb\",\"itemListElement\":[{\"@type\":\"ListItem\",\"position\":1,\"name\":\"Home\",\"item\":\"https:\/\/admin.industriall-union.org\/\"},{\"@type\":\"ListItem\",\"position\":2,\"name\":\"Articles\",\"item\":\"https:\/\/admin.industriall-union.org\/article\/\"},{\"@type\":\"ListItem\",\"position\":3,\"name\":\"NI UN PASO ATR\u00c1S! SUTEIVP seis a\u00f1os en lucha por su reinstalaci\u00f3n en Vidriera del Potos\u00ed\"}]},{\"@type\":\"WebSite\",\"@id\":\"https:\/\/admin.industriall-union.org\/#website\",\"url\":\"https:\/\/admin.industriall-union.org\/\",\"name\":\"industriall-union\",\"description\":\"\",\"potentialAction\":[{\"@type\":\"SearchAction\",\"target\":{\"@type\":\"EntryPoint\",\"urlTemplate\":\"https:\/\/admin.industriall-union.org\/?s={search_term_string}\"},\"query-input\":{\"@type\":\"PropertyValueSpecification\",\"valueRequired\":true,\"valueName\":\"search_term_string\"}}],\"inLanguage\":\"es-ES\"}]}<\/script>\n<!-- \/ Yoast SEO Premium plugin. -->","yoast_head_json":{"title":"NI UN PASO ATR\u00c1S! SUTEIVP seis a\u00f1os en lucha por su reinstalaci\u00f3n en Vidriera del Potos\u00ed - industriall-union","description":"&ldquo;Los despidos y el desmantelamiento del Sindicato \u00danico de Trabajadores de la Empresa Industria Vidriera del Potos\u00ed (STUEIVP), como medida radical","robots":{"index":"index","follow":"follow","max-snippet":"max-snippet:-1","max-image-preview":"max-image-preview:large","max-video-preview":"max-video-preview:-1"},"canonical":"https:\/\/admin.industriall-union.org\/es\/ni-un-paso-atras-suteivp-seis-anos-en-lucha-por-su-reinstalacion-en-vidriera-del-potosi\/","og_locale":"es_ES","og_type":"article","og_title":"NI UN PASO ATR\u00c1S! SUTEIVP seis a\u00f1os en lucha por su reinstalaci\u00f3n en Vidriera del Potos\u00ed","og_description":"&ldquo;Los despidos y el desmantelamiento del Sindicato \u00danico de Trabajadores de la Empresa Industria Vidriera del Potos\u00ed (STUEIVP), como medida radical","og_url":"https:\/\/admin.industriall-union.org\/es\/ni-un-paso-atras-suteivp-seis-anos-en-lucha-por-su-reinstalacion-en-vidriera-del-potosi\/","og_site_name":"industriall-union","article_modified_time":"2025-02-08T05:06:10+00:00","twitter_card":"summary_large_image","twitter_misc":{"Est. reading time":"3 minutes"},"schema":{"@context":"https:\/\/schema.org","@graph":[{"@type":"WebPage","@id":"https:\/\/admin.industriall-union.org\/es\/ni-un-paso-atras-suteivp-seis-anos-en-lucha-por-su-reinstalacion-en-vidriera-del-potosi\/","url":"https:\/\/admin.industriall-union.org\/es\/ni-un-paso-atras-suteivp-seis-anos-en-lucha-por-su-reinstalacion-en-vidriera-del-potosi\/","name":"NI UN PASO ATR\u00c1S! SUTEIVP seis a\u00f1os en lucha por su reinstalaci\u00f3n en Vidriera del Potos\u00ed - industriall-union","isPartOf":{"@id":"https:\/\/admin.industriall-union.org\/#website"},"datePublished":"2014-01-28T23:12:58+00:00","dateModified":"2025-02-08T05:06:10+00:00","description":"&ldquo;Los despidos y el desmantelamiento del Sindicato \u00danico de Trabajadores de la Empresa Industria Vidriera del Potos\u00ed (STUEIVP), como medida radical","breadcrumb":{"@id":"https:\/\/admin.industriall-union.org\/es\/ni-un-paso-atras-suteivp-seis-anos-en-lucha-por-su-reinstalacion-en-vidriera-del-potosi\/#breadcrumb"},"inLanguage":"es-ES","potentialAction":[{"@type":"ReadAction","target":["https:\/\/admin.industriall-union.org\/es\/ni-un-paso-atras-suteivp-seis-anos-en-lucha-por-su-reinstalacion-en-vidriera-del-potosi\/"]}]},{"@type":"BreadcrumbList","@id":"https:\/\/admin.industriall-union.org\/es\/ni-un-paso-atras-suteivp-seis-anos-en-lucha-por-su-reinstalacion-en-vidriera-del-potosi\/#breadcrumb","itemListElement":[{"@type":"ListItem","position":1,"name":"Home","item":"https:\/\/admin.industriall-union.org\/"},{"@type":"ListItem","position":2,"name":"Articles","item":"https:\/\/admin.industriall-union.org\/article\/"},{"@type":"ListItem","position":3,"name":"NI UN PASO ATR\u00c1S! SUTEIVP seis a\u00f1os en lucha por su reinstalaci\u00f3n en Vidriera del Potos\u00ed"}]},{"@type":"WebSite","@id":"https:\/\/admin.industriall-union.org\/#website","url":"https:\/\/admin.industriall-union.org\/","name":"industriall-union","description":"","potentialAction":[{"@type":"SearchAction","target":{"@type":"EntryPoint","urlTemplate":"https:\/\/admin.industriall-union.org\/?s={search_term_string}"},"query-input":{"@type":"PropertyValueSpecification","valueRequired":true,"valueName":"search_term_string"}}],"inLanguage":"es-ES"}]}},"_links":{"self":[{"href":"https:\/\/admin.industriall-union.org\/es\/wp-json\/wp\/v2\/article\/172582","targetHints":{"allow":["GET"]}}],"collection":[{"href":"https:\/\/admin.industriall-union.org\/es\/wp-json\/wp\/v2\/article"}],"about":[{"href":"https:\/\/admin.industriall-union.org\/es\/wp-json\/wp\/v2\/types\/article"}],"wp:attachment":[{"href":"https:\/\/admin.industriall-union.org\/es\/wp-json\/wp\/v2\/media?parent=172582"}],"wp:term":[{"taxonomy":"issues","embeddable":true,"href":"https:\/\/admin.industriall-union.org\/es\/wp-json\/wp\/v2\/issues?post=172582"},{"taxonomy":"companies","embeddable":true,"href":"https:\/\/admin.industriall-union.org\/es\/wp-json\/wp\/v2\/companies?post=172582"},{"taxonomy":"regions","embeddable":true,"href":"https:\/\/admin.industriall-union.org\/es\/wp-json\/wp\/v2\/regions?post=172582"},{"taxonomy":"sectors","embeddable":true,"href":"https:\/\/admin.industriall-union.org\/es\/wp-json\/wp\/v2\/sectors?post=172582"},{"taxonomy":"article_tags","embeddable":true,"href":"https:\/\/admin.industriall-union.org\/es\/wp-json\/wp\/v2\/article_tags?post=172582"}],"curies":[{"name":"wp","href":"https:\/\/api.w.org\/{rel}","templated":true}]}}