{"id":172561,"date":"2014-02-03T13:23:44","date_gmt":"2014-02-03T13:23:44","guid":{"rendered":"https:\/\/admin.industriall-union.org\/india-2-000-manifestantes-marchan-por-la-liberacion-de-los-trabajadores-de-maruti-suzuki-encarcelados\/"},"modified":"2025-02-08T04:51:08","modified_gmt":"2025-02-08T04:51:08","slug":"india-2-000-manifestantes-marchan-por-la-liberacion-de-los-trabajadores-de-maruti-suzuki-encarcelados","status":"publish","type":"article","link":"https:\/\/admin.industriall-union.org\/es\/india-2-000-manifestantes-marchan-por-la-liberacion-de-los-trabajadores-de-maruti-suzuki-encarcelados\/","title":{"rendered":"India \u2013 2.000 manifestantes marchan por la liberaci\u00f3n de los trabajadores de Maruti Suzuki encarcelados"},"content":{"rendered":"<p>La enorme manifestaci\u00f3n del 31 de enero en Jantar-Mantar, en la capital india, marc\u00f3 el fin de un per\u00edodo de dos semanas padyatra (recorrido a pie) que comenz\u00f3 el 15 de enero de 2014 en el vecino estado de Haryana.<\/p><p>Trabajadores, sus familias, estudiantes y activistas sociales se reunieron bajo la bandera del sindicato de Trabajadores de Maruti Suzuki para exigir la inmediata liberaci\u00f3n de los 147 trabajadores, as\u00ed como la readmisi\u00f3n de 2.300 trabajadores suspendidos.<\/p><p>Tambi\u00e9n pidieron una investigaci\u00f3n judicial de la muerte de Avinish Kumar, director de Recursos Humanos de la planta de Maruti Suzuki en Manesar el 18 de julio de 2012.<\/p><p>Despu\u00e9s de la manifestaci\u00f3n se entreg\u00f3 un memor\u00e1ndum de las demandas al presidente de la India.<\/p><p>Tapan Kumar Sen, miembro del Parlamento y eminente dirigente sindical, felicit\u00f3 a los trabajadores de Maruti Suzuki por su continua lucha contra el v\u00ednculo del capitalismo nacional e internacional. Los conocidos activistas sociales Arundhati Roy y Yogendra Yadav tambi\u00e9n criticaron las pol\u00edticas antiobreras del Gobierno federal y central de la India.<\/p><p>El compa\u00f1ero S.M. F. Pasha, de la Oficina de Asia del Sur de la IndustriALL, transmiti\u00f3 un mensaje de solidaridad con los trabajadores de Maruti Suzuki y sus familias.<\/p><p>La protesta fue apoyada por muchos otros sindicatos indios, entre ellos AITUC, HMS, CITU, NTUI y AIUTUC, as\u00ed como por los trabajadores de Sarva Karamchari Sangh-Jal Board, Samtamulak Mahila Sangathan y Janrang-Delhi, y varios m\u00e1s.<\/p><p>La manifestaci\u00f3n concluy\u00f3 con el compromiso de apoyar a los trabajadores hasta que sus demandas sean atendidas por las autoridades.<\/p>","protected":false},"featured_media":0,"template":"","issues":[422,420,425],"companies":[131],"regions":[166],"sectors":[482],"article_tags":[],"class_list":["post-172561","article","type-article","status-publish","hentry","issues-human-trade-union-rights","issues-solidarity","issues-workers-rights","companies-suzuki","regions-india","sectors-automotive"],"acf":[],"yoast_head":"<!-- This site is optimized with the Yoast SEO Premium plugin v27.1 (Yoast SEO v27.1) - https:\/\/yoast.com\/product\/yoast-seo-premium-wordpress\/ -->\n<title>India \u2013 2.000 manifestantes marchan por la liberaci\u00f3n de los trabajadores de Maruti Suzuki encarcelados - industriall-union<\/title>\n<meta name=\"description\" content=\"La enorme manifestaci\u00f3n del 31 de enero en Jantar-Mantar, en la capital india, marc\u00f3 el fin de un per\u00edodo de dos semanas padyatra (recorrido a pie) que\" \/>\n<meta name=\"robots\" content=\"index, follow, max-snippet:-1, max-image-preview:large, max-video-preview:-1\" \/>\n<link rel=\"canonical\" href=\"https:\/\/admin.industriall-union.org\/es\/india-2-000-manifestantes-marchan-por-la-liberacion-de-los-trabajadores-de-maruti-suzuki-encarcelados\/\" \/>\n<meta property=\"og:locale\" content=\"es_ES\" \/>\n<meta property=\"og:type\" content=\"article\" \/>\n<meta property=\"og:title\" content=\"India \u2013 2.000 manifestantes marchan por la liberaci\u00f3n de los trabajadores de Maruti Suzuki encarcelados\" \/>\n<meta property=\"og:description\" content=\"La enorme manifestaci\u00f3n del 31 de enero en Jantar-Mantar, en la capital india, marc\u00f3 el fin de un per\u00edodo de dos semanas padyatra (recorrido a pie) que\" \/>\n<meta property=\"og:url\" content=\"https:\/\/admin.industriall-union.org\/es\/india-2-000-manifestantes-marchan-por-la-liberacion-de-los-trabajadores-de-maruti-suzuki-encarcelados\/\" \/>\n<meta property=\"og:site_name\" content=\"industriall-union\" \/>\n<meta property=\"article:modified_time\" content=\"2025-02-08T04:51:08+00:00\" \/>\n<meta name=\"twitter:card\" content=\"summary_large_image\" \/>\n<meta name=\"twitter:label1\" content=\"Est. reading time\" \/>\n\t<meta name=\"twitter:data1\" content=\"1 minute\" \/>\n<script type=\"application\/ld+json\" class=\"yoast-schema-graph\">{\"@context\":\"https:\/\/schema.org\",\"@graph\":[{\"@type\":\"WebPage\",\"@id\":\"https:\/\/admin.industriall-union.org\/es\/india-2-000-manifestantes-marchan-por-la-liberacion-de-los-trabajadores-de-maruti-suzuki-encarcelados\/\",\"url\":\"https:\/\/admin.industriall-union.org\/es\/india-2-000-manifestantes-marchan-por-la-liberacion-de-los-trabajadores-de-maruti-suzuki-encarcelados\/\",\"name\":\"India \u2013 2.000 manifestantes marchan por la liberaci\u00f3n de los trabajadores de Maruti Suzuki encarcelados - industriall-union\",\"isPartOf\":{\"@id\":\"https:\/\/admin.industriall-union.org\/#website\"},\"datePublished\":\"2014-02-03T13:23:44+00:00\",\"dateModified\":\"2025-02-08T04:51:08+00:00\",\"description\":\"La enorme manifestaci\u00f3n del 31 de enero en Jantar-Mantar, en la capital india, marc\u00f3 el fin de un per\u00edodo de dos semanas padyatra (recorrido a pie) que\",\"breadcrumb\":{\"@id\":\"https:\/\/admin.industriall-union.org\/es\/india-2-000-manifestantes-marchan-por-la-liberacion-de-los-trabajadores-de-maruti-suzuki-encarcelados\/#breadcrumb\"},\"inLanguage\":\"es-ES\",\"potentialAction\":[{\"@type\":\"ReadAction\",\"target\":[\"https:\/\/admin.industriall-union.org\/es\/india-2-000-manifestantes-marchan-por-la-liberacion-de-los-trabajadores-de-maruti-suzuki-encarcelados\/\"]}]},{\"@type\":\"BreadcrumbList\",\"@id\":\"https:\/\/admin.industriall-union.org\/es\/india-2-000-manifestantes-marchan-por-la-liberacion-de-los-trabajadores-de-maruti-suzuki-encarcelados\/#breadcrumb\",\"itemListElement\":[{\"@type\":\"ListItem\",\"position\":1,\"name\":\"Home\",\"item\":\"https:\/\/admin.industriall-union.org\/\"},{\"@type\":\"ListItem\",\"position\":2,\"name\":\"Articles\",\"item\":\"https:\/\/admin.industriall-union.org\/article\/\"},{\"@type\":\"ListItem\",\"position\":3,\"name\":\"India \u2013 2.000 manifestantes marchan por la liberaci\u00f3n de los trabajadores de Maruti Suzuki encarcelados\"}]},{\"@type\":\"WebSite\",\"@id\":\"https:\/\/admin.industriall-union.org\/#website\",\"url\":\"https:\/\/admin.industriall-union.org\/\",\"name\":\"industriall-union\",\"description\":\"\",\"potentialAction\":[{\"@type\":\"SearchAction\",\"target\":{\"@type\":\"EntryPoint\",\"urlTemplate\":\"https:\/\/admin.industriall-union.org\/?s={search_term_string}\"},\"query-input\":{\"@type\":\"PropertyValueSpecification\",\"valueRequired\":true,\"valueName\":\"search_term_string\"}}],\"inLanguage\":\"es-ES\"}]}<\/script>\n<!-- \/ Yoast SEO Premium plugin. -->","yoast_head_json":{"title":"India \u2013 2.000 manifestantes marchan por la liberaci\u00f3n de los trabajadores de Maruti Suzuki encarcelados - industriall-union","description":"La enorme manifestaci\u00f3n del 31 de enero en Jantar-Mantar, en la capital india, marc\u00f3 el fin de un per\u00edodo de dos semanas padyatra (recorrido a pie) que","robots":{"index":"index","follow":"follow","max-snippet":"max-snippet:-1","max-image-preview":"max-image-preview:large","max-video-preview":"max-video-preview:-1"},"canonical":"https:\/\/admin.industriall-union.org\/es\/india-2-000-manifestantes-marchan-por-la-liberacion-de-los-trabajadores-de-maruti-suzuki-encarcelados\/","og_locale":"es_ES","og_type":"article","og_title":"India \u2013 2.000 manifestantes marchan por la liberaci\u00f3n de los trabajadores de Maruti Suzuki encarcelados","og_description":"La enorme manifestaci\u00f3n del 31 de enero en Jantar-Mantar, en la capital india, marc\u00f3 el fin de un per\u00edodo de dos semanas padyatra (recorrido a pie) que","og_url":"https:\/\/admin.industriall-union.org\/es\/india-2-000-manifestantes-marchan-por-la-liberacion-de-los-trabajadores-de-maruti-suzuki-encarcelados\/","og_site_name":"industriall-union","article_modified_time":"2025-02-08T04:51:08+00:00","twitter_card":"summary_large_image","twitter_misc":{"Est. reading time":"1 minute"},"schema":{"@context":"https:\/\/schema.org","@graph":[{"@type":"WebPage","@id":"https:\/\/admin.industriall-union.org\/es\/india-2-000-manifestantes-marchan-por-la-liberacion-de-los-trabajadores-de-maruti-suzuki-encarcelados\/","url":"https:\/\/admin.industriall-union.org\/es\/india-2-000-manifestantes-marchan-por-la-liberacion-de-los-trabajadores-de-maruti-suzuki-encarcelados\/","name":"India \u2013 2.000 manifestantes marchan por la liberaci\u00f3n de los trabajadores de Maruti Suzuki encarcelados - industriall-union","isPartOf":{"@id":"https:\/\/admin.industriall-union.org\/#website"},"datePublished":"2014-02-03T13:23:44+00:00","dateModified":"2025-02-08T04:51:08+00:00","description":"La enorme manifestaci\u00f3n del 31 de enero en Jantar-Mantar, en la capital india, marc\u00f3 el fin de un per\u00edodo de dos semanas padyatra (recorrido a pie) que","breadcrumb":{"@id":"https:\/\/admin.industriall-union.org\/es\/india-2-000-manifestantes-marchan-por-la-liberacion-de-los-trabajadores-de-maruti-suzuki-encarcelados\/#breadcrumb"},"inLanguage":"es-ES","potentialAction":[{"@type":"ReadAction","target":["https:\/\/admin.industriall-union.org\/es\/india-2-000-manifestantes-marchan-por-la-liberacion-de-los-trabajadores-de-maruti-suzuki-encarcelados\/"]}]},{"@type":"BreadcrumbList","@id":"https:\/\/admin.industriall-union.org\/es\/india-2-000-manifestantes-marchan-por-la-liberacion-de-los-trabajadores-de-maruti-suzuki-encarcelados\/#breadcrumb","itemListElement":[{"@type":"ListItem","position":1,"name":"Home","item":"https:\/\/admin.industriall-union.org\/"},{"@type":"ListItem","position":2,"name":"Articles","item":"https:\/\/admin.industriall-union.org\/article\/"},{"@type":"ListItem","position":3,"name":"India \u2013 2.000 manifestantes marchan por la liberaci\u00f3n de los trabajadores de Maruti Suzuki encarcelados"}]},{"@type":"WebSite","@id":"https:\/\/admin.industriall-union.org\/#website","url":"https:\/\/admin.industriall-union.org\/","name":"industriall-union","description":"","potentialAction":[{"@type":"SearchAction","target":{"@type":"EntryPoint","urlTemplate":"https:\/\/admin.industriall-union.org\/?s={search_term_string}"},"query-input":{"@type":"PropertyValueSpecification","valueRequired":true,"valueName":"search_term_string"}}],"inLanguage":"es-ES"}]}},"_links":{"self":[{"href":"https:\/\/admin.industriall-union.org\/es\/wp-json\/wp\/v2\/article\/172561","targetHints":{"allow":["GET"]}}],"collection":[{"href":"https:\/\/admin.industriall-union.org\/es\/wp-json\/wp\/v2\/article"}],"about":[{"href":"https:\/\/admin.industriall-union.org\/es\/wp-json\/wp\/v2\/types\/article"}],"wp:attachment":[{"href":"https:\/\/admin.industriall-union.org\/es\/wp-json\/wp\/v2\/media?parent=172561"}],"wp:term":[{"taxonomy":"issues","embeddable":true,"href":"https:\/\/admin.industriall-union.org\/es\/wp-json\/wp\/v2\/issues?post=172561"},{"taxonomy":"companies","embeddable":true,"href":"https:\/\/admin.industriall-union.org\/es\/wp-json\/wp\/v2\/companies?post=172561"},{"taxonomy":"regions","embeddable":true,"href":"https:\/\/admin.industriall-union.org\/es\/wp-json\/wp\/v2\/regions?post=172561"},{"taxonomy":"sectors","embeddable":true,"href":"https:\/\/admin.industriall-union.org\/es\/wp-json\/wp\/v2\/sectors?post=172561"},{"taxonomy":"article_tags","embeddable":true,"href":"https:\/\/admin.industriall-union.org\/es\/wp-json\/wp\/v2\/article_tags?post=172561"}],"curies":[{"name":"wp","href":"https:\/\/api.w.org\/{rel}","templated":true}]}}