{"id":172524,"date":"2014-02-11T09:13:22","date_gmt":"2014-02-11T09:13:22","guid":{"rendered":"https:\/\/admin.industriall-union.org\/basta-de-la-persecucion-sindical-con-los-companeros-de-honda-mexico\/"},"modified":"2025-02-08T04:38:57","modified_gmt":"2025-02-08T04:38:57","slug":"basta-de-la-persecucion-sindical-con-los-companeros-de-honda-mexico","status":"publish","type":"article","link":"https:\/\/admin.industriall-union.org\/es\/basta-de-la-persecucion-sindical-con-los-companeros-de-honda-mexico\/","title":{"rendered":"\u00a1Basta de la persecuci\u00f3n sindical con los compa\u00f1eros de Honda M\u00e9xico!"},"content":{"rendered":"<p>La intimidaci\u00f3n se produjo luego que el tribunal concediera el amparo al STUHM, &nbsp;y los dirigentes informaban acerca de la resoluci\u00f3n judicial fuera de la planta la tarde del 5 de febrero. El Sindicato dio a conocer que los detenidos Ra\u00fal Celestino Pallares, Esteban Acero y Ra\u00fal Rojas son sus agremiados, y Aldo Santana es un activista solidario con la organizaci\u00f3n gremial.<\/p><p>La polic\u00eda se\u00f1al\u00f3 que la detenci\u00f3n fue producto de alterar el orden p\u00fablico, dos de ellos fueron liberados pagando una multa. En tanto, los otros dos dirigentes fueron trasladados al Ministerio Publico acusados de lesiones en grado de tentativa contra un polic\u00eda.<\/p><p>Jos\u00e9 Luis Solorio, secretario general del STUHM, dijo que \u00e9l recibi\u00f3 una llamada de uno de los dirigentes justo en el momento cuando la polic\u00eda golpeaba a uno de ellos. Por lo que esto es una represi\u00f3n m\u00e1s en contra del sindicato. Los dirigentes fueron agredidos al ser detenidos mientras eran trasladados&nbsp; en la patrulla. Durante su reclusi\u00f3n fueron sometidos a torturas psicol\u00f3gicas, enca\u00f1onamiento permanente con arma de fuego e, incluso, se lleg\u00f3 a la brutalidad de quemarles la piel con cigarrillos prendidos.<\/p><p>Confirm\u00f3 el STUHM que a dos de ellos la polic\u00eda les amenaz\u00f3, para mantenerlos encarcelados, &ldquo;con fincarles acusaciones graves que resultaban rid\u00edculas y desmesuradas, todo con el fin de detener la lucha del STUHM&rdquo;.<\/p><p>Gracias a la presi\u00f3n de organizaciones sociales y sindicales, los compa\u00f1eros &nbsp;fueron ya liberados; sin embargo Solorio exigi\u00f3 el inmediato cese de las acciones represivas e intimidatorias encontra el STHUM; advirti\u00f3 tambi\u00e9n que &ldquo;a pesar de los actos de barbarie los compa\u00f1eros que nos apoyan no van a desanimarse ni a dejarse llevar por el miedo. La autoridad laboral tiene la OBLIGACION YA&nbsp; de convocar el recuento de la titularidad del contrato colectivo<\/p><p>STUHM llama a todas las organizaciones sindicales, sociales, y a la ciudadan\u00eda a mantenerse alerta, informada y a manifestar su solidaridad con la lucha del STUHM, &ldquo;porque no nos vamos a dejar vencer&rdquo;.<\/p><p>IndustriALL Global Union repudia que luego del fallo del tribunal que ampara al STUHM, <a href=\"http:\/\/www.industriall-union.org\/es\/triunfo-legal-para-el-stuhm-y-para-el-sindicalismo-independiente-en-mexico\">http:\/\/www.industriall-union.org\/es\/triunfo-legal-para-el-stuhm-y-para-el-sindicalismo-independiente-en-mexico<\/a> se den este tipo de intimidaciones. Y una vez m\u00e1s llama a las autoridades y a la empresa a respetar el derecho de los trabajadores a pertenecer a la organizaci\u00f3n sindical de su preferencia.<\/p>","protected":false},"featured_media":0,"template":"","issues":[424,425],"companies":[69],"regions":[275],"sectors":[482],"article_tags":[],"class_list":["post-172524","article","type-article","status-publish","hentry","issues-violation","issues-workers-rights","companies-honda","regions-mexico","sectors-automotive"],"acf":[],"yoast_head":"<!-- This site is optimized with the Yoast SEO Premium plugin v27.1 (Yoast SEO v27.1) - https:\/\/yoast.com\/product\/yoast-seo-premium-wordpress\/ -->\n<title>\u00a1Basta de la persecuci\u00f3n sindical con los compa\u00f1eros de Honda M\u00e9xico! - industriall-union<\/title>\n<meta name=\"description\" content=\"La intimidaci\u00f3n se produjo luego que el tribunal concediera el amparo al STUHM, &nbsp;y los dirigentes informaban acerca de la resoluci\u00f3n judicial fuera\" \/>\n<meta name=\"robots\" content=\"index, follow, max-snippet:-1, max-image-preview:large, max-video-preview:-1\" \/>\n<link rel=\"canonical\" href=\"https:\/\/admin.industriall-union.org\/es\/basta-de-la-persecucion-sindical-con-los-companeros-de-honda-mexico\/\" \/>\n<meta property=\"og:locale\" content=\"es_ES\" \/>\n<meta property=\"og:type\" content=\"article\" \/>\n<meta property=\"og:title\" content=\"\u00a1Basta de la persecuci\u00f3n sindical con los compa\u00f1eros de Honda M\u00e9xico!\" \/>\n<meta property=\"og:description\" content=\"La intimidaci\u00f3n se produjo luego que el tribunal concediera el amparo al STUHM, &nbsp;y los dirigentes informaban acerca de la resoluci\u00f3n judicial fuera\" \/>\n<meta property=\"og:url\" content=\"https:\/\/admin.industriall-union.org\/es\/basta-de-la-persecucion-sindical-con-los-companeros-de-honda-mexico\/\" \/>\n<meta property=\"og:site_name\" content=\"industriall-union\" \/>\n<meta property=\"article:modified_time\" content=\"2025-02-08T04:38:57+00:00\" \/>\n<meta name=\"twitter:card\" content=\"summary_large_image\" \/>\n<meta name=\"twitter:label1\" content=\"Est. reading time\" \/>\n\t<meta name=\"twitter:data1\" content=\"2 minutes\" \/>\n<script type=\"application\/ld+json\" class=\"yoast-schema-graph\">{\"@context\":\"https:\/\/schema.org\",\"@graph\":[{\"@type\":\"WebPage\",\"@id\":\"https:\/\/admin.industriall-union.org\/es\/basta-de-la-persecucion-sindical-con-los-companeros-de-honda-mexico\/\",\"url\":\"https:\/\/admin.industriall-union.org\/es\/basta-de-la-persecucion-sindical-con-los-companeros-de-honda-mexico\/\",\"name\":\"\u00a1Basta de la persecuci\u00f3n sindical con los compa\u00f1eros de Honda M\u00e9xico! - industriall-union\",\"isPartOf\":{\"@id\":\"https:\/\/admin.industriall-union.org\/#website\"},\"datePublished\":\"2014-02-11T09:13:22+00:00\",\"dateModified\":\"2025-02-08T04:38:57+00:00\",\"description\":\"La intimidaci\u00f3n se produjo luego que el tribunal concediera el amparo al STUHM, &nbsp;y los dirigentes informaban acerca de la resoluci\u00f3n judicial fuera\",\"breadcrumb\":{\"@id\":\"https:\/\/admin.industriall-union.org\/es\/basta-de-la-persecucion-sindical-con-los-companeros-de-honda-mexico\/#breadcrumb\"},\"inLanguage\":\"es-ES\",\"potentialAction\":[{\"@type\":\"ReadAction\",\"target\":[\"https:\/\/admin.industriall-union.org\/es\/basta-de-la-persecucion-sindical-con-los-companeros-de-honda-mexico\/\"]}]},{\"@type\":\"BreadcrumbList\",\"@id\":\"https:\/\/admin.industriall-union.org\/es\/basta-de-la-persecucion-sindical-con-los-companeros-de-honda-mexico\/#breadcrumb\",\"itemListElement\":[{\"@type\":\"ListItem\",\"position\":1,\"name\":\"Home\",\"item\":\"https:\/\/admin.industriall-union.org\/\"},{\"@type\":\"ListItem\",\"position\":2,\"name\":\"Articles\",\"item\":\"https:\/\/admin.industriall-union.org\/article\/\"},{\"@type\":\"ListItem\",\"position\":3,\"name\":\"\u00a1Basta de la persecuci\u00f3n sindical con los compa\u00f1eros de Honda M\u00e9xico!\"}]},{\"@type\":\"WebSite\",\"@id\":\"https:\/\/admin.industriall-union.org\/#website\",\"url\":\"https:\/\/admin.industriall-union.org\/\",\"name\":\"industriall-union\",\"description\":\"\",\"potentialAction\":[{\"@type\":\"SearchAction\",\"target\":{\"@type\":\"EntryPoint\",\"urlTemplate\":\"https:\/\/admin.industriall-union.org\/?s={search_term_string}\"},\"query-input\":{\"@type\":\"PropertyValueSpecification\",\"valueRequired\":true,\"valueName\":\"search_term_string\"}}],\"inLanguage\":\"es-ES\"}]}<\/script>\n<!-- \/ Yoast SEO Premium plugin. -->","yoast_head_json":{"title":"\u00a1Basta de la persecuci\u00f3n sindical con los compa\u00f1eros de Honda M\u00e9xico! - industriall-union","description":"La intimidaci\u00f3n se produjo luego que el tribunal concediera el amparo al STUHM, &nbsp;y los dirigentes informaban acerca de la resoluci\u00f3n judicial fuera","robots":{"index":"index","follow":"follow","max-snippet":"max-snippet:-1","max-image-preview":"max-image-preview:large","max-video-preview":"max-video-preview:-1"},"canonical":"https:\/\/admin.industriall-union.org\/es\/basta-de-la-persecucion-sindical-con-los-companeros-de-honda-mexico\/","og_locale":"es_ES","og_type":"article","og_title":"\u00a1Basta de la persecuci\u00f3n sindical con los compa\u00f1eros de Honda M\u00e9xico!","og_description":"La intimidaci\u00f3n se produjo luego que el tribunal concediera el amparo al STUHM, &nbsp;y los dirigentes informaban acerca de la resoluci\u00f3n judicial fuera","og_url":"https:\/\/admin.industriall-union.org\/es\/basta-de-la-persecucion-sindical-con-los-companeros-de-honda-mexico\/","og_site_name":"industriall-union","article_modified_time":"2025-02-08T04:38:57+00:00","twitter_card":"summary_large_image","twitter_misc":{"Est. reading time":"2 minutes"},"schema":{"@context":"https:\/\/schema.org","@graph":[{"@type":"WebPage","@id":"https:\/\/admin.industriall-union.org\/es\/basta-de-la-persecucion-sindical-con-los-companeros-de-honda-mexico\/","url":"https:\/\/admin.industriall-union.org\/es\/basta-de-la-persecucion-sindical-con-los-companeros-de-honda-mexico\/","name":"\u00a1Basta de la persecuci\u00f3n sindical con los compa\u00f1eros de Honda M\u00e9xico! - industriall-union","isPartOf":{"@id":"https:\/\/admin.industriall-union.org\/#website"},"datePublished":"2014-02-11T09:13:22+00:00","dateModified":"2025-02-08T04:38:57+00:00","description":"La intimidaci\u00f3n se produjo luego que el tribunal concediera el amparo al STUHM, &nbsp;y los dirigentes informaban acerca de la resoluci\u00f3n judicial fuera","breadcrumb":{"@id":"https:\/\/admin.industriall-union.org\/es\/basta-de-la-persecucion-sindical-con-los-companeros-de-honda-mexico\/#breadcrumb"},"inLanguage":"es-ES","potentialAction":[{"@type":"ReadAction","target":["https:\/\/admin.industriall-union.org\/es\/basta-de-la-persecucion-sindical-con-los-companeros-de-honda-mexico\/"]}]},{"@type":"BreadcrumbList","@id":"https:\/\/admin.industriall-union.org\/es\/basta-de-la-persecucion-sindical-con-los-companeros-de-honda-mexico\/#breadcrumb","itemListElement":[{"@type":"ListItem","position":1,"name":"Home","item":"https:\/\/admin.industriall-union.org\/"},{"@type":"ListItem","position":2,"name":"Articles","item":"https:\/\/admin.industriall-union.org\/article\/"},{"@type":"ListItem","position":3,"name":"\u00a1Basta de la persecuci\u00f3n sindical con los compa\u00f1eros de Honda M\u00e9xico!"}]},{"@type":"WebSite","@id":"https:\/\/admin.industriall-union.org\/#website","url":"https:\/\/admin.industriall-union.org\/","name":"industriall-union","description":"","potentialAction":[{"@type":"SearchAction","target":{"@type":"EntryPoint","urlTemplate":"https:\/\/admin.industriall-union.org\/?s={search_term_string}"},"query-input":{"@type":"PropertyValueSpecification","valueRequired":true,"valueName":"search_term_string"}}],"inLanguage":"es-ES"}]}},"_links":{"self":[{"href":"https:\/\/admin.industriall-union.org\/es\/wp-json\/wp\/v2\/article\/172524","targetHints":{"allow":["GET"]}}],"collection":[{"href":"https:\/\/admin.industriall-union.org\/es\/wp-json\/wp\/v2\/article"}],"about":[{"href":"https:\/\/admin.industriall-union.org\/es\/wp-json\/wp\/v2\/types\/article"}],"wp:attachment":[{"href":"https:\/\/admin.industriall-union.org\/es\/wp-json\/wp\/v2\/media?parent=172524"}],"wp:term":[{"taxonomy":"issues","embeddable":true,"href":"https:\/\/admin.industriall-union.org\/es\/wp-json\/wp\/v2\/issues?post=172524"},{"taxonomy":"companies","embeddable":true,"href":"https:\/\/admin.industriall-union.org\/es\/wp-json\/wp\/v2\/companies?post=172524"},{"taxonomy":"regions","embeddable":true,"href":"https:\/\/admin.industriall-union.org\/es\/wp-json\/wp\/v2\/regions?post=172524"},{"taxonomy":"sectors","embeddable":true,"href":"https:\/\/admin.industriall-union.org\/es\/wp-json\/wp\/v2\/sectors?post=172524"},{"taxonomy":"article_tags","embeddable":true,"href":"https:\/\/admin.industriall-union.org\/es\/wp-json\/wp\/v2\/article_tags?post=172524"}],"curies":[{"name":"wp","href":"https:\/\/api.w.org\/{rel}","templated":true}]}}