{"id":172502,"date":"2014-02-17T09:55:07","date_gmt":"2014-02-17T09:55:07","guid":{"rendered":"https:\/\/admin.industriall-union.org\/creacion-del-consejo-nacional-de-la-industriall-en-la-republica-dominicana\/"},"modified":"2025-02-08T04:23:58","modified_gmt":"2025-02-08T04:23:58","slug":"creacion-del-consejo-nacional-de-la-industriall-en-la-republica-dominicana","status":"publish","type":"article","link":"https:\/\/admin.industriall-union.org\/es\/creacion-del-consejo-nacional-de-la-industriall-en-la-republica-dominicana\/","title":{"rendered":"Creaci\u00f3n del Consejo Nacional de la IndustriALL en la Rep\u00fablica Dominicana"},"content":{"rendered":"<p>En una reuni\u00f3n celebrada el 13 y el 14 de febrero y facilitada por Jorge Almeida y Laura Carter, de la oficina regional de la IndustriALL, los l\u00edderes sindicales convinieron en el funcionamiento del Consejo Nacional, y en su mandato. El Consejo Nacional se basa en la coordinaci\u00f3n flexible que exist\u00eda anteriormente entre los afiliados del pa\u00eds.<\/p><p>El Consejo Nacional ser\u00e1 un foro en el que los afiliados coordinar\u00e1n sus respectivos planes de acci\u00f3n, organizar\u00e1n actividades conjuntas y acciones de solidaridad, fomentar\u00e1n la unidad y facilitar\u00e1n su participaci\u00f3n en la IndustriALL.<\/p><p>Los afiliados acordaron, en principio, una serie de reglas b\u00e1sicas para crear unidad y fuerza desde la base, y formalizar\u00e1n el acuerdo previa consulta con sus respectivos centros nacionales. Tambi\u00e9n convinieron en un mecanismo de soluci\u00f3n de controversias para resolver varios conflictos laborales existentes entre sindicatos.<\/p><p>Los afiliados reiteraron su compromiso con los Estatutos y el Plan de Acci\u00f3n de la IndustriALL, e intercambiaron ideas sobre la manera de crear fuerza sindical en sus sectores.<\/p>","protected":false},"featured_media":0,"template":"","issues":[396],"companies":[],"regions":[267],"sectors":[],"article_tags":[],"class_list":["post-172502","article","type-article","status-publish","hentry","issues-building-strong-unions","regions-dominican-republic"],"acf":[],"yoast_head":"<!-- This site is optimized with the Yoast SEO Premium plugin v27.1 (Yoast SEO v27.1) - https:\/\/yoast.com\/product\/yoast-seo-premium-wordpress\/ -->\n<title>Creaci\u00f3n del Consejo Nacional de la IndustriALL en la Rep\u00fablica Dominicana - industriall-union<\/title>\n<meta name=\"description\" content=\"En una reuni\u00f3n celebrada el 13 y el 14 de febrero y facilitada por Jorge Almeida y Laura Carter, de la oficina regional de la IndustriALL, los l\u00edderes\" \/>\n<meta name=\"robots\" content=\"index, follow, max-snippet:-1, max-image-preview:large, max-video-preview:-1\" \/>\n<link rel=\"canonical\" href=\"https:\/\/admin.industriall-union.org\/es\/creacion-del-consejo-nacional-de-la-industriall-en-la-republica-dominicana\/\" \/>\n<meta property=\"og:locale\" content=\"es_ES\" \/>\n<meta property=\"og:type\" content=\"article\" \/>\n<meta property=\"og:title\" content=\"Creaci\u00f3n del Consejo Nacional de la IndustriALL en la Rep\u00fablica Dominicana\" \/>\n<meta property=\"og:description\" content=\"En una reuni\u00f3n celebrada el 13 y el 14 de febrero y facilitada por Jorge Almeida y Laura Carter, de la oficina regional de la IndustriALL, los l\u00edderes\" \/>\n<meta property=\"og:url\" content=\"https:\/\/admin.industriall-union.org\/es\/creacion-del-consejo-nacional-de-la-industriall-en-la-republica-dominicana\/\" \/>\n<meta property=\"og:site_name\" content=\"industriall-union\" \/>\n<meta property=\"article:modified_time\" content=\"2025-02-08T04:23:58+00:00\" \/>\n<meta name=\"twitter:card\" content=\"summary_large_image\" \/>\n<meta name=\"twitter:label1\" content=\"Est. reading time\" \/>\n\t<meta name=\"twitter:data1\" content=\"1 minute\" \/>\n<script type=\"application\/ld+json\" class=\"yoast-schema-graph\">{\"@context\":\"https:\/\/schema.org\",\"@graph\":[{\"@type\":\"WebPage\",\"@id\":\"https:\/\/admin.industriall-union.org\/es\/creacion-del-consejo-nacional-de-la-industriall-en-la-republica-dominicana\/\",\"url\":\"https:\/\/admin.industriall-union.org\/es\/creacion-del-consejo-nacional-de-la-industriall-en-la-republica-dominicana\/\",\"name\":\"Creaci\u00f3n del Consejo Nacional de la IndustriALL en la Rep\u00fablica Dominicana - industriall-union\",\"isPartOf\":{\"@id\":\"https:\/\/admin.industriall-union.org\/#website\"},\"datePublished\":\"2014-02-17T09:55:07+00:00\",\"dateModified\":\"2025-02-08T04:23:58+00:00\",\"description\":\"En una reuni\u00f3n celebrada el 13 y el 14 de febrero y facilitada por Jorge Almeida y Laura Carter, de la oficina regional de la IndustriALL, los l\u00edderes\",\"breadcrumb\":{\"@id\":\"https:\/\/admin.industriall-union.org\/es\/creacion-del-consejo-nacional-de-la-industriall-en-la-republica-dominicana\/#breadcrumb\"},\"inLanguage\":\"es-ES\",\"potentialAction\":[{\"@type\":\"ReadAction\",\"target\":[\"https:\/\/admin.industriall-union.org\/es\/creacion-del-consejo-nacional-de-la-industriall-en-la-republica-dominicana\/\"]}]},{\"@type\":\"BreadcrumbList\",\"@id\":\"https:\/\/admin.industriall-union.org\/es\/creacion-del-consejo-nacional-de-la-industriall-en-la-republica-dominicana\/#breadcrumb\",\"itemListElement\":[{\"@type\":\"ListItem\",\"position\":1,\"name\":\"Home\",\"item\":\"https:\/\/admin.industriall-union.org\/\"},{\"@type\":\"ListItem\",\"position\":2,\"name\":\"Articles\",\"item\":\"https:\/\/admin.industriall-union.org\/article\/\"},{\"@type\":\"ListItem\",\"position\":3,\"name\":\"Creaci\u00f3n del Consejo Nacional de la IndustriALL en la Rep\u00fablica Dominicana\"}]},{\"@type\":\"WebSite\",\"@id\":\"https:\/\/admin.industriall-union.org\/#website\",\"url\":\"https:\/\/admin.industriall-union.org\/\",\"name\":\"industriall-union\",\"description\":\"\",\"potentialAction\":[{\"@type\":\"SearchAction\",\"target\":{\"@type\":\"EntryPoint\",\"urlTemplate\":\"https:\/\/admin.industriall-union.org\/?s={search_term_string}\"},\"query-input\":{\"@type\":\"PropertyValueSpecification\",\"valueRequired\":true,\"valueName\":\"search_term_string\"}}],\"inLanguage\":\"es-ES\"}]}<\/script>\n<!-- \/ Yoast SEO Premium plugin. -->","yoast_head_json":{"title":"Creaci\u00f3n del Consejo Nacional de la IndustriALL en la Rep\u00fablica Dominicana - industriall-union","description":"En una reuni\u00f3n celebrada el 13 y el 14 de febrero y facilitada por Jorge Almeida y Laura Carter, de la oficina regional de la IndustriALL, los l\u00edderes","robots":{"index":"index","follow":"follow","max-snippet":"max-snippet:-1","max-image-preview":"max-image-preview:large","max-video-preview":"max-video-preview:-1"},"canonical":"https:\/\/admin.industriall-union.org\/es\/creacion-del-consejo-nacional-de-la-industriall-en-la-republica-dominicana\/","og_locale":"es_ES","og_type":"article","og_title":"Creaci\u00f3n del Consejo Nacional de la IndustriALL en la Rep\u00fablica Dominicana","og_description":"En una reuni\u00f3n celebrada el 13 y el 14 de febrero y facilitada por Jorge Almeida y Laura Carter, de la oficina regional de la IndustriALL, los l\u00edderes","og_url":"https:\/\/admin.industriall-union.org\/es\/creacion-del-consejo-nacional-de-la-industriall-en-la-republica-dominicana\/","og_site_name":"industriall-union","article_modified_time":"2025-02-08T04:23:58+00:00","twitter_card":"summary_large_image","twitter_misc":{"Est. reading time":"1 minute"},"schema":{"@context":"https:\/\/schema.org","@graph":[{"@type":"WebPage","@id":"https:\/\/admin.industriall-union.org\/es\/creacion-del-consejo-nacional-de-la-industriall-en-la-republica-dominicana\/","url":"https:\/\/admin.industriall-union.org\/es\/creacion-del-consejo-nacional-de-la-industriall-en-la-republica-dominicana\/","name":"Creaci\u00f3n del Consejo Nacional de la IndustriALL en la Rep\u00fablica Dominicana - industriall-union","isPartOf":{"@id":"https:\/\/admin.industriall-union.org\/#website"},"datePublished":"2014-02-17T09:55:07+00:00","dateModified":"2025-02-08T04:23:58+00:00","description":"En una reuni\u00f3n celebrada el 13 y el 14 de febrero y facilitada por Jorge Almeida y Laura Carter, de la oficina regional de la IndustriALL, los l\u00edderes","breadcrumb":{"@id":"https:\/\/admin.industriall-union.org\/es\/creacion-del-consejo-nacional-de-la-industriall-en-la-republica-dominicana\/#breadcrumb"},"inLanguage":"es-ES","potentialAction":[{"@type":"ReadAction","target":["https:\/\/admin.industriall-union.org\/es\/creacion-del-consejo-nacional-de-la-industriall-en-la-republica-dominicana\/"]}]},{"@type":"BreadcrumbList","@id":"https:\/\/admin.industriall-union.org\/es\/creacion-del-consejo-nacional-de-la-industriall-en-la-republica-dominicana\/#breadcrumb","itemListElement":[{"@type":"ListItem","position":1,"name":"Home","item":"https:\/\/admin.industriall-union.org\/"},{"@type":"ListItem","position":2,"name":"Articles","item":"https:\/\/admin.industriall-union.org\/article\/"},{"@type":"ListItem","position":3,"name":"Creaci\u00f3n del Consejo Nacional de la IndustriALL en la Rep\u00fablica Dominicana"}]},{"@type":"WebSite","@id":"https:\/\/admin.industriall-union.org\/#website","url":"https:\/\/admin.industriall-union.org\/","name":"industriall-union","description":"","potentialAction":[{"@type":"SearchAction","target":{"@type":"EntryPoint","urlTemplate":"https:\/\/admin.industriall-union.org\/?s={search_term_string}"},"query-input":{"@type":"PropertyValueSpecification","valueRequired":true,"valueName":"search_term_string"}}],"inLanguage":"es-ES"}]}},"_links":{"self":[{"href":"https:\/\/admin.industriall-union.org\/es\/wp-json\/wp\/v2\/article\/172502","targetHints":{"allow":["GET"]}}],"collection":[{"href":"https:\/\/admin.industriall-union.org\/es\/wp-json\/wp\/v2\/article"}],"about":[{"href":"https:\/\/admin.industriall-union.org\/es\/wp-json\/wp\/v2\/types\/article"}],"wp:attachment":[{"href":"https:\/\/admin.industriall-union.org\/es\/wp-json\/wp\/v2\/media?parent=172502"}],"wp:term":[{"taxonomy":"issues","embeddable":true,"href":"https:\/\/admin.industriall-union.org\/es\/wp-json\/wp\/v2\/issues?post=172502"},{"taxonomy":"companies","embeddable":true,"href":"https:\/\/admin.industriall-union.org\/es\/wp-json\/wp\/v2\/companies?post=172502"},{"taxonomy":"regions","embeddable":true,"href":"https:\/\/admin.industriall-union.org\/es\/wp-json\/wp\/v2\/regions?post=172502"},{"taxonomy":"sectors","embeddable":true,"href":"https:\/\/admin.industriall-union.org\/es\/wp-json\/wp\/v2\/sectors?post=172502"},{"taxonomy":"article_tags","embeddable":true,"href":"https:\/\/admin.industriall-union.org\/es\/wp-json\/wp\/v2\/article_tags?post=172502"}],"curies":[{"name":"wp","href":"https:\/\/api.w.org\/{rel}","templated":true}]}}