{"id":172498,"date":"2014-02-17T13:17:20","date_gmt":"2014-02-17T13:17:20","guid":{"rendered":"https:\/\/admin.industriall-union.org\/industriall-solidariza-con-los-sindicatos-de-bosnia-herzegovina\/"},"modified":"2025-02-08T04:15:42","modified_gmt":"2025-02-08T04:15:42","slug":"industriall-solidariza-con-los-sindicatos-de-bosnia-herzegovina","status":"publish","type":"article","link":"https:\/\/admin.industriall-union.org\/es\/industriall-solidariza-con-los-sindicatos-de-bosnia-herzegovina\/","title":{"rendered":"IndustriALL solidariza con los sindicatos de Bosnia-Herzegovina"},"content":{"rendered":"<p>IndustriALL Global Union tambi\u00e9n saluda a los valientes trabajadores industriales que iniciaron las protestas sociales que se registraron este mes en varias empresas del Cant\u00f3n de Tuzla, cuyas compa\u00f1\u00edas anteriormente eran muy pr\u00f3speras. IndustriALL <a href=\"\/wp-content\/uploads\/documents\/Jyrki_Letters\/industriall_letter_to_bosnian_afiliates_17.-02-2014.pdf\">espera que todos los sindicatos de Bosnia-Herzegovina sigan este ejemplo<\/a>, realizando protestas pac\u00edficas con el fin de reformular el modelo social de ese pa\u00eds balc\u00e1nico.&nbsp;<\/p><p>&ldquo;Las protestas que han comenzado en diferentes partes de Bosnia-Herzegovina tienen su origen en la indignaci\u00f3n del pueblo por el hambre y la pobreza que sufre, que son consecuencia de la p\u00e9rdida de puestos de trabajo, sueldos sin pagar, y de una nueva generaci\u00f3n de j\u00f3venes trabajadores sin oportunidades.&rdquo; \u00c9stas fueron palabras de Jyrki Raina, Secretario General de IndustriALL. &ldquo;Es muy positivo,&rdquo; continu\u00f3 diciendo, &ldquo;que los sindicatos del pa\u00eds promuevan protestas abiertas y pac\u00edficas contra el dumping social, la falta de representaci\u00f3n, y por el aumento de la desigualdad social.&rdquo;<\/p><p>En la actualidad, en Bosnia-Herzegovina, con una poblaci\u00f3n de 3,8 millones, uno de cada cinco ciudadanos vive en la pobreza. Cuenta con una tasa de desempleo de m\u00e1s del 40 %, y la tasa de desempleo juvenil es peor todav\u00eda: alcanza a un 57%. IndustriALL culpa de esta situaci\u00f3n a la privatizaci\u00f3n promovida, desde hace 15 a\u00f1os, por el sistema neoliberal aplicado a la industria, creando una peligrosa clase de especuladores que confabularon con funcionarios del gobierno para reducir la plantilla de trabajadores en las plantas industriales, clausurando f\u00e1bricas y quitando el activo de las industrias, dejando una estela de pobreza y desempleo.<\/p><p>IndustriALL Global Union ha observado con satisfacci\u00f3n las espont\u00e1neas protestas sociales que se han producido en toda Bosnia-Herzegovina, gracias en gran medida al est\u00edmulo de los medios sociales. IndustriALL hace un llamado para que se unan los ciudadanos de todos los grupos \u00e9tnicos para crear una sociedad basada en la equidad, justicia, e inclusividad para todos.<\/p><p>IndustriALL Global Union felicita a los trabajadores industriales de \u00e9stas y otras empresas que han seguido la fallida senda del neoliberalismo en el Cant\u00f3n de Tuzla, por haber infundido nuevas esperanzas a los trabajadores de Bosnia-Herzegovina y de otros pa\u00edses, protestando p\u00fablicamente para exigir cambios. \u00c9stos son los trabajadores de la empresa Dita, fabricante de jab\u00f3n y detergente; de Polihem D.D. y de Polichem D.D.O., empresas de productos qu\u00edmicos; de Resod Guming, empresa que hace piezas para autom\u00f3viles; y de Koinjuh D.D., donde se produce mobiliario escolar.<\/p>","protected":false},"featured_media":0,"template":"","issues":[412,420],"companies":[],"regions":[209],"sectors":[],"article_tags":[527],"class_list":["post-172498","article","type-article","status-publish","hentry","issues-social-justice-and-globalization","issues-solidarity","regions-bosnia-herzegovina","article_tags-social-protection"],"acf":[],"yoast_head":"<!-- This site is optimized with the Yoast SEO Premium plugin v27.1 (Yoast SEO v27.1) - https:\/\/yoast.com\/product\/yoast-seo-premium-wordpress\/ -->\n<title>IndustriALL solidariza con los sindicatos de Bosnia-Herzegovina - industriall-union<\/title>\n<meta name=\"description\" content=\"IndustriALL Global Union tambi\u00e9n saluda a los valientes trabajadores industriales que iniciaron las protestas sociales que se registraron este mes en\" \/>\n<meta name=\"robots\" content=\"index, follow, max-snippet:-1, max-image-preview:large, max-video-preview:-1\" \/>\n<link rel=\"canonical\" href=\"https:\/\/admin.industriall-union.org\/es\/industriall-solidariza-con-los-sindicatos-de-bosnia-herzegovina\/\" \/>\n<meta property=\"og:locale\" content=\"es_ES\" \/>\n<meta property=\"og:type\" content=\"article\" \/>\n<meta property=\"og:title\" content=\"IndustriALL solidariza con los sindicatos de Bosnia-Herzegovina\" \/>\n<meta property=\"og:description\" content=\"IndustriALL Global Union tambi\u00e9n saluda a los valientes trabajadores industriales que iniciaron las protestas sociales que se registraron este mes en\" \/>\n<meta property=\"og:url\" content=\"https:\/\/admin.industriall-union.org\/es\/industriall-solidariza-con-los-sindicatos-de-bosnia-herzegovina\/\" \/>\n<meta property=\"og:site_name\" content=\"industriall-union\" \/>\n<meta property=\"article:modified_time\" content=\"2025-02-08T04:15:42+00:00\" \/>\n<meta name=\"twitter:card\" content=\"summary_large_image\" \/>\n<meta name=\"twitter:label1\" content=\"Est. reading time\" \/>\n\t<meta name=\"twitter:data1\" content=\"2 minutes\" \/>\n<script type=\"application\/ld+json\" class=\"yoast-schema-graph\">{\"@context\":\"https:\/\/schema.org\",\"@graph\":[{\"@type\":\"WebPage\",\"@id\":\"https:\/\/admin.industriall-union.org\/es\/industriall-solidariza-con-los-sindicatos-de-bosnia-herzegovina\/\",\"url\":\"https:\/\/admin.industriall-union.org\/es\/industriall-solidariza-con-los-sindicatos-de-bosnia-herzegovina\/\",\"name\":\"IndustriALL solidariza con los sindicatos de Bosnia-Herzegovina - industriall-union\",\"isPartOf\":{\"@id\":\"https:\/\/admin.industriall-union.org\/#website\"},\"datePublished\":\"2014-02-17T13:17:20+00:00\",\"dateModified\":\"2025-02-08T04:15:42+00:00\",\"description\":\"IndustriALL Global Union tambi\u00e9n saluda a los valientes trabajadores industriales que iniciaron las protestas sociales que se registraron este mes en\",\"breadcrumb\":{\"@id\":\"https:\/\/admin.industriall-union.org\/es\/industriall-solidariza-con-los-sindicatos-de-bosnia-herzegovina\/#breadcrumb\"},\"inLanguage\":\"es-ES\",\"potentialAction\":[{\"@type\":\"ReadAction\",\"target\":[\"https:\/\/admin.industriall-union.org\/es\/industriall-solidariza-con-los-sindicatos-de-bosnia-herzegovina\/\"]}]},{\"@type\":\"BreadcrumbList\",\"@id\":\"https:\/\/admin.industriall-union.org\/es\/industriall-solidariza-con-los-sindicatos-de-bosnia-herzegovina\/#breadcrumb\",\"itemListElement\":[{\"@type\":\"ListItem\",\"position\":1,\"name\":\"Home\",\"item\":\"https:\/\/admin.industriall-union.org\/\"},{\"@type\":\"ListItem\",\"position\":2,\"name\":\"Articles\",\"item\":\"https:\/\/admin.industriall-union.org\/article\/\"},{\"@type\":\"ListItem\",\"position\":3,\"name\":\"IndustriALL solidariza con los sindicatos de Bosnia-Herzegovina\"}]},{\"@type\":\"WebSite\",\"@id\":\"https:\/\/admin.industriall-union.org\/#website\",\"url\":\"https:\/\/admin.industriall-union.org\/\",\"name\":\"industriall-union\",\"description\":\"\",\"potentialAction\":[{\"@type\":\"SearchAction\",\"target\":{\"@type\":\"EntryPoint\",\"urlTemplate\":\"https:\/\/admin.industriall-union.org\/?s={search_term_string}\"},\"query-input\":{\"@type\":\"PropertyValueSpecification\",\"valueRequired\":true,\"valueName\":\"search_term_string\"}}],\"inLanguage\":\"es-ES\"}]}<\/script>\n<!-- \/ Yoast SEO Premium plugin. -->","yoast_head_json":{"title":"IndustriALL solidariza con los sindicatos de Bosnia-Herzegovina - industriall-union","description":"IndustriALL Global Union tambi\u00e9n saluda a los valientes trabajadores industriales que iniciaron las protestas sociales que se registraron este mes en","robots":{"index":"index","follow":"follow","max-snippet":"max-snippet:-1","max-image-preview":"max-image-preview:large","max-video-preview":"max-video-preview:-1"},"canonical":"https:\/\/admin.industriall-union.org\/es\/industriall-solidariza-con-los-sindicatos-de-bosnia-herzegovina\/","og_locale":"es_ES","og_type":"article","og_title":"IndustriALL solidariza con los sindicatos de Bosnia-Herzegovina","og_description":"IndustriALL Global Union tambi\u00e9n saluda a los valientes trabajadores industriales que iniciaron las protestas sociales que se registraron este mes en","og_url":"https:\/\/admin.industriall-union.org\/es\/industriall-solidariza-con-los-sindicatos-de-bosnia-herzegovina\/","og_site_name":"industriall-union","article_modified_time":"2025-02-08T04:15:42+00:00","twitter_card":"summary_large_image","twitter_misc":{"Est. reading time":"2 minutes"},"schema":{"@context":"https:\/\/schema.org","@graph":[{"@type":"WebPage","@id":"https:\/\/admin.industriall-union.org\/es\/industriall-solidariza-con-los-sindicatos-de-bosnia-herzegovina\/","url":"https:\/\/admin.industriall-union.org\/es\/industriall-solidariza-con-los-sindicatos-de-bosnia-herzegovina\/","name":"IndustriALL solidariza con los sindicatos de Bosnia-Herzegovina - industriall-union","isPartOf":{"@id":"https:\/\/admin.industriall-union.org\/#website"},"datePublished":"2014-02-17T13:17:20+00:00","dateModified":"2025-02-08T04:15:42+00:00","description":"IndustriALL Global Union tambi\u00e9n saluda a los valientes trabajadores industriales que iniciaron las protestas sociales que se registraron este mes en","breadcrumb":{"@id":"https:\/\/admin.industriall-union.org\/es\/industriall-solidariza-con-los-sindicatos-de-bosnia-herzegovina\/#breadcrumb"},"inLanguage":"es-ES","potentialAction":[{"@type":"ReadAction","target":["https:\/\/admin.industriall-union.org\/es\/industriall-solidariza-con-los-sindicatos-de-bosnia-herzegovina\/"]}]},{"@type":"BreadcrumbList","@id":"https:\/\/admin.industriall-union.org\/es\/industriall-solidariza-con-los-sindicatos-de-bosnia-herzegovina\/#breadcrumb","itemListElement":[{"@type":"ListItem","position":1,"name":"Home","item":"https:\/\/admin.industriall-union.org\/"},{"@type":"ListItem","position":2,"name":"Articles","item":"https:\/\/admin.industriall-union.org\/article\/"},{"@type":"ListItem","position":3,"name":"IndustriALL solidariza con los sindicatos de Bosnia-Herzegovina"}]},{"@type":"WebSite","@id":"https:\/\/admin.industriall-union.org\/#website","url":"https:\/\/admin.industriall-union.org\/","name":"industriall-union","description":"","potentialAction":[{"@type":"SearchAction","target":{"@type":"EntryPoint","urlTemplate":"https:\/\/admin.industriall-union.org\/?s={search_term_string}"},"query-input":{"@type":"PropertyValueSpecification","valueRequired":true,"valueName":"search_term_string"}}],"inLanguage":"es-ES"}]}},"_links":{"self":[{"href":"https:\/\/admin.industriall-union.org\/es\/wp-json\/wp\/v2\/article\/172498","targetHints":{"allow":["GET"]}}],"collection":[{"href":"https:\/\/admin.industriall-union.org\/es\/wp-json\/wp\/v2\/article"}],"about":[{"href":"https:\/\/admin.industriall-union.org\/es\/wp-json\/wp\/v2\/types\/article"}],"wp:attachment":[{"href":"https:\/\/admin.industriall-union.org\/es\/wp-json\/wp\/v2\/media?parent=172498"}],"wp:term":[{"taxonomy":"issues","embeddable":true,"href":"https:\/\/admin.industriall-union.org\/es\/wp-json\/wp\/v2\/issues?post=172498"},{"taxonomy":"companies","embeddable":true,"href":"https:\/\/admin.industriall-union.org\/es\/wp-json\/wp\/v2\/companies?post=172498"},{"taxonomy":"regions","embeddable":true,"href":"https:\/\/admin.industriall-union.org\/es\/wp-json\/wp\/v2\/regions?post=172498"},{"taxonomy":"sectors","embeddable":true,"href":"https:\/\/admin.industriall-union.org\/es\/wp-json\/wp\/v2\/sectors?post=172498"},{"taxonomy":"article_tags","embeddable":true,"href":"https:\/\/admin.industriall-union.org\/es\/wp-json\/wp\/v2\/article_tags?post=172498"}],"curies":[{"name":"wp","href":"https:\/\/api.w.org\/{rel}","templated":true}]}}