{"id":172481,"date":"2014-02-21T15:47:20","date_gmt":"2014-02-21T15:47:20","guid":{"rendered":"https:\/\/admin.industriall-union.org\/ucrania-acuerdo-politico-debe-conducir-a-autentica-restitucion-de-la-democracia-y-derechos-humanos\/"},"modified":"2025-02-08T04:07:47","modified_gmt":"2025-02-08T04:07:47","slug":"ucrania-acuerdo-politico-debe-conducir-a-autentica-restitucion-de-la-democracia-y-derechos-humanos","status":"publish","type":"article","link":"https:\/\/admin.industriall-union.org\/es\/ucrania-acuerdo-politico-debe-conducir-a-autentica-restitucion-de-la-democracia-y-derechos-humanos\/","title":{"rendered":"Ucrania: Acuerdo pol\u00edtico debe conducir a aut\u00e9ntica restituci\u00f3n de la democracia y derechos humanos"},"content":{"rendered":"<p>A ra\u00edz de las negociaciones con los manifestantes, que se extendieron durante toda la noche, con la mediaci\u00f3n de tres ministros europeos de Asuntos Exteriores, el d\u00eda 21 de febrero el <a href=\"http:\/\/www.president.gov.ua\/en\/news\/30116.html\">Presidente acord\u00f3<\/a> reestablecer la Constituci\u00f3n de 2004 dentro de las pr\u00f3ximas 48 horas, y crear un gobierno de unidad nacional en los pr\u00f3ximos 10 d\u00edas.<\/p><p>Se iniciar\u00e1n inmediatamente reformas constitucionales para equilibrar el poder del presidente, el gobierno y el parlamento. Las elecciones presidenciales se llevar\u00e1n a cabo, a m\u00e1s tardar, en diciembre de 2014.<\/p><p>Kemal \u00d6zkan, Secretario General Adjunto de IndustriALL Global Union, se\u00f1al\u00f3 lo siguiente:<\/p><blockquote><p>Ucrania, su pueblo y sus sindicatos han sufrido mucho durante la terrible violencia desatada en los \u00faltimos d\u00edas. Esperamos que con este nuevo acuerdo pol\u00edtico, el gobierno ucraniano ponga fin de inmediato al derramamiento de sangre y centre todos sus esfuerzos en la restauraci\u00f3n de una aut\u00e9ntica democracia y de los derechos humanos, incluyendo un di\u00e1logo abierto con los grupos de oposici\u00f3n.<\/p><\/blockquote><p>Luc Triangle, Secretario General Adjunto de IndustriALL European Trade Union, dijo:<\/p><blockquote><p>Una cosa est\u00e1 clara, la protesta pac\u00edfica es parte de cualquier sociedad democr\u00e1tica. Ucrania debe establecer lo antes posible un acuerdo pol\u00edtico entre el actual Presidente, el gobierno y los manifestantes. &iexcl;Solidarizamos y apoyamos a Ucrania, su pueblo y sus trabajadores!<\/p><\/blockquote><p>Por otra parte, IndustriALL Global Union y la IndustriALL European Trade Union est\u00e1n indignados por la mort\u00edfera violencia que se ha desplegado contra los activistas en la plaza Maidan, en Kiev, y por el ataque incendiario que destruy\u00f3 gran parte de la central sindical Trade Union House en la noche del 18 de febrero.<\/p><p>El edificio de la central sindical albergaba las oficinas de la mayor\u00eda de los afiliados de IndustriALL. El incendio destruy\u00f3 importantes equipos, ordenadores y documentaci\u00f3n. Hay indicios que fue &ldquo;Berkut&rdquo;, unidad especial de la polic\u00eda de Ucrania, que deliberadamente destruy\u00f3 el edificio. Todo el mundo sab\u00eda que el edificio estaba siendo utilizado para dar refugio a los manifestantes.<\/p><p>Todo el mundo est\u00e1 viendo ahora c\u00f3mo se llevan los cad\u00e1veres de los manifestantes asesinados de la zona que rodea el Palacio de Octubre y la Plaza Maidan; algunos yac\u00edan inertes sobre la acera durante varias horas antes de ser retirados. La mayor\u00eda de los muertos fueron asesinados por disparos hechos por la polic\u00eda; incluso aquellos con chalecos antibalas fueron asesinados cuando la polic\u00eda dispar\u00f3 balas perforantes de blindaje.<\/p><p>Otros peligros mortales que enfrentan los manifestantes son los francotiradores de la polic\u00eda apostados en los tejados de los edificios alrededor de la plaza Maidan, y matones contratados, conocidos como &quot;titusky&quot;, que se dice son pagados por el gobierno. La estaci\u00f3n de metro Arsenalna es un lugar de reuni\u00f3n de las fuerzas progubernamentales, y los manifestantes temen que venga otro ataque de esa zona.<\/p><p>Disturbios civiles semejantes se han visto en toda Ucrania, con multitudes enfurecidas que dirigen su indignaci\u00f3n contra los edificios de gobierno y donde se albergan las fuerzas de seguridad de mano terriblemente dura.<\/p>","protected":false},"featured_media":0,"template":"","issues":[422],"companies":[],"regions":[252],"sectors":[],"article_tags":[],"class_list":["post-172481","article","type-article","status-publish","hentry","issues-human-trade-union-rights","regions-ukraine"],"acf":[],"yoast_head":"<!-- This site is optimized with the Yoast SEO Premium plugin v27.1 (Yoast SEO v27.1) - https:\/\/yoast.com\/product\/yoast-seo-premium-wordpress\/ -->\n<title>Ucrania: Acuerdo pol\u00edtico debe conducir a aut\u00e9ntica restituci\u00f3n de la democracia y derechos humanos - industriall-union<\/title>\n<meta name=\"description\" content=\"A ra\u00edz de las negociaciones con los manifestantes, que se extendieron durante toda la noche, con la mediaci\u00f3n de tres ministros europeos de Asuntos\" \/>\n<meta name=\"robots\" content=\"index, follow, max-snippet:-1, max-image-preview:large, max-video-preview:-1\" \/>\n<link rel=\"canonical\" href=\"https:\/\/admin.industriall-union.org\/es\/ucrania-acuerdo-politico-debe-conducir-a-autentica-restitucion-de-la-democracia-y-derechos-humanos\/\" \/>\n<meta property=\"og:locale\" content=\"es_ES\" \/>\n<meta property=\"og:type\" content=\"article\" \/>\n<meta property=\"og:title\" content=\"Ucrania: Acuerdo pol\u00edtico debe conducir a aut\u00e9ntica restituci\u00f3n de la democracia y derechos humanos\" \/>\n<meta property=\"og:description\" content=\"A ra\u00edz de las negociaciones con los manifestantes, que se extendieron durante toda la noche, con la mediaci\u00f3n de tres ministros europeos de Asuntos\" \/>\n<meta property=\"og:url\" content=\"https:\/\/admin.industriall-union.org\/es\/ucrania-acuerdo-politico-debe-conducir-a-autentica-restitucion-de-la-democracia-y-derechos-humanos\/\" \/>\n<meta property=\"og:site_name\" content=\"industriall-union\" \/>\n<meta property=\"article:modified_time\" content=\"2025-02-08T04:07:47+00:00\" \/>\n<meta name=\"twitter:card\" content=\"summary_large_image\" \/>\n<meta name=\"twitter:label1\" content=\"Est. reading time\" \/>\n\t<meta name=\"twitter:data1\" content=\"3 minutes\" \/>\n<script type=\"application\/ld+json\" class=\"yoast-schema-graph\">{\"@context\":\"https:\/\/schema.org\",\"@graph\":[{\"@type\":\"WebPage\",\"@id\":\"https:\/\/admin.industriall-union.org\/es\/ucrania-acuerdo-politico-debe-conducir-a-autentica-restitucion-de-la-democracia-y-derechos-humanos\/\",\"url\":\"https:\/\/admin.industriall-union.org\/es\/ucrania-acuerdo-politico-debe-conducir-a-autentica-restitucion-de-la-democracia-y-derechos-humanos\/\",\"name\":\"Ucrania: Acuerdo pol\u00edtico debe conducir a aut\u00e9ntica restituci\u00f3n de la democracia y derechos humanos - industriall-union\",\"isPartOf\":{\"@id\":\"https:\/\/admin.industriall-union.org\/#website\"},\"datePublished\":\"2014-02-21T15:47:20+00:00\",\"dateModified\":\"2025-02-08T04:07:47+00:00\",\"description\":\"A ra\u00edz de las negociaciones con los manifestantes, que se extendieron durante toda la noche, con la mediaci\u00f3n de tres ministros europeos de Asuntos\",\"breadcrumb\":{\"@id\":\"https:\/\/admin.industriall-union.org\/es\/ucrania-acuerdo-politico-debe-conducir-a-autentica-restitucion-de-la-democracia-y-derechos-humanos\/#breadcrumb\"},\"inLanguage\":\"es-ES\",\"potentialAction\":[{\"@type\":\"ReadAction\",\"target\":[\"https:\/\/admin.industriall-union.org\/es\/ucrania-acuerdo-politico-debe-conducir-a-autentica-restitucion-de-la-democracia-y-derechos-humanos\/\"]}]},{\"@type\":\"BreadcrumbList\",\"@id\":\"https:\/\/admin.industriall-union.org\/es\/ucrania-acuerdo-politico-debe-conducir-a-autentica-restitucion-de-la-democracia-y-derechos-humanos\/#breadcrumb\",\"itemListElement\":[{\"@type\":\"ListItem\",\"position\":1,\"name\":\"Home\",\"item\":\"https:\/\/admin.industriall-union.org\/\"},{\"@type\":\"ListItem\",\"position\":2,\"name\":\"Articles\",\"item\":\"https:\/\/admin.industriall-union.org\/article\/\"},{\"@type\":\"ListItem\",\"position\":3,\"name\":\"Ucrania: Acuerdo pol\u00edtico debe conducir a aut\u00e9ntica restituci\u00f3n de la democracia y derechos humanos\"}]},{\"@type\":\"WebSite\",\"@id\":\"https:\/\/admin.industriall-union.org\/#website\",\"url\":\"https:\/\/admin.industriall-union.org\/\",\"name\":\"industriall-union\",\"description\":\"\",\"potentialAction\":[{\"@type\":\"SearchAction\",\"target\":{\"@type\":\"EntryPoint\",\"urlTemplate\":\"https:\/\/admin.industriall-union.org\/?s={search_term_string}\"},\"query-input\":{\"@type\":\"PropertyValueSpecification\",\"valueRequired\":true,\"valueName\":\"search_term_string\"}}],\"inLanguage\":\"es-ES\"}]}<\/script>\n<!-- \/ Yoast SEO Premium plugin. -->","yoast_head_json":{"title":"Ucrania: Acuerdo pol\u00edtico debe conducir a aut\u00e9ntica restituci\u00f3n de la democracia y derechos humanos - industriall-union","description":"A ra\u00edz de las negociaciones con los manifestantes, que se extendieron durante toda la noche, con la mediaci\u00f3n de tres ministros europeos de Asuntos","robots":{"index":"index","follow":"follow","max-snippet":"max-snippet:-1","max-image-preview":"max-image-preview:large","max-video-preview":"max-video-preview:-1"},"canonical":"https:\/\/admin.industriall-union.org\/es\/ucrania-acuerdo-politico-debe-conducir-a-autentica-restitucion-de-la-democracia-y-derechos-humanos\/","og_locale":"es_ES","og_type":"article","og_title":"Ucrania: Acuerdo pol\u00edtico debe conducir a aut\u00e9ntica restituci\u00f3n de la democracia y derechos humanos","og_description":"A ra\u00edz de las negociaciones con los manifestantes, que se extendieron durante toda la noche, con la mediaci\u00f3n de tres ministros europeos de Asuntos","og_url":"https:\/\/admin.industriall-union.org\/es\/ucrania-acuerdo-politico-debe-conducir-a-autentica-restitucion-de-la-democracia-y-derechos-humanos\/","og_site_name":"industriall-union","article_modified_time":"2025-02-08T04:07:47+00:00","twitter_card":"summary_large_image","twitter_misc":{"Est. reading time":"3 minutes"},"schema":{"@context":"https:\/\/schema.org","@graph":[{"@type":"WebPage","@id":"https:\/\/admin.industriall-union.org\/es\/ucrania-acuerdo-politico-debe-conducir-a-autentica-restitucion-de-la-democracia-y-derechos-humanos\/","url":"https:\/\/admin.industriall-union.org\/es\/ucrania-acuerdo-politico-debe-conducir-a-autentica-restitucion-de-la-democracia-y-derechos-humanos\/","name":"Ucrania: Acuerdo pol\u00edtico debe conducir a aut\u00e9ntica restituci\u00f3n de la democracia y derechos humanos - industriall-union","isPartOf":{"@id":"https:\/\/admin.industriall-union.org\/#website"},"datePublished":"2014-02-21T15:47:20+00:00","dateModified":"2025-02-08T04:07:47+00:00","description":"A ra\u00edz de las negociaciones con los manifestantes, que se extendieron durante toda la noche, con la mediaci\u00f3n de tres ministros europeos de Asuntos","breadcrumb":{"@id":"https:\/\/admin.industriall-union.org\/es\/ucrania-acuerdo-politico-debe-conducir-a-autentica-restitucion-de-la-democracia-y-derechos-humanos\/#breadcrumb"},"inLanguage":"es-ES","potentialAction":[{"@type":"ReadAction","target":["https:\/\/admin.industriall-union.org\/es\/ucrania-acuerdo-politico-debe-conducir-a-autentica-restitucion-de-la-democracia-y-derechos-humanos\/"]}]},{"@type":"BreadcrumbList","@id":"https:\/\/admin.industriall-union.org\/es\/ucrania-acuerdo-politico-debe-conducir-a-autentica-restitucion-de-la-democracia-y-derechos-humanos\/#breadcrumb","itemListElement":[{"@type":"ListItem","position":1,"name":"Home","item":"https:\/\/admin.industriall-union.org\/"},{"@type":"ListItem","position":2,"name":"Articles","item":"https:\/\/admin.industriall-union.org\/article\/"},{"@type":"ListItem","position":3,"name":"Ucrania: Acuerdo pol\u00edtico debe conducir a aut\u00e9ntica restituci\u00f3n de la democracia y derechos humanos"}]},{"@type":"WebSite","@id":"https:\/\/admin.industriall-union.org\/#website","url":"https:\/\/admin.industriall-union.org\/","name":"industriall-union","description":"","potentialAction":[{"@type":"SearchAction","target":{"@type":"EntryPoint","urlTemplate":"https:\/\/admin.industriall-union.org\/?s={search_term_string}"},"query-input":{"@type":"PropertyValueSpecification","valueRequired":true,"valueName":"search_term_string"}}],"inLanguage":"es-ES"}]}},"_links":{"self":[{"href":"https:\/\/admin.industriall-union.org\/es\/wp-json\/wp\/v2\/article\/172481","targetHints":{"allow":["GET"]}}],"collection":[{"href":"https:\/\/admin.industriall-union.org\/es\/wp-json\/wp\/v2\/article"}],"about":[{"href":"https:\/\/admin.industriall-union.org\/es\/wp-json\/wp\/v2\/types\/article"}],"wp:attachment":[{"href":"https:\/\/admin.industriall-union.org\/es\/wp-json\/wp\/v2\/media?parent=172481"}],"wp:term":[{"taxonomy":"issues","embeddable":true,"href":"https:\/\/admin.industriall-union.org\/es\/wp-json\/wp\/v2\/issues?post=172481"},{"taxonomy":"companies","embeddable":true,"href":"https:\/\/admin.industriall-union.org\/es\/wp-json\/wp\/v2\/companies?post=172481"},{"taxonomy":"regions","embeddable":true,"href":"https:\/\/admin.industriall-union.org\/es\/wp-json\/wp\/v2\/regions?post=172481"},{"taxonomy":"sectors","embeddable":true,"href":"https:\/\/admin.industriall-union.org\/es\/wp-json\/wp\/v2\/sectors?post=172481"},{"taxonomy":"article_tags","embeddable":true,"href":"https:\/\/admin.industriall-union.org\/es\/wp-json\/wp\/v2\/article_tags?post=172481"}],"curies":[{"name":"wp","href":"https:\/\/api.w.org\/{rel}","templated":true}]}}