{"id":172417,"date":"2014-03-07T15:51:09","date_gmt":"2014-03-07T15:51:09","guid":{"rendered":"https:\/\/admin.industriall-union.org\/marcas-involucradas-en-desastre-de-rana-plaza-deben-pagar-indemnizacion\/"},"modified":"2025-02-08T03:47:08","modified_gmt":"2025-02-08T03:47:08","slug":"marcas-involucradas-en-desastre-de-rana-plaza-deben-pagar-indemnizacion","status":"publish","type":"article","link":"https:\/\/admin.industriall-union.org\/es\/marcas-involucradas-en-desastre-de-rana-plaza-deben-pagar-indemnizacion\/","title":{"rendered":"Marcas involucradas en desastre de Rana Plaza deben pagar indemnizaci\u00f3n"},"content":{"rendered":"<p>Se necesita un fondo de US$ 40 millones para poder pagar el monto correcto de la indemnizaci\u00f3n que se debe a las familias de los 1.138 trabajadores y trabajadoras que murieron aplastados en sus puestos de trabajo en Rana Plaza, y tambi\u00e9n a los sobrevivientes, cientos de los cuales perdieron extremidades de su cuerpo y su capacidad de trabajar cuando se derrumb\u00f3 la f\u00e1brica.<\/p><p>Durante el segundo semestre de 2013, bajo la direcci\u00f3n de la OIT, se inici\u00f3 un proyecto para exigir indemnizaci\u00f3n, con la participaci\u00f3n y firma de las partes interesadas, logrando un acuerdo final en diciembre de 2013. En el Acuerdo &ldquo;Rana Plaza Arrangement&rdquo;, se propone establecer las partes signatarias del Fondo Fiduciario de Donantes del Comit\u00e9 de Coordinaci\u00f3n de Rana Plaza. Figuran en este Acuerdo el gobierno de Bangladesh, los sindicatos de Bangladesh, los fabricantes de Bangladesh, IndustriALL Global Union y la Campa\u00f1a Ropa Limpia, m\u00e1s cuatro marcas clave.<\/p><p>Este mencionado fondo est\u00e1 abierto para quienes quieran hacer un aporte humanitario, y para invitar a todas las marcas de ropa que compran productos en Bangladesh hagan su contribuci\u00f3n.<\/p><p>Sin embargo, las marcas relacionadas con Rana Plaza que figuran en la lista siguiente DEBEN pagar su parte como una cuesti\u00f3n de urgencia.<\/p><p>Adler, Auchan, Benetton, Camaieu, Carrefour, Carrona, Cato Fashions, Children&rsquo;s Place, JC Penney, Kids for Fashion, Lee Cooper, Manifattura Corona, Mango, Matalan, NKD, Premier Clothing, Primark, PVT (Texman), Store 21, Yes Zee, Walmart.<\/p><p>Les animamos a apoyar a IndustriALL Global Union, UNI Global Union y a la Campa\u00f1a Ropa Limpia, procurando que todas estas marcas paguen la parte que les corresponde. Estampe aqu\u00ed su firma, para apoyar a la &nbsp;<a href=\"http:\/\/www.labourstartcampaigns.net\/show_campaign.cgi?c=2210\">Campa\u00f1a LabourStart<\/a> dirigida a las marcas de Rana Plaza:<\/p><blockquote><p>Si su compa\u00f1\u00eda todav\u00eda se halla en esta lista el 24 de abril, primer aniversario de la cat\u00e1strofe, su mensaje dirigido a los consumidores de prendas de vestir en todo el mundo ser\u00e1 claro y preciso sobre cu\u00e1les son las condiciones en su cadena de suministro.<\/p><\/blockquote><p>Usted y su organizaci\u00f3n tambi\u00e9n pueden aportar al fondo de solidaridad, siguiendo las instrucciones de la <a href=\"http:\/\/www.ranaplaza-arrangement.org\">p\u00e1gina web espec\u00edfica del Rana Plaza Arrangement<\/a>.<\/p>","protected":false},"featured_media":0,"template":"","issues":[414,422],"companies":[],"regions":[159],"sectors":[465],"article_tags":[],"class_list":["post-172417","article","type-article","status-publish","hentry","issues-action-on-bangladesh","issues-human-trade-union-rights","regions-bangladesh","sectors-garment"],"acf":[],"yoast_head":"<!-- This site is optimized with the Yoast SEO Premium plugin v27.1 (Yoast SEO v27.1) - https:\/\/yoast.com\/product\/yoast-seo-premium-wordpress\/ -->\n<title>Marcas involucradas en desastre de Rana Plaza deben pagar indemnizaci\u00f3n - industriall-union<\/title>\n<meta name=\"description\" content=\"Se necesita un fondo de US$ 40 millones para poder pagar el monto correcto de la indemnizaci\u00f3n que se debe a las familias de los 1.138 trabajadores y\" \/>\n<meta name=\"robots\" content=\"index, follow, max-snippet:-1, max-image-preview:large, max-video-preview:-1\" \/>\n<link rel=\"canonical\" href=\"https:\/\/admin.industriall-union.org\/es\/marcas-involucradas-en-desastre-de-rana-plaza-deben-pagar-indemnizacion\/\" \/>\n<meta property=\"og:locale\" content=\"es_ES\" \/>\n<meta property=\"og:type\" content=\"article\" \/>\n<meta property=\"og:title\" content=\"Marcas involucradas en desastre de Rana Plaza deben pagar indemnizaci\u00f3n\" \/>\n<meta property=\"og:description\" content=\"Se necesita un fondo de US$ 40 millones para poder pagar el monto correcto de la indemnizaci\u00f3n que se debe a las familias de los 1.138 trabajadores y\" \/>\n<meta property=\"og:url\" content=\"https:\/\/admin.industriall-union.org\/es\/marcas-involucradas-en-desastre-de-rana-plaza-deben-pagar-indemnizacion\/\" \/>\n<meta property=\"og:site_name\" content=\"industriall-union\" \/>\n<meta property=\"article:modified_time\" content=\"2025-02-08T03:47:08+00:00\" \/>\n<meta name=\"twitter:card\" content=\"summary_large_image\" \/>\n<meta name=\"twitter:label1\" content=\"Est. reading time\" \/>\n\t<meta name=\"twitter:data1\" content=\"2 minutes\" \/>\n<script type=\"application\/ld+json\" class=\"yoast-schema-graph\">{\"@context\":\"https:\/\/schema.org\",\"@graph\":[{\"@type\":\"WebPage\",\"@id\":\"https:\/\/admin.industriall-union.org\/es\/marcas-involucradas-en-desastre-de-rana-plaza-deben-pagar-indemnizacion\/\",\"url\":\"https:\/\/admin.industriall-union.org\/es\/marcas-involucradas-en-desastre-de-rana-plaza-deben-pagar-indemnizacion\/\",\"name\":\"Marcas involucradas en desastre de Rana Plaza deben pagar indemnizaci\u00f3n - industriall-union\",\"isPartOf\":{\"@id\":\"https:\/\/admin.industriall-union.org\/#website\"},\"datePublished\":\"2014-03-07T15:51:09+00:00\",\"dateModified\":\"2025-02-08T03:47:08+00:00\",\"description\":\"Se necesita un fondo de US$ 40 millones para poder pagar el monto correcto de la indemnizaci\u00f3n que se debe a las familias de los 1.138 trabajadores y\",\"breadcrumb\":{\"@id\":\"https:\/\/admin.industriall-union.org\/es\/marcas-involucradas-en-desastre-de-rana-plaza-deben-pagar-indemnizacion\/#breadcrumb\"},\"inLanguage\":\"es-ES\",\"potentialAction\":[{\"@type\":\"ReadAction\",\"target\":[\"https:\/\/admin.industriall-union.org\/es\/marcas-involucradas-en-desastre-de-rana-plaza-deben-pagar-indemnizacion\/\"]}]},{\"@type\":\"BreadcrumbList\",\"@id\":\"https:\/\/admin.industriall-union.org\/es\/marcas-involucradas-en-desastre-de-rana-plaza-deben-pagar-indemnizacion\/#breadcrumb\",\"itemListElement\":[{\"@type\":\"ListItem\",\"position\":1,\"name\":\"Home\",\"item\":\"https:\/\/admin.industriall-union.org\/\"},{\"@type\":\"ListItem\",\"position\":2,\"name\":\"Articles\",\"item\":\"https:\/\/admin.industriall-union.org\/article\/\"},{\"@type\":\"ListItem\",\"position\":3,\"name\":\"Marcas involucradas en desastre de Rana Plaza deben pagar indemnizaci\u00f3n\"}]},{\"@type\":\"WebSite\",\"@id\":\"https:\/\/admin.industriall-union.org\/#website\",\"url\":\"https:\/\/admin.industriall-union.org\/\",\"name\":\"industriall-union\",\"description\":\"\",\"potentialAction\":[{\"@type\":\"SearchAction\",\"target\":{\"@type\":\"EntryPoint\",\"urlTemplate\":\"https:\/\/admin.industriall-union.org\/?s={search_term_string}\"},\"query-input\":{\"@type\":\"PropertyValueSpecification\",\"valueRequired\":true,\"valueName\":\"search_term_string\"}}],\"inLanguage\":\"es-ES\"}]}<\/script>\n<!-- \/ Yoast SEO Premium plugin. -->","yoast_head_json":{"title":"Marcas involucradas en desastre de Rana Plaza deben pagar indemnizaci\u00f3n - industriall-union","description":"Se necesita un fondo de US$ 40 millones para poder pagar el monto correcto de la indemnizaci\u00f3n que se debe a las familias de los 1.138 trabajadores y","robots":{"index":"index","follow":"follow","max-snippet":"max-snippet:-1","max-image-preview":"max-image-preview:large","max-video-preview":"max-video-preview:-1"},"canonical":"https:\/\/admin.industriall-union.org\/es\/marcas-involucradas-en-desastre-de-rana-plaza-deben-pagar-indemnizacion\/","og_locale":"es_ES","og_type":"article","og_title":"Marcas involucradas en desastre de Rana Plaza deben pagar indemnizaci\u00f3n","og_description":"Se necesita un fondo de US$ 40 millones para poder pagar el monto correcto de la indemnizaci\u00f3n que se debe a las familias de los 1.138 trabajadores y","og_url":"https:\/\/admin.industriall-union.org\/es\/marcas-involucradas-en-desastre-de-rana-plaza-deben-pagar-indemnizacion\/","og_site_name":"industriall-union","article_modified_time":"2025-02-08T03:47:08+00:00","twitter_card":"summary_large_image","twitter_misc":{"Est. reading time":"2 minutes"},"schema":{"@context":"https:\/\/schema.org","@graph":[{"@type":"WebPage","@id":"https:\/\/admin.industriall-union.org\/es\/marcas-involucradas-en-desastre-de-rana-plaza-deben-pagar-indemnizacion\/","url":"https:\/\/admin.industriall-union.org\/es\/marcas-involucradas-en-desastre-de-rana-plaza-deben-pagar-indemnizacion\/","name":"Marcas involucradas en desastre de Rana Plaza deben pagar indemnizaci\u00f3n - industriall-union","isPartOf":{"@id":"https:\/\/admin.industriall-union.org\/#website"},"datePublished":"2014-03-07T15:51:09+00:00","dateModified":"2025-02-08T03:47:08+00:00","description":"Se necesita un fondo de US$ 40 millones para poder pagar el monto correcto de la indemnizaci\u00f3n que se debe a las familias de los 1.138 trabajadores y","breadcrumb":{"@id":"https:\/\/admin.industriall-union.org\/es\/marcas-involucradas-en-desastre-de-rana-plaza-deben-pagar-indemnizacion\/#breadcrumb"},"inLanguage":"es-ES","potentialAction":[{"@type":"ReadAction","target":["https:\/\/admin.industriall-union.org\/es\/marcas-involucradas-en-desastre-de-rana-plaza-deben-pagar-indemnizacion\/"]}]},{"@type":"BreadcrumbList","@id":"https:\/\/admin.industriall-union.org\/es\/marcas-involucradas-en-desastre-de-rana-plaza-deben-pagar-indemnizacion\/#breadcrumb","itemListElement":[{"@type":"ListItem","position":1,"name":"Home","item":"https:\/\/admin.industriall-union.org\/"},{"@type":"ListItem","position":2,"name":"Articles","item":"https:\/\/admin.industriall-union.org\/article\/"},{"@type":"ListItem","position":3,"name":"Marcas involucradas en desastre de Rana Plaza deben pagar indemnizaci\u00f3n"}]},{"@type":"WebSite","@id":"https:\/\/admin.industriall-union.org\/#website","url":"https:\/\/admin.industriall-union.org\/","name":"industriall-union","description":"","potentialAction":[{"@type":"SearchAction","target":{"@type":"EntryPoint","urlTemplate":"https:\/\/admin.industriall-union.org\/?s={search_term_string}"},"query-input":{"@type":"PropertyValueSpecification","valueRequired":true,"valueName":"search_term_string"}}],"inLanguage":"es-ES"}]}},"_links":{"self":[{"href":"https:\/\/admin.industriall-union.org\/es\/wp-json\/wp\/v2\/article\/172417","targetHints":{"allow":["GET"]}}],"collection":[{"href":"https:\/\/admin.industriall-union.org\/es\/wp-json\/wp\/v2\/article"}],"about":[{"href":"https:\/\/admin.industriall-union.org\/es\/wp-json\/wp\/v2\/types\/article"}],"wp:attachment":[{"href":"https:\/\/admin.industriall-union.org\/es\/wp-json\/wp\/v2\/media?parent=172417"}],"wp:term":[{"taxonomy":"issues","embeddable":true,"href":"https:\/\/admin.industriall-union.org\/es\/wp-json\/wp\/v2\/issues?post=172417"},{"taxonomy":"companies","embeddable":true,"href":"https:\/\/admin.industriall-union.org\/es\/wp-json\/wp\/v2\/companies?post=172417"},{"taxonomy":"regions","embeddable":true,"href":"https:\/\/admin.industriall-union.org\/es\/wp-json\/wp\/v2\/regions?post=172417"},{"taxonomy":"sectors","embeddable":true,"href":"https:\/\/admin.industriall-union.org\/es\/wp-json\/wp\/v2\/sectors?post=172417"},{"taxonomy":"article_tags","embeddable":true,"href":"https:\/\/admin.industriall-union.org\/es\/wp-json\/wp\/v2\/article_tags?post=172417"}],"curies":[{"name":"wp","href":"https:\/\/api.w.org\/{rel}","templated":true}]}}