{"id":172393,"date":"2014-03-10T15:32:20","date_gmt":"2014-03-10T15:32:20","guid":{"rendered":"https:\/\/admin.industriall-union.org\/la-fup-y-petrobras-ponen-en-marcha-la-red-de-trabajadores\/"},"modified":"2025-02-08T03:43:22","modified_gmt":"2025-02-08T03:43:22","slug":"la-fup-y-petrobras-ponen-en-marcha-la-red-de-trabajadores","status":"publish","type":"article","link":"https:\/\/admin.industriall-union.org\/es\/la-fup-y-petrobras-ponen-en-marcha-la-red-de-trabajadores\/","title":{"rendered":"La FUP y Petrobras ponen en marcha la red de trabajadores"},"content":{"rendered":"<p>La directora de la IndustriALL Carol Bruce declar\u00f3 desde la reuni\u00f3n en R\u00edo de Janeiro:<\/p><blockquote><p>La FUP y la IndustriALL han so\u00f1ado con establecer una red internacional de trabajadores de Petrobras durante diez a\u00f1os. Hoy nuestro sue\u00f1o se ha hecho realidad. Es preciso determinar pol\u00edticas y promulgarlas para que se sienta la responsabilidad social empresarial (RSE) a nivel del taller, y no s\u00f3lo en la sede de la compa\u00f1\u00eda.<\/p><\/blockquote><p>Asistieron a la reuni\u00f3n de Brasil unos 50 representantes de los trabajadores y de los sindicatos de Argentina, Per\u00fa, Curacao, China, Nigeria y Colombia.<\/p><p>La direcci\u00f3n de Petrobras hizo presentaciones sobre las pol\u00edticas de RSE y recursos humanos. Se prest\u00f3 tambi\u00e9n atenci\u00f3n a las cuestiones de g\u00e9nero. Las mujeres representan el 15,8 por ciento de la fuerza de trabajo en Petrobras. Se consider\u00f3 que, dado que Petrobras est\u00e1 presidida por una mujer, esto ayuda a romper estereotipos y a cambiar mentalidades. En Petrobras hay un colectivo de mujeres que lucha por el espacio de la mujer.<\/p><p>Uno de los puntos de la reuni\u00f3n fue la subcontrataci\u00f3n y el trabajo precario. Algunos delegados informaron de sus experiencias. Se expusieron experiencias con otras redes, como las de BASF y Repsol. Tambi\u00e9n hizo una presentaci\u00f3n DIESSE, que es un departamento que ofrece estudios y apoyo a los sindicatos en Brasil. Los dos participantes de Nigeria presentaron su caso, basado en el hecho de que Petrobras dej\u00f3 sin empleo a personal muy calificado con el falso argumento de que estaba desinvirtiendo en Nigeria. &ldquo;El trabajo precario es una prioridad para la nueva red. Las relaciones laborales en Petrobras son ocasionales y demasiado informales&rdquo;, agreg\u00f3 Carol Bruce de la IndustriALL.<\/p><p>En definitiva, lo que se pide es que Petrobras y la IndustriALL renegocien y renueven el acuerdo global a fin de incluir algunas buenas pr\u00e1cticas que han venido surgiendo con otros acuerdos. Los sindicatos quieren sacar el m\u00e1ximo provecho del acuerdo y trabajar concretamente en temas como la discriminaci\u00f3n. Les gustar\u00eda asegurar que cada a\u00f1o se realice una actividad, ya sea una reuni\u00f3n o una labor de investigaci\u00f3n. Se pide a todos los sindicatos de la red que env\u00eden sus convenios colectivos con Petrobras con objeto de crear una base de datos. El responsable de coordinar esta labor ser\u00e1 el secretario internacional de la FUP. Los participantes consideraron que si es posible coordinar las actividades en todos los pa\u00edses donde opera Petrobras, la red marcar\u00e1 una verdadera diferencia. Los sindicatos pueden intercambiar experiencias, explicar sus dudas y proponer soluciones con la idea de globalizar derechos. La red ser\u00e1 m\u00e1s eficaz una vez que sea reconocida oficialmente por la empresa. De ese modo se puede hacer realmente responsable a Petrobras.<\/p><p>Petrobras, que pertenece al Gobierno brasile\u00f1o en un 56%, tiene 80.500 empleados y opera en unos 30 pa\u00edses. La compa\u00f1\u00eda es l\u00edder en la exploraci\u00f3n y producci\u00f3n de petr\u00f3leo y tiene 16 refiner\u00edas, as\u00ed como numerosas instalaciones de petroqu\u00edmica, biocombustibles, oleoductos e instalaciones de otro tipo.<\/p>","protected":false},"featured_media":0,"template":"","issues":[407,409],"companies":[105],"regions":[261],"sectors":[483],"article_tags":[],"class_list":["post-172393","article","type-article","status-publish","hentry","issues-global-framework-agreements","issues-multinational-companies-mncs","companies-petrobras","regions-brazil","sectors-energy-oil-gas-electricity-and-nuclear"],"acf":[],"yoast_head":"<!-- This site is optimized with the Yoast SEO Premium plugin v27.1 (Yoast SEO v27.1) - https:\/\/yoast.com\/product\/yoast-seo-premium-wordpress\/ -->\n<title>La FUP y Petrobras ponen en marcha la red de trabajadores - industriall-union<\/title>\n<meta name=\"description\" content=\"La directora de la IndustriALL Carol Bruce declar\u00f3 desde la reuni\u00f3n en R\u00edo de Janeiro:La FUP y la IndustriALL han so\u00f1ado con establecer una red\" \/>\n<meta name=\"robots\" content=\"index, follow, max-snippet:-1, max-image-preview:large, max-video-preview:-1\" \/>\n<link rel=\"canonical\" href=\"https:\/\/admin.industriall-union.org\/es\/la-fup-y-petrobras-ponen-en-marcha-la-red-de-trabajadores\/\" \/>\n<meta property=\"og:locale\" content=\"es_ES\" \/>\n<meta property=\"og:type\" content=\"article\" \/>\n<meta property=\"og:title\" content=\"La FUP y Petrobras ponen en marcha la red de trabajadores\" \/>\n<meta property=\"og:description\" content=\"La directora de la IndustriALL Carol Bruce declar\u00f3 desde la reuni\u00f3n en R\u00edo de Janeiro:La FUP y la IndustriALL han so\u00f1ado con establecer una red\" \/>\n<meta property=\"og:url\" content=\"https:\/\/admin.industriall-union.org\/es\/la-fup-y-petrobras-ponen-en-marcha-la-red-de-trabajadores\/\" \/>\n<meta property=\"og:site_name\" content=\"industriall-union\" \/>\n<meta property=\"article:modified_time\" content=\"2025-02-08T03:43:22+00:00\" \/>\n<meta name=\"twitter:card\" content=\"summary_large_image\" \/>\n<meta name=\"twitter:label1\" content=\"Est. reading time\" \/>\n\t<meta name=\"twitter:data1\" content=\"3 minutes\" \/>\n<script type=\"application\/ld+json\" class=\"yoast-schema-graph\">{\"@context\":\"https:\/\/schema.org\",\"@graph\":[{\"@type\":\"WebPage\",\"@id\":\"https:\/\/admin.industriall-union.org\/es\/la-fup-y-petrobras-ponen-en-marcha-la-red-de-trabajadores\/\",\"url\":\"https:\/\/admin.industriall-union.org\/es\/la-fup-y-petrobras-ponen-en-marcha-la-red-de-trabajadores\/\",\"name\":\"La FUP y Petrobras ponen en marcha la red de trabajadores - industriall-union\",\"isPartOf\":{\"@id\":\"https:\/\/admin.industriall-union.org\/#website\"},\"datePublished\":\"2014-03-10T15:32:20+00:00\",\"dateModified\":\"2025-02-08T03:43:22+00:00\",\"description\":\"La directora de la IndustriALL Carol Bruce declar\u00f3 desde la reuni\u00f3n en R\u00edo de Janeiro:La FUP y la IndustriALL han so\u00f1ado con establecer una red\",\"breadcrumb\":{\"@id\":\"https:\/\/admin.industriall-union.org\/es\/la-fup-y-petrobras-ponen-en-marcha-la-red-de-trabajadores\/#breadcrumb\"},\"inLanguage\":\"es-ES\",\"potentialAction\":[{\"@type\":\"ReadAction\",\"target\":[\"https:\/\/admin.industriall-union.org\/es\/la-fup-y-petrobras-ponen-en-marcha-la-red-de-trabajadores\/\"]}]},{\"@type\":\"BreadcrumbList\",\"@id\":\"https:\/\/admin.industriall-union.org\/es\/la-fup-y-petrobras-ponen-en-marcha-la-red-de-trabajadores\/#breadcrumb\",\"itemListElement\":[{\"@type\":\"ListItem\",\"position\":1,\"name\":\"Home\",\"item\":\"https:\/\/admin.industriall-union.org\/\"},{\"@type\":\"ListItem\",\"position\":2,\"name\":\"Articles\",\"item\":\"https:\/\/admin.industriall-union.org\/article\/\"},{\"@type\":\"ListItem\",\"position\":3,\"name\":\"La FUP y Petrobras ponen en marcha la red de trabajadores\"}]},{\"@type\":\"WebSite\",\"@id\":\"https:\/\/admin.industriall-union.org\/#website\",\"url\":\"https:\/\/admin.industriall-union.org\/\",\"name\":\"industriall-union\",\"description\":\"\",\"potentialAction\":[{\"@type\":\"SearchAction\",\"target\":{\"@type\":\"EntryPoint\",\"urlTemplate\":\"https:\/\/admin.industriall-union.org\/?s={search_term_string}\"},\"query-input\":{\"@type\":\"PropertyValueSpecification\",\"valueRequired\":true,\"valueName\":\"search_term_string\"}}],\"inLanguage\":\"es-ES\"}]}<\/script>\n<!-- \/ Yoast SEO Premium plugin. -->","yoast_head_json":{"title":"La FUP y Petrobras ponen en marcha la red de trabajadores - industriall-union","description":"La directora de la IndustriALL Carol Bruce declar\u00f3 desde la reuni\u00f3n en R\u00edo de Janeiro:La FUP y la IndustriALL han so\u00f1ado con establecer una red","robots":{"index":"index","follow":"follow","max-snippet":"max-snippet:-1","max-image-preview":"max-image-preview:large","max-video-preview":"max-video-preview:-1"},"canonical":"https:\/\/admin.industriall-union.org\/es\/la-fup-y-petrobras-ponen-en-marcha-la-red-de-trabajadores\/","og_locale":"es_ES","og_type":"article","og_title":"La FUP y Petrobras ponen en marcha la red de trabajadores","og_description":"La directora de la IndustriALL Carol Bruce declar\u00f3 desde la reuni\u00f3n en R\u00edo de Janeiro:La FUP y la IndustriALL han so\u00f1ado con establecer una red","og_url":"https:\/\/admin.industriall-union.org\/es\/la-fup-y-petrobras-ponen-en-marcha-la-red-de-trabajadores\/","og_site_name":"industriall-union","article_modified_time":"2025-02-08T03:43:22+00:00","twitter_card":"summary_large_image","twitter_misc":{"Est. reading time":"3 minutes"},"schema":{"@context":"https:\/\/schema.org","@graph":[{"@type":"WebPage","@id":"https:\/\/admin.industriall-union.org\/es\/la-fup-y-petrobras-ponen-en-marcha-la-red-de-trabajadores\/","url":"https:\/\/admin.industriall-union.org\/es\/la-fup-y-petrobras-ponen-en-marcha-la-red-de-trabajadores\/","name":"La FUP y Petrobras ponen en marcha la red de trabajadores - industriall-union","isPartOf":{"@id":"https:\/\/admin.industriall-union.org\/#website"},"datePublished":"2014-03-10T15:32:20+00:00","dateModified":"2025-02-08T03:43:22+00:00","description":"La directora de la IndustriALL Carol Bruce declar\u00f3 desde la reuni\u00f3n en R\u00edo de Janeiro:La FUP y la IndustriALL han so\u00f1ado con establecer una red","breadcrumb":{"@id":"https:\/\/admin.industriall-union.org\/es\/la-fup-y-petrobras-ponen-en-marcha-la-red-de-trabajadores\/#breadcrumb"},"inLanguage":"es-ES","potentialAction":[{"@type":"ReadAction","target":["https:\/\/admin.industriall-union.org\/es\/la-fup-y-petrobras-ponen-en-marcha-la-red-de-trabajadores\/"]}]},{"@type":"BreadcrumbList","@id":"https:\/\/admin.industriall-union.org\/es\/la-fup-y-petrobras-ponen-en-marcha-la-red-de-trabajadores\/#breadcrumb","itemListElement":[{"@type":"ListItem","position":1,"name":"Home","item":"https:\/\/admin.industriall-union.org\/"},{"@type":"ListItem","position":2,"name":"Articles","item":"https:\/\/admin.industriall-union.org\/article\/"},{"@type":"ListItem","position":3,"name":"La FUP y Petrobras ponen en marcha la red de trabajadores"}]},{"@type":"WebSite","@id":"https:\/\/admin.industriall-union.org\/#website","url":"https:\/\/admin.industriall-union.org\/","name":"industriall-union","description":"","potentialAction":[{"@type":"SearchAction","target":{"@type":"EntryPoint","urlTemplate":"https:\/\/admin.industriall-union.org\/?s={search_term_string}"},"query-input":{"@type":"PropertyValueSpecification","valueRequired":true,"valueName":"search_term_string"}}],"inLanguage":"es-ES"}]}},"_links":{"self":[{"href":"https:\/\/admin.industriall-union.org\/es\/wp-json\/wp\/v2\/article\/172393","targetHints":{"allow":["GET"]}}],"collection":[{"href":"https:\/\/admin.industriall-union.org\/es\/wp-json\/wp\/v2\/article"}],"about":[{"href":"https:\/\/admin.industriall-union.org\/es\/wp-json\/wp\/v2\/types\/article"}],"wp:attachment":[{"href":"https:\/\/admin.industriall-union.org\/es\/wp-json\/wp\/v2\/media?parent=172393"}],"wp:term":[{"taxonomy":"issues","embeddable":true,"href":"https:\/\/admin.industriall-union.org\/es\/wp-json\/wp\/v2\/issues?post=172393"},{"taxonomy":"companies","embeddable":true,"href":"https:\/\/admin.industriall-union.org\/es\/wp-json\/wp\/v2\/companies?post=172393"},{"taxonomy":"regions","embeddable":true,"href":"https:\/\/admin.industriall-union.org\/es\/wp-json\/wp\/v2\/regions?post=172393"},{"taxonomy":"sectors","embeddable":true,"href":"https:\/\/admin.industriall-union.org\/es\/wp-json\/wp\/v2\/sectors?post=172393"},{"taxonomy":"article_tags","embeddable":true,"href":"https:\/\/admin.industriall-union.org\/es\/wp-json\/wp\/v2\/article_tags?post=172393"}],"curies":[{"name":"wp","href":"https:\/\/api.w.org\/{rel}","templated":true}]}}