{"id":172327,"date":"2014-03-17T09:30:02","date_gmt":"2014-03-17T09:30:02","guid":{"rendered":"https:\/\/admin.industriall-union.org\/la-industriall-interviene-en-defensa-del-dirigente-sindical-de-berger-paint-despedido-en-bangladesh\/"},"modified":"2025-02-08T03:33:24","modified_gmt":"2025-02-08T03:33:24","slug":"la-industriall-interviene-en-defensa-del-dirigente-sindical-de-berger-paint-despedido-en-bangladesh","status":"publish","type":"article","link":"https:\/\/admin.industriall-union.org\/es\/la-industriall-interviene-en-defensa-del-dirigente-sindical-de-berger-paint-despedido-en-bangladesh\/","title":{"rendered":"La IndustriALL interviene en defensa del dirigente sindical de Berger Paint despedido en Bangladesh"},"content":{"rendered":"<p>El sindicato de trabajadores de Berger forma parte del antiguo afiliado a la IndustriALL Global Union la Federaci\u00f3n de Trabajadores de la Qu\u00edmica, Energ\u00eda e Industrias Afines de Bangladesh (BCEF). El sindicato de Kalurghat, Chittagong, ha sobrevivido a a\u00f1os de injerencia e intimidaciones de la direcci\u00f3n, que incumple regularmente la legislaci\u00f3n laboral y el convenio colectivo.<\/p><p>Golgar ha prestado servicio durante 11 a\u00f1os en Berger, y se le ha impedido reiteradamente ascender, como parte de la pr\u00e1ctica antisindical normal de la direcci\u00f3n de esta f\u00e1brica. Entre 2000 y 2011 fueron despedidos once miembros y delegados sindicales activos anteriores, algunos de ellos con m\u00e1s de 20 a\u00f1os de trabajo en Berger. En virtud de la legislaci\u00f3n laboral bangladesh\u00ed, el despido priva del derecho a toda indemnizaci\u00f3n econ\u00f3mica.<\/p><p>Tras el despido de Golgar la direcci\u00f3n local ejerci\u00f3 presi\u00f3n sobre los trabajadores en la celebraci\u00f3n de una elecci\u00f3n sindical, el 27 de enero, en cuyo resultado influy\u00f3 fuertemente el riesgo ilustrado con claridad del despido por defender con vigor a los trabajadores. El despido se hizo maliciosamente en el momento preciso en que Golgar iba a ser reelegido para un tercer mandato consecutivo de secretario general. La apresurada elecci\u00f3n se debi\u00f3 a que la protecci\u00f3n jur\u00eddica adicional de ser secretario general en ese momento se pierde.<\/p><p>La simb\u00f3lica falta de respeto del interlocutor en la negociaci\u00f3n social en Berger fue otra de las pr\u00e1cticas normales de negar a los representantes sindicales el derecho a participar en las reuniones.<\/p><p>Berger Paints tiene su sede en la India, y operaciones en Europa Oriental, Nepal, India y Bangladesh. La cuota de mercado de Berger en Bangladesh representa m\u00e1s del 65%. En tanto que la compa\u00f1\u00eda informa de una facturaci\u00f3n anual de cerca de 500 millones de d\u00f3lares EE.UU., en la planta de Kalurghat los trabajadores tienen un sueldo base de 7 $ EE.UU. mensuales, mucho menos que el salario m\u00ednimo.<\/p><p>El BCEF ha realizado una serie de acciones en respuesta al despido improcedente, entre ellas la petici\u00f3n a las autoridades laborales bangladesh\u00edes de que anulen la decisi\u00f3n de la direcci\u00f3n, y la celebraci\u00f3n de una conferencia de prensa conjunta con el resto del Consejo de Bangladesh de la IndustriALL.<\/p><p>Env\u00ede su mensaje de solidaridad al compa\u00f1ero Brother Golgar Hussein utilizando la herramienta de mensajer\u00eda adjunta a este art\u00edculo.<\/p>","protected":false},"featured_media":0,"template":"","issues":[420],"companies":[],"regions":[159],"sectors":[477],"article_tags":[],"class_list":["post-172327","article","type-article","status-publish","hentry","issues-solidarity","regions-bangladesh","sectors-chemical"],"acf":[],"yoast_head":"<!-- This site is optimized with the Yoast SEO Premium plugin v27.1 (Yoast SEO v27.1) - https:\/\/yoast.com\/product\/yoast-seo-premium-wordpress\/ -->\n<title>La IndustriALL interviene en defensa del dirigente sindical de Berger Paint despedido en Bangladesh - industriall-union<\/title>\n<meta name=\"description\" content=\"El sindicato de trabajadores de Berger forma parte del antiguo afiliado a la IndustriALL Global Union la Federaci\u00f3n de Trabajadores de la Qu\u00edmica, Energ\u00eda\" \/>\n<meta name=\"robots\" content=\"index, follow, max-snippet:-1, max-image-preview:large, max-video-preview:-1\" \/>\n<link rel=\"canonical\" href=\"https:\/\/admin.industriall-union.org\/es\/la-industriall-interviene-en-defensa-del-dirigente-sindical-de-berger-paint-despedido-en-bangladesh\/\" \/>\n<meta property=\"og:locale\" content=\"es_ES\" \/>\n<meta property=\"og:type\" content=\"article\" \/>\n<meta property=\"og:title\" content=\"La IndustriALL interviene en defensa del dirigente sindical de Berger Paint despedido en Bangladesh\" \/>\n<meta property=\"og:description\" content=\"El sindicato de trabajadores de Berger forma parte del antiguo afiliado a la IndustriALL Global Union la Federaci\u00f3n de Trabajadores de la Qu\u00edmica, Energ\u00eda\" \/>\n<meta property=\"og:url\" content=\"https:\/\/admin.industriall-union.org\/es\/la-industriall-interviene-en-defensa-del-dirigente-sindical-de-berger-paint-despedido-en-bangladesh\/\" \/>\n<meta property=\"og:site_name\" content=\"industriall-union\" \/>\n<meta property=\"article:modified_time\" content=\"2025-02-08T03:33:24+00:00\" \/>\n<meta name=\"twitter:card\" content=\"summary_large_image\" \/>\n<meta name=\"twitter:label1\" content=\"Est. reading time\" \/>\n\t<meta name=\"twitter:data1\" content=\"2 minutes\" \/>\n<script type=\"application\/ld+json\" class=\"yoast-schema-graph\">{\"@context\":\"https:\/\/schema.org\",\"@graph\":[{\"@type\":\"WebPage\",\"@id\":\"https:\/\/admin.industriall-union.org\/es\/la-industriall-interviene-en-defensa-del-dirigente-sindical-de-berger-paint-despedido-en-bangladesh\/\",\"url\":\"https:\/\/admin.industriall-union.org\/es\/la-industriall-interviene-en-defensa-del-dirigente-sindical-de-berger-paint-despedido-en-bangladesh\/\",\"name\":\"La IndustriALL interviene en defensa del dirigente sindical de Berger Paint despedido en Bangladesh - industriall-union\",\"isPartOf\":{\"@id\":\"https:\/\/admin.industriall-union.org\/#website\"},\"datePublished\":\"2014-03-17T09:30:02+00:00\",\"dateModified\":\"2025-02-08T03:33:24+00:00\",\"description\":\"El sindicato de trabajadores de Berger forma parte del antiguo afiliado a la IndustriALL Global Union la Federaci\u00f3n de Trabajadores de la Qu\u00edmica, Energ\u00eda\",\"breadcrumb\":{\"@id\":\"https:\/\/admin.industriall-union.org\/es\/la-industriall-interviene-en-defensa-del-dirigente-sindical-de-berger-paint-despedido-en-bangladesh\/#breadcrumb\"},\"inLanguage\":\"es-ES\",\"potentialAction\":[{\"@type\":\"ReadAction\",\"target\":[\"https:\/\/admin.industriall-union.org\/es\/la-industriall-interviene-en-defensa-del-dirigente-sindical-de-berger-paint-despedido-en-bangladesh\/\"]}]},{\"@type\":\"BreadcrumbList\",\"@id\":\"https:\/\/admin.industriall-union.org\/es\/la-industriall-interviene-en-defensa-del-dirigente-sindical-de-berger-paint-despedido-en-bangladesh\/#breadcrumb\",\"itemListElement\":[{\"@type\":\"ListItem\",\"position\":1,\"name\":\"Home\",\"item\":\"https:\/\/admin.industriall-union.org\/\"},{\"@type\":\"ListItem\",\"position\":2,\"name\":\"Articles\",\"item\":\"https:\/\/admin.industriall-union.org\/article\/\"},{\"@type\":\"ListItem\",\"position\":3,\"name\":\"La IndustriALL interviene en defensa del dirigente sindical de Berger Paint despedido en Bangladesh\"}]},{\"@type\":\"WebSite\",\"@id\":\"https:\/\/admin.industriall-union.org\/#website\",\"url\":\"https:\/\/admin.industriall-union.org\/\",\"name\":\"industriall-union\",\"description\":\"\",\"potentialAction\":[{\"@type\":\"SearchAction\",\"target\":{\"@type\":\"EntryPoint\",\"urlTemplate\":\"https:\/\/admin.industriall-union.org\/?s={search_term_string}\"},\"query-input\":{\"@type\":\"PropertyValueSpecification\",\"valueRequired\":true,\"valueName\":\"search_term_string\"}}],\"inLanguage\":\"es-ES\"}]}<\/script>\n<!-- \/ Yoast SEO Premium plugin. -->","yoast_head_json":{"title":"La IndustriALL interviene en defensa del dirigente sindical de Berger Paint despedido en Bangladesh - industriall-union","description":"El sindicato de trabajadores de Berger forma parte del antiguo afiliado a la IndustriALL Global Union la Federaci\u00f3n de Trabajadores de la Qu\u00edmica, Energ\u00eda","robots":{"index":"index","follow":"follow","max-snippet":"max-snippet:-1","max-image-preview":"max-image-preview:large","max-video-preview":"max-video-preview:-1"},"canonical":"https:\/\/admin.industriall-union.org\/es\/la-industriall-interviene-en-defensa-del-dirigente-sindical-de-berger-paint-despedido-en-bangladesh\/","og_locale":"es_ES","og_type":"article","og_title":"La IndustriALL interviene en defensa del dirigente sindical de Berger Paint despedido en Bangladesh","og_description":"El sindicato de trabajadores de Berger forma parte del antiguo afiliado a la IndustriALL Global Union la Federaci\u00f3n de Trabajadores de la Qu\u00edmica, Energ\u00eda","og_url":"https:\/\/admin.industriall-union.org\/es\/la-industriall-interviene-en-defensa-del-dirigente-sindical-de-berger-paint-despedido-en-bangladesh\/","og_site_name":"industriall-union","article_modified_time":"2025-02-08T03:33:24+00:00","twitter_card":"summary_large_image","twitter_misc":{"Est. reading time":"2 minutes"},"schema":{"@context":"https:\/\/schema.org","@graph":[{"@type":"WebPage","@id":"https:\/\/admin.industriall-union.org\/es\/la-industriall-interviene-en-defensa-del-dirigente-sindical-de-berger-paint-despedido-en-bangladesh\/","url":"https:\/\/admin.industriall-union.org\/es\/la-industriall-interviene-en-defensa-del-dirigente-sindical-de-berger-paint-despedido-en-bangladesh\/","name":"La IndustriALL interviene en defensa del dirigente sindical de Berger Paint despedido en Bangladesh - industriall-union","isPartOf":{"@id":"https:\/\/admin.industriall-union.org\/#website"},"datePublished":"2014-03-17T09:30:02+00:00","dateModified":"2025-02-08T03:33:24+00:00","description":"El sindicato de trabajadores de Berger forma parte del antiguo afiliado a la IndustriALL Global Union la Federaci\u00f3n de Trabajadores de la Qu\u00edmica, Energ\u00eda","breadcrumb":{"@id":"https:\/\/admin.industriall-union.org\/es\/la-industriall-interviene-en-defensa-del-dirigente-sindical-de-berger-paint-despedido-en-bangladesh\/#breadcrumb"},"inLanguage":"es-ES","potentialAction":[{"@type":"ReadAction","target":["https:\/\/admin.industriall-union.org\/es\/la-industriall-interviene-en-defensa-del-dirigente-sindical-de-berger-paint-despedido-en-bangladesh\/"]}]},{"@type":"BreadcrumbList","@id":"https:\/\/admin.industriall-union.org\/es\/la-industriall-interviene-en-defensa-del-dirigente-sindical-de-berger-paint-despedido-en-bangladesh\/#breadcrumb","itemListElement":[{"@type":"ListItem","position":1,"name":"Home","item":"https:\/\/admin.industriall-union.org\/"},{"@type":"ListItem","position":2,"name":"Articles","item":"https:\/\/admin.industriall-union.org\/article\/"},{"@type":"ListItem","position":3,"name":"La IndustriALL interviene en defensa del dirigente sindical de Berger Paint despedido en Bangladesh"}]},{"@type":"WebSite","@id":"https:\/\/admin.industriall-union.org\/#website","url":"https:\/\/admin.industriall-union.org\/","name":"industriall-union","description":"","potentialAction":[{"@type":"SearchAction","target":{"@type":"EntryPoint","urlTemplate":"https:\/\/admin.industriall-union.org\/?s={search_term_string}"},"query-input":{"@type":"PropertyValueSpecification","valueRequired":true,"valueName":"search_term_string"}}],"inLanguage":"es-ES"}]}},"_links":{"self":[{"href":"https:\/\/admin.industriall-union.org\/es\/wp-json\/wp\/v2\/article\/172327","targetHints":{"allow":["GET"]}}],"collection":[{"href":"https:\/\/admin.industriall-union.org\/es\/wp-json\/wp\/v2\/article"}],"about":[{"href":"https:\/\/admin.industriall-union.org\/es\/wp-json\/wp\/v2\/types\/article"}],"wp:attachment":[{"href":"https:\/\/admin.industriall-union.org\/es\/wp-json\/wp\/v2\/media?parent=172327"}],"wp:term":[{"taxonomy":"issues","embeddable":true,"href":"https:\/\/admin.industriall-union.org\/es\/wp-json\/wp\/v2\/issues?post=172327"},{"taxonomy":"companies","embeddable":true,"href":"https:\/\/admin.industriall-union.org\/es\/wp-json\/wp\/v2\/companies?post=172327"},{"taxonomy":"regions","embeddable":true,"href":"https:\/\/admin.industriall-union.org\/es\/wp-json\/wp\/v2\/regions?post=172327"},{"taxonomy":"sectors","embeddable":true,"href":"https:\/\/admin.industriall-union.org\/es\/wp-json\/wp\/v2\/sectors?post=172327"},{"taxonomy":"article_tags","embeddable":true,"href":"https:\/\/admin.industriall-union.org\/es\/wp-json\/wp\/v2\/article_tags?post=172327"}],"curies":[{"name":"wp","href":"https:\/\/api.w.org\/{rel}","templated":true}]}}