{"id":172274,"date":"2014-03-27T19:53:17","date_gmt":"2014-03-27T19:53:17","guid":{"rendered":"https:\/\/admin.industriall-union.org\/los-sindicatos-de-la-region-de-oman-crean-fuerza-intensificando-la-cooperacion\/"},"modified":"2025-02-08T03:19:02","modified_gmt":"2025-02-08T03:19:02","slug":"los-sindicatos-de-la-region-de-oman-crean-fuerza-intensificando-la-cooperacion","status":"publish","type":"article","link":"https:\/\/admin.industriall-union.org\/es\/los-sindicatos-de-la-region-de-oman-crean-fuerza-intensificando-la-cooperacion\/","title":{"rendered":"Los sindicatos de la regi\u00f3n de OMAN crean fuerza intensificando la cooperaci\u00f3n"},"content":{"rendered":"<p>A la conferencia regional de OMAN de la IndustriALL, celebrada los d\u00edas 24 y 25 de marzo de 2014 en Amman, con el apoyo de la Friedrich Ebert Foundation (FES), asistieron m\u00e1s de 70 dirigentes sindicales de 17 pa\u00edses. Los anfitriones dieron la bienvenida a los sindicatos afiliados de la regi\u00f3n, procedentes de pa\u00edses como T\u00fanez, Marruecos, Egipto, Jordania, Iraq, L\u00edbano, Palestina, &nbsp;Kuwait and Yemen. Tambi\u00e9n asistieron posibles afiliados de Bahr\u00e9in, Somalia y Egipto, as\u00ed como sindicatos afiliados de Espa\u00f1a, Francia, Alemania, Noruega y Turqu\u00eda.<\/p><p>Las discusiones se centraron en los cambios pol\u00edticos fundamentales que se est\u00e1n produciendo en la regi\u00f3n y en los objetivos y las estrategias de la IndustriALL Global Union hasta el Congreso de 2016, conforme a lo aprobado por el Comit\u00e9 Ejecutivo en diciembre.<\/p><p>Los delegados evaluaron las medidas adoptadas desde la conferencia regional celebrada en marzo de 2013, y consideraron la manera de crear fuerza sindical y de hacer frente al capital global en la regi\u00f3n. Se prest\u00f3 especial atenci\u00f3n a las activas campa\u00f1as en Egipto y en Iraq.<\/p><p>Hubo un considerable debate sobre las libertades y los derechos sindicales, incluida la igualdad. Los delegados acordaron trabajar activamente sobre las cuestiones de g\u00e9nero, con la creaci\u00f3n de una red de mujeres en la regi\u00f3n. Muchos expresaron preocupaciones por los problemas de migraci\u00f3n, pues la falta de seguridad en pa\u00edses como Siria e Iraq obligan a la gente a desplazarse a otros pa\u00edses en busca de puestos de trabajo adecuados. En Jordania hay unos dos millones de trabajadores migrantes, de los que 1,2 millones proceden de Siria, 500.000 de Egipto y 200.000 de Iraq. Una parte considerable de los trabajadores migrantes est\u00e1n empleados en las industrias del textil y el vestido.<\/p><p>En la conferencia se intercambiaron experiencias sobre la creaci\u00f3n de estructuras sindicales fuertes, democr\u00e1ticas y sostenibles, como piedra angular de sociedades democr\u00e1ticas. Entre los obst\u00e1culos importantes a la creaci\u00f3n de econom\u00edas e industrias sostenibles se citaron el crecimiento de la poblaci\u00f3n, el desempleo en masa, particularmente entre los j\u00f3venes, la desigualdad entre hombres y mujeres, la falta de educaci\u00f3n, la salud y los servicios p\u00fablicos y las estructuras econ\u00f3micas no saludables.<\/p><p>Los participantes acogieron con satisfacci\u00f3n la iniciativa mundial de la IndustriALL sobre la pol\u00edtica industrial sostenible. Entre los objetivos para fortalecer la capacidad sindical y la protecci\u00f3n social, y en particular para garantizar un trabajo decente y un salario digno, se mencionaron los sectores del textil, el vestido y el petr\u00f3leo.<\/p><p>Se reconoci\u00f3 que las redes sindicales y los acuerdos marco mundiales son importantes instrumentos para crear solidaridad. Los sindicatos de la regi\u00f3n de OMAN tienen que participar para facilitar la organizaci\u00f3n de los trabajadores y la negociaci\u00f3n colectiva.<\/p><p>Al final de la conferencia, los delegados discutieron las prioridades y acciones en la regi\u00f3n, y apoyaron un plan para el futuro.<\/p><p>El secretario general, Jyrki Raina, dijo:<\/p><blockquote><p>La IndustriALL Global Union est\u00e1 entusiasmada por la ampliaci\u00f3n de su familia en la regi\u00f3n de MENA a nuevos pa\u00edses como&nbsp; Libia y Somalia. Nuestras acciones y campa\u00f1as ayudar\u00e1n a nuestros afiliados a ser m\u00e1s fuertes.<\/p><\/blockquote>","protected":false},"featured_media":0,"template":"","issues":[396],"companies":[],"regions":[288],"sectors":[],"article_tags":[],"class_list":["post-172274","article","type-article","status-publish","hentry","issues-building-strong-unions","regions-middle-east-and-north-africa"],"acf":[],"yoast_head":"<!-- This site is optimized with the Yoast SEO Premium plugin v27.1 (Yoast SEO v27.1) - https:\/\/yoast.com\/product\/yoast-seo-premium-wordpress\/ -->\n<title>Los sindicatos de la regi\u00f3n de OMAN crean fuerza intensificando la cooperaci\u00f3n - industriall-union<\/title>\n<meta name=\"description\" content=\"A la conferencia regional de OMAN de la IndustriALL, celebrada los d\u00edas 24 y 25 de marzo de 2014 en Amman, con el apoyo de la Friedrich Ebert Foundation\" \/>\n<meta name=\"robots\" content=\"index, follow, max-snippet:-1, max-image-preview:large, max-video-preview:-1\" \/>\n<link rel=\"canonical\" href=\"https:\/\/admin.industriall-union.org\/es\/los-sindicatos-de-la-region-de-oman-crean-fuerza-intensificando-la-cooperacion\/\" \/>\n<meta property=\"og:locale\" content=\"es_ES\" \/>\n<meta property=\"og:type\" content=\"article\" \/>\n<meta property=\"og:title\" content=\"Los sindicatos de la regi\u00f3n de OMAN crean fuerza intensificando la cooperaci\u00f3n\" \/>\n<meta property=\"og:description\" content=\"A la conferencia regional de OMAN de la IndustriALL, celebrada los d\u00edas 24 y 25 de marzo de 2014 en Amman, con el apoyo de la Friedrich Ebert Foundation\" \/>\n<meta property=\"og:url\" content=\"https:\/\/admin.industriall-union.org\/es\/los-sindicatos-de-la-region-de-oman-crean-fuerza-intensificando-la-cooperacion\/\" \/>\n<meta property=\"og:site_name\" content=\"industriall-union\" \/>\n<meta property=\"article:modified_time\" content=\"2025-02-08T03:19:02+00:00\" \/>\n<meta name=\"twitter:card\" content=\"summary_large_image\" \/>\n<meta name=\"twitter:label1\" content=\"Est. reading time\" \/>\n\t<meta name=\"twitter:data1\" content=\"3 minutes\" \/>\n<script type=\"application\/ld+json\" class=\"yoast-schema-graph\">{\"@context\":\"https:\/\/schema.org\",\"@graph\":[{\"@type\":\"WebPage\",\"@id\":\"https:\/\/admin.industriall-union.org\/es\/los-sindicatos-de-la-region-de-oman-crean-fuerza-intensificando-la-cooperacion\/\",\"url\":\"https:\/\/admin.industriall-union.org\/es\/los-sindicatos-de-la-region-de-oman-crean-fuerza-intensificando-la-cooperacion\/\",\"name\":\"Los sindicatos de la regi\u00f3n de OMAN crean fuerza intensificando la cooperaci\u00f3n - industriall-union\",\"isPartOf\":{\"@id\":\"https:\/\/admin.industriall-union.org\/#website\"},\"datePublished\":\"2014-03-27T19:53:17+00:00\",\"dateModified\":\"2025-02-08T03:19:02+00:00\",\"description\":\"A la conferencia regional de OMAN de la IndustriALL, celebrada los d\u00edas 24 y 25 de marzo de 2014 en Amman, con el apoyo de la Friedrich Ebert Foundation\",\"breadcrumb\":{\"@id\":\"https:\/\/admin.industriall-union.org\/es\/los-sindicatos-de-la-region-de-oman-crean-fuerza-intensificando-la-cooperacion\/#breadcrumb\"},\"inLanguage\":\"es-ES\",\"potentialAction\":[{\"@type\":\"ReadAction\",\"target\":[\"https:\/\/admin.industriall-union.org\/es\/los-sindicatos-de-la-region-de-oman-crean-fuerza-intensificando-la-cooperacion\/\"]}]},{\"@type\":\"BreadcrumbList\",\"@id\":\"https:\/\/admin.industriall-union.org\/es\/los-sindicatos-de-la-region-de-oman-crean-fuerza-intensificando-la-cooperacion\/#breadcrumb\",\"itemListElement\":[{\"@type\":\"ListItem\",\"position\":1,\"name\":\"Home\",\"item\":\"https:\/\/admin.industriall-union.org\/\"},{\"@type\":\"ListItem\",\"position\":2,\"name\":\"Articles\",\"item\":\"https:\/\/admin.industriall-union.org\/article\/\"},{\"@type\":\"ListItem\",\"position\":3,\"name\":\"Los sindicatos de la regi\u00f3n de OMAN crean fuerza intensificando la cooperaci\u00f3n\"}]},{\"@type\":\"WebSite\",\"@id\":\"https:\/\/admin.industriall-union.org\/#website\",\"url\":\"https:\/\/admin.industriall-union.org\/\",\"name\":\"industriall-union\",\"description\":\"\",\"potentialAction\":[{\"@type\":\"SearchAction\",\"target\":{\"@type\":\"EntryPoint\",\"urlTemplate\":\"https:\/\/admin.industriall-union.org\/?s={search_term_string}\"},\"query-input\":{\"@type\":\"PropertyValueSpecification\",\"valueRequired\":true,\"valueName\":\"search_term_string\"}}],\"inLanguage\":\"es-ES\"}]}<\/script>\n<!-- \/ Yoast SEO Premium plugin. -->","yoast_head_json":{"title":"Los sindicatos de la regi\u00f3n de OMAN crean fuerza intensificando la cooperaci\u00f3n - industriall-union","description":"A la conferencia regional de OMAN de la IndustriALL, celebrada los d\u00edas 24 y 25 de marzo de 2014 en Amman, con el apoyo de la Friedrich Ebert Foundation","robots":{"index":"index","follow":"follow","max-snippet":"max-snippet:-1","max-image-preview":"max-image-preview:large","max-video-preview":"max-video-preview:-1"},"canonical":"https:\/\/admin.industriall-union.org\/es\/los-sindicatos-de-la-region-de-oman-crean-fuerza-intensificando-la-cooperacion\/","og_locale":"es_ES","og_type":"article","og_title":"Los sindicatos de la regi\u00f3n de OMAN crean fuerza intensificando la cooperaci\u00f3n","og_description":"A la conferencia regional de OMAN de la IndustriALL, celebrada los d\u00edas 24 y 25 de marzo de 2014 en Amman, con el apoyo de la Friedrich Ebert Foundation","og_url":"https:\/\/admin.industriall-union.org\/es\/los-sindicatos-de-la-region-de-oman-crean-fuerza-intensificando-la-cooperacion\/","og_site_name":"industriall-union","article_modified_time":"2025-02-08T03:19:02+00:00","twitter_card":"summary_large_image","twitter_misc":{"Est. reading time":"3 minutes"},"schema":{"@context":"https:\/\/schema.org","@graph":[{"@type":"WebPage","@id":"https:\/\/admin.industriall-union.org\/es\/los-sindicatos-de-la-region-de-oman-crean-fuerza-intensificando-la-cooperacion\/","url":"https:\/\/admin.industriall-union.org\/es\/los-sindicatos-de-la-region-de-oman-crean-fuerza-intensificando-la-cooperacion\/","name":"Los sindicatos de la regi\u00f3n de OMAN crean fuerza intensificando la cooperaci\u00f3n - industriall-union","isPartOf":{"@id":"https:\/\/admin.industriall-union.org\/#website"},"datePublished":"2014-03-27T19:53:17+00:00","dateModified":"2025-02-08T03:19:02+00:00","description":"A la conferencia regional de OMAN de la IndustriALL, celebrada los d\u00edas 24 y 25 de marzo de 2014 en Amman, con el apoyo de la Friedrich Ebert Foundation","breadcrumb":{"@id":"https:\/\/admin.industriall-union.org\/es\/los-sindicatos-de-la-region-de-oman-crean-fuerza-intensificando-la-cooperacion\/#breadcrumb"},"inLanguage":"es-ES","potentialAction":[{"@type":"ReadAction","target":["https:\/\/admin.industriall-union.org\/es\/los-sindicatos-de-la-region-de-oman-crean-fuerza-intensificando-la-cooperacion\/"]}]},{"@type":"BreadcrumbList","@id":"https:\/\/admin.industriall-union.org\/es\/los-sindicatos-de-la-region-de-oman-crean-fuerza-intensificando-la-cooperacion\/#breadcrumb","itemListElement":[{"@type":"ListItem","position":1,"name":"Home","item":"https:\/\/admin.industriall-union.org\/"},{"@type":"ListItem","position":2,"name":"Articles","item":"https:\/\/admin.industriall-union.org\/article\/"},{"@type":"ListItem","position":3,"name":"Los sindicatos de la regi\u00f3n de OMAN crean fuerza intensificando la cooperaci\u00f3n"}]},{"@type":"WebSite","@id":"https:\/\/admin.industriall-union.org\/#website","url":"https:\/\/admin.industriall-union.org\/","name":"industriall-union","description":"","potentialAction":[{"@type":"SearchAction","target":{"@type":"EntryPoint","urlTemplate":"https:\/\/admin.industriall-union.org\/?s={search_term_string}"},"query-input":{"@type":"PropertyValueSpecification","valueRequired":true,"valueName":"search_term_string"}}],"inLanguage":"es-ES"}]}},"_links":{"self":[{"href":"https:\/\/admin.industriall-union.org\/es\/wp-json\/wp\/v2\/article\/172274","targetHints":{"allow":["GET"]}}],"collection":[{"href":"https:\/\/admin.industriall-union.org\/es\/wp-json\/wp\/v2\/article"}],"about":[{"href":"https:\/\/admin.industriall-union.org\/es\/wp-json\/wp\/v2\/types\/article"}],"wp:attachment":[{"href":"https:\/\/admin.industriall-union.org\/es\/wp-json\/wp\/v2\/media?parent=172274"}],"wp:term":[{"taxonomy":"issues","embeddable":true,"href":"https:\/\/admin.industriall-union.org\/es\/wp-json\/wp\/v2\/issues?post=172274"},{"taxonomy":"companies","embeddable":true,"href":"https:\/\/admin.industriall-union.org\/es\/wp-json\/wp\/v2\/companies?post=172274"},{"taxonomy":"regions","embeddable":true,"href":"https:\/\/admin.industriall-union.org\/es\/wp-json\/wp\/v2\/regions?post=172274"},{"taxonomy":"sectors","embeddable":true,"href":"https:\/\/admin.industriall-union.org\/es\/wp-json\/wp\/v2\/sectors?post=172274"},{"taxonomy":"article_tags","embeddable":true,"href":"https:\/\/admin.industriall-union.org\/es\/wp-json\/wp\/v2\/article_tags?post=172274"}],"curies":[{"name":"wp","href":"https:\/\/api.w.org\/{rel}","templated":true}]}}