{"id":172260,"date":"2014-04-03T18:07:25","date_gmt":"2014-04-03T18:07:25","guid":{"rendered":"https:\/\/admin.industriall-union.org\/turquia-georg-fischer-niega-los-derechos-sindicales\/"},"modified":"2025-02-08T03:09:44","modified_gmt":"2025-02-08T03:09:44","slug":"turquia-georg-fischer-niega-los-derechos-sindicales","status":"publish","type":"article","link":"https:\/\/admin.industriall-union.org\/es\/turquia-georg-fischer-niega-los-derechos-sindicales\/","title":{"rendered":"Turqu\u00eda: Georg Fischer niega los derechos sindicales"},"content":{"rendered":"<p>En Turqu\u00eda, Lastik-Is, el Sindicato de Trabajadores de los Sectores del Petr\u00f3leo, Qu\u00edmica y Caucho de Turqu\u00eda, afiliado a la central sindical nacional DISK y a IndustriALL, lanz\u00f3, hace algunos meses atr\u00e1s, una campa\u00f1a de sindicalizaci\u00f3n en las plantas de la compa\u00f1\u00eda llamada Georg Fischer Hakan Plastik.<\/p><p>Fundada en Suiza en 1802, esta empresa multinacional opera en 32 pa\u00edses, con 124 empresas, 48 de las cuales son plantas de producci\u00f3n para las \u00e1reas de sistemas de tuber\u00edas, y soluciones para procesos mecanizados y automoci\u00f3n.<\/p><p>Georg Fischer ha aplicado severas medidas contra la labor de sindicalizaci\u00f3n. Hasta el momento, 37 miembros de Lastik-Is han sido despedidos por la administraci\u00f3n local, por la sencilla raz\u00f3n de haber ejercido sus leg\u00edtimos y fundamentales derechos de libertad de sindicaci\u00f3n. Estos derechos est\u00e1n establecidos en los convenios internacionales del trabajo de la OIT, y tambi\u00e9n en la Constituci\u00f3n de Turqu\u00eda y en la legislaci\u00f3n sindical nacional.<\/p><p>Junto con esto, en lugar de resolver las relaciones laborales en forma pac\u00edfica en las plantas, la administraci\u00f3n de Georg Fischer sigue utilizando la intimidaci\u00f3n, presionando a los miembros del sindicato para que renuncien a su afiliaci\u00f3n a Lastik-Is. Esta manipulaci\u00f3n empresarial la ejecutan, sobre todo, administradores de nivel intermedio en reuniones individuales, uno a uno, con todos los miembros del sindicato.<\/p><p>Mientras tanto, el Ministerio de Trabajo y Seguridad Social de Turqu\u00eda ha enviado una certificaci\u00f3n oficial a todas las partes pertinentes en la que confirma que Lastik-Is cuenta con una mayor\u00eda suficiente de la fuerza de trabajo como para ser parte de las negociaciones. Sin embargo, Georg Fischer contin\u00faa aplicando su pol\u00edtica antisindical, rechazando cualquier reuni\u00f3n a nivel nacional o internacional.<\/p><p>A pesar del esfuerzo positivo de IndustriALL Global Union y de su afiliado suizo UNIA, que varias veces han solicitado iniciar conversaciones con la administraci\u00f3n central y local de la empresa, ante esas solicitudes de di\u00e1logo, la compa\u00f1\u00eda ha dado constantemente respuesta negativa.<\/p><p>Con las medidas que Georg Fischer ha aplicado en Turqu\u00eda, est\u00e1 violando las disposiciones pertinentes del C\u00f3digo de Turqu\u00eda sobre Relaciones Laborales Colectivas y del C\u00f3digo Penal. Esta empresa tambi\u00e9n estar\u00eda incumpliendo las Directrices de la OCDE para Empresas Multinacionales, que reconocen expl\u00edcitamente el derecho de todos los empleados de una empresa de ser o convertirse en miembros de un sindicato y de participar en negociaciones colectivas.<\/p><p>Kemal \u00d6zkan, Secretario General Adjunto de IndustriALL Global Union, se\u00f1al\u00f3 al respecto: &quot;Lo que Georg Fischer hace en Turqu\u00eda es completamente inaceptable. Si la situaci\u00f3n en Turqu\u00eda sigue sin resolverse, nosotros, junto con nuestro afiliado suizo UNIA y todas las dem\u00e1s organizaciones miembros, llevaremos a cabo nuestra campa\u00f1a para intensificar nuestro apoyo a Lastik-Is y a los miembros del sindicato en Hakan Plastik&quot;.<\/p>","protected":false},"featured_media":0,"template":"","issues":[406,409,420,425],"companies":[],"regions":[250],"sectors":[478],"article_tags":[],"class_list":["post-172260","article","type-article","status-publish","hentry","issues-confronting-global-capital","issues-multinational-companies-mncs","issues-solidarity","issues-workers-rights","regions-turkiye","sectors-plastics"],"acf":[],"yoast_head":"<!-- This site is optimized with the Yoast SEO Premium plugin v27.1 (Yoast SEO v27.1) - https:\/\/yoast.com\/product\/yoast-seo-premium-wordpress\/ -->\n<title>Turqu\u00eda: Georg Fischer niega los derechos sindicales - industriall-union<\/title>\n<meta name=\"description\" content=\"En Turqu\u00eda, Lastik-Is, el Sindicato de Trabajadores de los Sectores del Petr\u00f3leo, Qu\u00edmica y Caucho de Turqu\u00eda, afiliado a la central sindical nacional\" \/>\n<meta name=\"robots\" content=\"index, follow, max-snippet:-1, max-image-preview:large, max-video-preview:-1\" \/>\n<link rel=\"canonical\" href=\"https:\/\/admin.industriall-union.org\/es\/turquia-georg-fischer-niega-los-derechos-sindicales\/\" \/>\n<meta property=\"og:locale\" content=\"es_ES\" \/>\n<meta property=\"og:type\" content=\"article\" \/>\n<meta property=\"og:title\" content=\"Turqu\u00eda: Georg Fischer niega los derechos sindicales\" \/>\n<meta property=\"og:description\" content=\"En Turqu\u00eda, Lastik-Is, el Sindicato de Trabajadores de los Sectores del Petr\u00f3leo, Qu\u00edmica y Caucho de Turqu\u00eda, afiliado a la central sindical nacional\" \/>\n<meta property=\"og:url\" content=\"https:\/\/admin.industriall-union.org\/es\/turquia-georg-fischer-niega-los-derechos-sindicales\/\" \/>\n<meta property=\"og:site_name\" content=\"industriall-union\" \/>\n<meta property=\"article:modified_time\" content=\"2025-02-08T03:09:44+00:00\" \/>\n<meta name=\"twitter:card\" content=\"summary_large_image\" \/>\n<meta name=\"twitter:label1\" content=\"Est. reading time\" \/>\n\t<meta name=\"twitter:data1\" content=\"2 minutes\" \/>\n<script type=\"application\/ld+json\" class=\"yoast-schema-graph\">{\"@context\":\"https:\/\/schema.org\",\"@graph\":[{\"@type\":\"WebPage\",\"@id\":\"https:\/\/admin.industriall-union.org\/es\/turquia-georg-fischer-niega-los-derechos-sindicales\/\",\"url\":\"https:\/\/admin.industriall-union.org\/es\/turquia-georg-fischer-niega-los-derechos-sindicales\/\",\"name\":\"Turqu\u00eda: Georg Fischer niega los derechos sindicales - industriall-union\",\"isPartOf\":{\"@id\":\"https:\/\/admin.industriall-union.org\/#website\"},\"datePublished\":\"2014-04-03T18:07:25+00:00\",\"dateModified\":\"2025-02-08T03:09:44+00:00\",\"description\":\"En Turqu\u00eda, Lastik-Is, el Sindicato de Trabajadores de los Sectores del Petr\u00f3leo, Qu\u00edmica y Caucho de Turqu\u00eda, afiliado a la central sindical nacional\",\"breadcrumb\":{\"@id\":\"https:\/\/admin.industriall-union.org\/es\/turquia-georg-fischer-niega-los-derechos-sindicales\/#breadcrumb\"},\"inLanguage\":\"es-ES\",\"potentialAction\":[{\"@type\":\"ReadAction\",\"target\":[\"https:\/\/admin.industriall-union.org\/es\/turquia-georg-fischer-niega-los-derechos-sindicales\/\"]}]},{\"@type\":\"BreadcrumbList\",\"@id\":\"https:\/\/admin.industriall-union.org\/es\/turquia-georg-fischer-niega-los-derechos-sindicales\/#breadcrumb\",\"itemListElement\":[{\"@type\":\"ListItem\",\"position\":1,\"name\":\"Home\",\"item\":\"https:\/\/admin.industriall-union.org\/\"},{\"@type\":\"ListItem\",\"position\":2,\"name\":\"Articles\",\"item\":\"https:\/\/admin.industriall-union.org\/article\/\"},{\"@type\":\"ListItem\",\"position\":3,\"name\":\"Turqu\u00eda: Georg Fischer niega los derechos sindicales\"}]},{\"@type\":\"WebSite\",\"@id\":\"https:\/\/admin.industriall-union.org\/#website\",\"url\":\"https:\/\/admin.industriall-union.org\/\",\"name\":\"industriall-union\",\"description\":\"\",\"potentialAction\":[{\"@type\":\"SearchAction\",\"target\":{\"@type\":\"EntryPoint\",\"urlTemplate\":\"https:\/\/admin.industriall-union.org\/?s={search_term_string}\"},\"query-input\":{\"@type\":\"PropertyValueSpecification\",\"valueRequired\":true,\"valueName\":\"search_term_string\"}}],\"inLanguage\":\"es-ES\"}]}<\/script>\n<!-- \/ Yoast SEO Premium plugin. -->","yoast_head_json":{"title":"Turqu\u00eda: Georg Fischer niega los derechos sindicales - industriall-union","description":"En Turqu\u00eda, Lastik-Is, el Sindicato de Trabajadores de los Sectores del Petr\u00f3leo, Qu\u00edmica y Caucho de Turqu\u00eda, afiliado a la central sindical nacional","robots":{"index":"index","follow":"follow","max-snippet":"max-snippet:-1","max-image-preview":"max-image-preview:large","max-video-preview":"max-video-preview:-1"},"canonical":"https:\/\/admin.industriall-union.org\/es\/turquia-georg-fischer-niega-los-derechos-sindicales\/","og_locale":"es_ES","og_type":"article","og_title":"Turqu\u00eda: Georg Fischer niega los derechos sindicales","og_description":"En Turqu\u00eda, Lastik-Is, el Sindicato de Trabajadores de los Sectores del Petr\u00f3leo, Qu\u00edmica y Caucho de Turqu\u00eda, afiliado a la central sindical nacional","og_url":"https:\/\/admin.industriall-union.org\/es\/turquia-georg-fischer-niega-los-derechos-sindicales\/","og_site_name":"industriall-union","article_modified_time":"2025-02-08T03:09:44+00:00","twitter_card":"summary_large_image","twitter_misc":{"Est. reading time":"2 minutes"},"schema":{"@context":"https:\/\/schema.org","@graph":[{"@type":"WebPage","@id":"https:\/\/admin.industriall-union.org\/es\/turquia-georg-fischer-niega-los-derechos-sindicales\/","url":"https:\/\/admin.industriall-union.org\/es\/turquia-georg-fischer-niega-los-derechos-sindicales\/","name":"Turqu\u00eda: Georg Fischer niega los derechos sindicales - industriall-union","isPartOf":{"@id":"https:\/\/admin.industriall-union.org\/#website"},"datePublished":"2014-04-03T18:07:25+00:00","dateModified":"2025-02-08T03:09:44+00:00","description":"En Turqu\u00eda, Lastik-Is, el Sindicato de Trabajadores de los Sectores del Petr\u00f3leo, Qu\u00edmica y Caucho de Turqu\u00eda, afiliado a la central sindical nacional","breadcrumb":{"@id":"https:\/\/admin.industriall-union.org\/es\/turquia-georg-fischer-niega-los-derechos-sindicales\/#breadcrumb"},"inLanguage":"es-ES","potentialAction":[{"@type":"ReadAction","target":["https:\/\/admin.industriall-union.org\/es\/turquia-georg-fischer-niega-los-derechos-sindicales\/"]}]},{"@type":"BreadcrumbList","@id":"https:\/\/admin.industriall-union.org\/es\/turquia-georg-fischer-niega-los-derechos-sindicales\/#breadcrumb","itemListElement":[{"@type":"ListItem","position":1,"name":"Home","item":"https:\/\/admin.industriall-union.org\/"},{"@type":"ListItem","position":2,"name":"Articles","item":"https:\/\/admin.industriall-union.org\/article\/"},{"@type":"ListItem","position":3,"name":"Turqu\u00eda: Georg Fischer niega los derechos sindicales"}]},{"@type":"WebSite","@id":"https:\/\/admin.industriall-union.org\/#website","url":"https:\/\/admin.industriall-union.org\/","name":"industriall-union","description":"","potentialAction":[{"@type":"SearchAction","target":{"@type":"EntryPoint","urlTemplate":"https:\/\/admin.industriall-union.org\/?s={search_term_string}"},"query-input":{"@type":"PropertyValueSpecification","valueRequired":true,"valueName":"search_term_string"}}],"inLanguage":"es-ES"}]}},"_links":{"self":[{"href":"https:\/\/admin.industriall-union.org\/es\/wp-json\/wp\/v2\/article\/172260","targetHints":{"allow":["GET"]}}],"collection":[{"href":"https:\/\/admin.industriall-union.org\/es\/wp-json\/wp\/v2\/article"}],"about":[{"href":"https:\/\/admin.industriall-union.org\/es\/wp-json\/wp\/v2\/types\/article"}],"wp:attachment":[{"href":"https:\/\/admin.industriall-union.org\/es\/wp-json\/wp\/v2\/media?parent=172260"}],"wp:term":[{"taxonomy":"issues","embeddable":true,"href":"https:\/\/admin.industriall-union.org\/es\/wp-json\/wp\/v2\/issues?post=172260"},{"taxonomy":"companies","embeddable":true,"href":"https:\/\/admin.industriall-union.org\/es\/wp-json\/wp\/v2\/companies?post=172260"},{"taxonomy":"regions","embeddable":true,"href":"https:\/\/admin.industriall-union.org\/es\/wp-json\/wp\/v2\/regions?post=172260"},{"taxonomy":"sectors","embeddable":true,"href":"https:\/\/admin.industriall-union.org\/es\/wp-json\/wp\/v2\/sectors?post=172260"},{"taxonomy":"article_tags","embeddable":true,"href":"https:\/\/admin.industriall-union.org\/es\/wp-json\/wp\/v2\/article_tags?post=172260"}],"curies":[{"name":"wp","href":"https:\/\/api.w.org\/{rel}","templated":true}]}}