{"id":172175,"date":"2014-04-23T22:01:00","date_gmt":"2014-04-23T22:01:00","guid":{"rendered":"https:\/\/admin.industriall-union.org\/el-compromiso-de-las-marcas-con-el-fondo-de-indemnizacion-rana-plaza-lamentablemente-inadecuado\/"},"modified":"2025-02-08T02:32:17","modified_gmt":"2025-02-08T02:32:17","slug":"el-compromiso-de-las-marcas-con-el-fondo-de-indemnizacion-rana-plaza-lamentablemente-inadecuado","status":"publish","type":"article","link":"https:\/\/admin.industriall-union.org\/es\/el-compromiso-de-las-marcas-con-el-fondo-de-indemnizacion-rana-plaza-lamentablemente-inadecuado\/","title":{"rendered":"El compromiso de las marcas con el fondo de indemnizaci\u00f3n Rana Plaza lamentablemente inadecuado"},"content":{"rendered":"<p>M\u00e1s de 1.100 personas murieron y otras 2.000 resultaron heridas al hundirse el 24 de abril de 2013 el edificio de ocho plantas de f\u00e1bricas de ropa Rana Plaza, en la capital Dhaka.<\/p><p>Las contribuciones de las marcas al Fondo Fiduciario de Donantes Rana Plaza siguen siendo lamentablemente inadecuadas; hasta ahora s\u00f3lo se han aportado unos 15 millones $ EE.UU. al fondo, establecido para proporcionar ayuda econ\u00f3mica y m\u00e9dica a las v\u00edctimas y a sus familias, de conformidad con las directrices de la Organizaci\u00f3n Internacional del Trabajo (OIT).<\/p><p>El secretario general de la IndustriALL Global Union, Jyrki Raina, dijo:<\/p><blockquote><p>Instamos a todas las marcas que han trabajado en Bangladesh a que contribuyan al fondo con una cantidad considerable, pues comparten la responsabilidad colectiva de este modelo de producci\u00f3n profundamente insostenible y sus riesgos. Este modelo que ahora estamos a punto de cambiar.<\/p><\/blockquote><p>El Fondo fiduciario de Donantes se estableci\u00f3 mediante el Acuerdo del Rana Plaza, por un \u00f3rgano neutral e independientes de partes interesadas, presidido por la OIT, y del que es signataria la IndustriALL.<\/p><p>El Acuerdo ha iniciado ya el proceso de registro de demandantes El comisario ejecutivo del Comit\u00e9 de Coordinaci\u00f3n del Acuerdo del Rana Plaza, Dr. Mojtaba Kazazi, dijo:<\/p><p>&ldquo;Si se dispone de fondos, todo se har\u00e1 en seis meses, y se cerrar\u00e1 el caso. De lo contrario, no habremos prestado el debido servicio a esas personas, porque eso significa que hemos suscitado excesivas expectativas, y si no podemos cumplirlas la situaci\u00f3n no ser\u00e1 buena.&rdquo;<\/p><p>Ineke Zeldenrust, de la Campa\u00f1a Ropa Limpia (CRL), dijo:<\/p><p>&quot;La falta de acci\u00f3n es sorprendente; marcas como Benetton, Adler Modermarkte, Carrefour y Matalan no han hecho hasta el momento ninguna contribuci\u00f3n al Fondo Fiduciario, y ahora tienen que pagar. Los actuales niveles de las contribuciones son claramente inadecuados: las marcas Mango, KIK, Inditex y C&amp;A deben aumentar sus contribuciones. Hasta ahora, s\u00f3lo Loblaw ha acordado pagar 1,54 millones $ EE.UU. m\u00e1s, con lo que su contribuci\u00f3n total ascender\u00e1 a 3,63 millones $ EE.UU. Las v\u00edctimas han sufrido durante demasiado tiempo, y al acercarnos al primer aniversario no puede haber m\u00e1s excusas.&rdquo;<\/p><p>&ldquo;El desastre del Rana Plaza fue una se\u00f1al de alarma devastadora para las marcas que se abastec\u00edan de las f\u00e1bricas de ropa en Bangladesh. Desde hace un a\u00f1o, la IndustriALL, junto con la UNI Global Union y nuestras ONG asociadas, lucha m\u00e1s arduamente que nunca por mejorar la seguridad en la industria de la confecci\u00f3n bangladesh\u00ed, que se ha cobrado la vida de m\u00e1s de 1.800 trabajadores en las \u00faltimos siete a\u00f1os&rdquo;, agreg\u00f3 Raina.<\/p><p>M\u00e1s de 160 marcas han firmado el Acuerdo sobre seguridad contra incendios y de los edificios en Bangladesh, acuerdo legalmente vinculante patrocinado por la IndustriALL y la UNI para mejorar las condiciones de seguridad en 1.600 f\u00e1bricas, que abarca a unos 2 millones de trabajadores.<\/p><p>A finales de septiembre de 2014, todas las f\u00e1bricas que producen prendas para las empresas firmantes del Acuerdo habr\u00e1n sido inspeccionadas, y se habr\u00e1n formulado recomendaciones para la reparaci\u00f3n de las f\u00e1bricas peligrosas.<\/p><p>El secretario general de la UNI Global Union, Philip Jennings, dijo: &ldquo;El equipo del Acuerdo est\u00e1 tomando firmes decisiones sobre el terreno. Cuando se suspende el trabajo en una f\u00e1brica los trabajadores pueden tener dificultades, pero no hay opci\u00f3n cuando nos encontramos ante otro posible Rana Plaza.&rdquo;<\/p><p>&ldquo;Este proyecto no abarca s\u00f3lo la seguridad; se trata tambi\u00e9n de acabar con los salarios de miseria en Bangladesh. El a\u00f1o pasado, tras una larga campa\u00f1a y movilizaci\u00f3n, el Gobierno de Bangladesh acord\u00f3 en noviembre elevar el salario m\u00ednimo de 38 a 67 d\u00f3lares estadounidenses mensuales. Pero esto es s\u00f3lo el primer paso hacia una salario digno a que tiene derecho todo trabajador, hombre o mujer. Tenemos que seguir realizando revisiones anuales, y las marcas y los minoristas han de pagar un precio justo a los propietarios de las f\u00e1bricas para garantizar un salario digno.&rdquo;<\/p><p>Fin<\/p><p>Contacto:<\/p><p>Leonie Guguen, oficial de Comunicaciones, IndustriALL Global Union. Tel: +41 22 308 50 23&nbsp;I&nbsp;<a href=\"mailto:lguguen@industriall-union.org\">lguguen@industriall-union.org<\/a>&nbsp;I&nbsp;<a href=\"http:\/\/www.industriALL-union.org\">www.industriALL-union.org<\/a> Switchboard: +41 22 308 50 50<\/p>","protected":false},"featured_media":0,"template":"","issues":[414],"companies":[],"regions":[159],"sectors":[465],"article_tags":[521],"class_list":["post-172175","article","type-article","status-publish","hentry","issues-action-on-bangladesh","regions-bangladesh","sectors-garment","article_tags-press-release"],"acf":[],"yoast_head":"<!-- This site is optimized with the Yoast SEO Premium plugin v27.1 (Yoast SEO v27.1) - https:\/\/yoast.com\/product\/yoast-seo-premium-wordpress\/ -->\n<title>El compromiso de las marcas con el fondo de indemnizaci\u00f3n Rana Plaza lamentablemente inadecuado - industriall-union<\/title>\n<meta name=\"description\" content=\"M\u00e1s de 1.100 personas murieron y otras 2.000 resultaron heridas al hundirse el 24 de abril de 2013 el edificio de ocho plantas de f\u00e1bricas de ropa Rana\" \/>\n<meta name=\"robots\" content=\"index, follow, max-snippet:-1, max-image-preview:large, max-video-preview:-1\" \/>\n<link rel=\"canonical\" href=\"https:\/\/admin.industriall-union.org\/es\/el-compromiso-de-las-marcas-con-el-fondo-de-indemnizacion-rana-plaza-lamentablemente-inadecuado\/\" \/>\n<meta property=\"og:locale\" content=\"es_ES\" \/>\n<meta property=\"og:type\" content=\"article\" \/>\n<meta property=\"og:title\" content=\"El compromiso de las marcas con el fondo de indemnizaci\u00f3n Rana Plaza lamentablemente inadecuado\" \/>\n<meta property=\"og:description\" content=\"M\u00e1s de 1.100 personas murieron y otras 2.000 resultaron heridas al hundirse el 24 de abril de 2013 el edificio de ocho plantas de f\u00e1bricas de ropa Rana\" \/>\n<meta property=\"og:url\" content=\"https:\/\/admin.industriall-union.org\/es\/el-compromiso-de-las-marcas-con-el-fondo-de-indemnizacion-rana-plaza-lamentablemente-inadecuado\/\" \/>\n<meta property=\"og:site_name\" content=\"industriall-union\" \/>\n<meta property=\"article:modified_time\" content=\"2025-02-08T02:32:17+00:00\" \/>\n<meta name=\"twitter:card\" content=\"summary_large_image\" \/>\n<meta name=\"twitter:label1\" content=\"Est. reading time\" \/>\n\t<meta name=\"twitter:data1\" content=\"4 minutes\" \/>\n<script type=\"application\/ld+json\" class=\"yoast-schema-graph\">{\"@context\":\"https:\/\/schema.org\",\"@graph\":[{\"@type\":\"WebPage\",\"@id\":\"https:\/\/admin.industriall-union.org\/es\/el-compromiso-de-las-marcas-con-el-fondo-de-indemnizacion-rana-plaza-lamentablemente-inadecuado\/\",\"url\":\"https:\/\/admin.industriall-union.org\/es\/el-compromiso-de-las-marcas-con-el-fondo-de-indemnizacion-rana-plaza-lamentablemente-inadecuado\/\",\"name\":\"El compromiso de las marcas con el fondo de indemnizaci\u00f3n Rana Plaza lamentablemente inadecuado - industriall-union\",\"isPartOf\":{\"@id\":\"https:\/\/admin.industriall-union.org\/#website\"},\"datePublished\":\"2014-04-23T22:01:00+00:00\",\"dateModified\":\"2025-02-08T02:32:17+00:00\",\"description\":\"M\u00e1s de 1.100 personas murieron y otras 2.000 resultaron heridas al hundirse el 24 de abril de 2013 el edificio de ocho plantas de f\u00e1bricas de ropa Rana\",\"breadcrumb\":{\"@id\":\"https:\/\/admin.industriall-union.org\/es\/el-compromiso-de-las-marcas-con-el-fondo-de-indemnizacion-rana-plaza-lamentablemente-inadecuado\/#breadcrumb\"},\"inLanguage\":\"es-ES\",\"potentialAction\":[{\"@type\":\"ReadAction\",\"target\":[\"https:\/\/admin.industriall-union.org\/es\/el-compromiso-de-las-marcas-con-el-fondo-de-indemnizacion-rana-plaza-lamentablemente-inadecuado\/\"]}]},{\"@type\":\"BreadcrumbList\",\"@id\":\"https:\/\/admin.industriall-union.org\/es\/el-compromiso-de-las-marcas-con-el-fondo-de-indemnizacion-rana-plaza-lamentablemente-inadecuado\/#breadcrumb\",\"itemListElement\":[{\"@type\":\"ListItem\",\"position\":1,\"name\":\"Home\",\"item\":\"https:\/\/admin.industriall-union.org\/\"},{\"@type\":\"ListItem\",\"position\":2,\"name\":\"Articles\",\"item\":\"https:\/\/admin.industriall-union.org\/article\/\"},{\"@type\":\"ListItem\",\"position\":3,\"name\":\"El compromiso de las marcas con el fondo de indemnizaci\u00f3n Rana Plaza lamentablemente inadecuado\"}]},{\"@type\":\"WebSite\",\"@id\":\"https:\/\/admin.industriall-union.org\/#website\",\"url\":\"https:\/\/admin.industriall-union.org\/\",\"name\":\"industriall-union\",\"description\":\"\",\"potentialAction\":[{\"@type\":\"SearchAction\",\"target\":{\"@type\":\"EntryPoint\",\"urlTemplate\":\"https:\/\/admin.industriall-union.org\/?s={search_term_string}\"},\"query-input\":{\"@type\":\"PropertyValueSpecification\",\"valueRequired\":true,\"valueName\":\"search_term_string\"}}],\"inLanguage\":\"es-ES\"}]}<\/script>\n<!-- \/ Yoast SEO Premium plugin. -->","yoast_head_json":{"title":"El compromiso de las marcas con el fondo de indemnizaci\u00f3n Rana Plaza lamentablemente inadecuado - industriall-union","description":"M\u00e1s de 1.100 personas murieron y otras 2.000 resultaron heridas al hundirse el 24 de abril de 2013 el edificio de ocho plantas de f\u00e1bricas de ropa Rana","robots":{"index":"index","follow":"follow","max-snippet":"max-snippet:-1","max-image-preview":"max-image-preview:large","max-video-preview":"max-video-preview:-1"},"canonical":"https:\/\/admin.industriall-union.org\/es\/el-compromiso-de-las-marcas-con-el-fondo-de-indemnizacion-rana-plaza-lamentablemente-inadecuado\/","og_locale":"es_ES","og_type":"article","og_title":"El compromiso de las marcas con el fondo de indemnizaci\u00f3n Rana Plaza lamentablemente inadecuado","og_description":"M\u00e1s de 1.100 personas murieron y otras 2.000 resultaron heridas al hundirse el 24 de abril de 2013 el edificio de ocho plantas de f\u00e1bricas de ropa Rana","og_url":"https:\/\/admin.industriall-union.org\/es\/el-compromiso-de-las-marcas-con-el-fondo-de-indemnizacion-rana-plaza-lamentablemente-inadecuado\/","og_site_name":"industriall-union","article_modified_time":"2025-02-08T02:32:17+00:00","twitter_card":"summary_large_image","twitter_misc":{"Est. reading time":"4 minutes"},"schema":{"@context":"https:\/\/schema.org","@graph":[{"@type":"WebPage","@id":"https:\/\/admin.industriall-union.org\/es\/el-compromiso-de-las-marcas-con-el-fondo-de-indemnizacion-rana-plaza-lamentablemente-inadecuado\/","url":"https:\/\/admin.industriall-union.org\/es\/el-compromiso-de-las-marcas-con-el-fondo-de-indemnizacion-rana-plaza-lamentablemente-inadecuado\/","name":"El compromiso de las marcas con el fondo de indemnizaci\u00f3n Rana Plaza lamentablemente inadecuado - industriall-union","isPartOf":{"@id":"https:\/\/admin.industriall-union.org\/#website"},"datePublished":"2014-04-23T22:01:00+00:00","dateModified":"2025-02-08T02:32:17+00:00","description":"M\u00e1s de 1.100 personas murieron y otras 2.000 resultaron heridas al hundirse el 24 de abril de 2013 el edificio de ocho plantas de f\u00e1bricas de ropa Rana","breadcrumb":{"@id":"https:\/\/admin.industriall-union.org\/es\/el-compromiso-de-las-marcas-con-el-fondo-de-indemnizacion-rana-plaza-lamentablemente-inadecuado\/#breadcrumb"},"inLanguage":"es-ES","potentialAction":[{"@type":"ReadAction","target":["https:\/\/admin.industriall-union.org\/es\/el-compromiso-de-las-marcas-con-el-fondo-de-indemnizacion-rana-plaza-lamentablemente-inadecuado\/"]}]},{"@type":"BreadcrumbList","@id":"https:\/\/admin.industriall-union.org\/es\/el-compromiso-de-las-marcas-con-el-fondo-de-indemnizacion-rana-plaza-lamentablemente-inadecuado\/#breadcrumb","itemListElement":[{"@type":"ListItem","position":1,"name":"Home","item":"https:\/\/admin.industriall-union.org\/"},{"@type":"ListItem","position":2,"name":"Articles","item":"https:\/\/admin.industriall-union.org\/article\/"},{"@type":"ListItem","position":3,"name":"El compromiso de las marcas con el fondo de indemnizaci\u00f3n Rana Plaza lamentablemente inadecuado"}]},{"@type":"WebSite","@id":"https:\/\/admin.industriall-union.org\/#website","url":"https:\/\/admin.industriall-union.org\/","name":"industriall-union","description":"","potentialAction":[{"@type":"SearchAction","target":{"@type":"EntryPoint","urlTemplate":"https:\/\/admin.industriall-union.org\/?s={search_term_string}"},"query-input":{"@type":"PropertyValueSpecification","valueRequired":true,"valueName":"search_term_string"}}],"inLanguage":"es-ES"}]}},"_links":{"self":[{"href":"https:\/\/admin.industriall-union.org\/es\/wp-json\/wp\/v2\/article\/172175","targetHints":{"allow":["GET"]}}],"collection":[{"href":"https:\/\/admin.industriall-union.org\/es\/wp-json\/wp\/v2\/article"}],"about":[{"href":"https:\/\/admin.industriall-union.org\/es\/wp-json\/wp\/v2\/types\/article"}],"wp:attachment":[{"href":"https:\/\/admin.industriall-union.org\/es\/wp-json\/wp\/v2\/media?parent=172175"}],"wp:term":[{"taxonomy":"issues","embeddable":true,"href":"https:\/\/admin.industriall-union.org\/es\/wp-json\/wp\/v2\/issues?post=172175"},{"taxonomy":"companies","embeddable":true,"href":"https:\/\/admin.industriall-union.org\/es\/wp-json\/wp\/v2\/companies?post=172175"},{"taxonomy":"regions","embeddable":true,"href":"https:\/\/admin.industriall-union.org\/es\/wp-json\/wp\/v2\/regions?post=172175"},{"taxonomy":"sectors","embeddable":true,"href":"https:\/\/admin.industriall-union.org\/es\/wp-json\/wp\/v2\/sectors?post=172175"},{"taxonomy":"article_tags","embeddable":true,"href":"https:\/\/admin.industriall-union.org\/es\/wp-json\/wp\/v2\/article_tags?post=172175"}],"curies":[{"name":"wp","href":"https:\/\/api.w.org\/{rel}","templated":true}]}}