{"id":172063,"date":"2014-05-13T12:17:39","date_gmt":"2014-05-13T12:17:39","guid":{"rendered":"https:\/\/admin.industriall-union.org\/con-fuerza-y-compromiso-los-sindicatos-de-la-region-construyen-poder-sindical\/"},"modified":"2025-02-08T01:47:18","modified_gmt":"2025-02-08T01:47:18","slug":"con-fuerza-y-compromiso-los-sindicatos-de-la-region-construyen-poder-sindical","status":"publish","type":"article","link":"https:\/\/admin.industriall-union.org\/es\/con-fuerza-y-compromiso-los-sindicatos-de-la-region-construyen-poder-sindical\/","title":{"rendered":"Con Fuerza y Compromiso los Sindicatos de la Regi\u00f3n Construyen Poder Sindical"},"content":{"rendered":"<p>El grito de guerra de las mujeres de Am\u00e9rica Latina y el Caribe, como lo llamaron, fue creado en la primera conferencia de mujeres, realizada el 6 de mayo, una forma de resumir las reivindicaciones en las cuales van a trabajar hasta el 2016, dentro de las cuales est\u00e1n una mayor representaci\u00f3n, una campa\u00f1a contra la violencia y seguir con la lucha por un salario digno.<\/p><p>El entusiasmo de las mujeres contagi\u00f3 a todos los asistentes, quienes tambi\u00e9n ovacionaron la aprobaci\u00f3n y se sumaron al grito. &ldquo;Yo estoy muy contento de la energ\u00eda y la din\u00e1mica de esta Conferencia Regional&rdquo;, se\u00f1al\u00f3 Jyrki Raina, Secretario General de IndustriALL, respaldando la propuesta de 40% de la cuota de representaci\u00f3n.<\/p><p>&ldquo;Porque queremos construir juntos hombres y mujeres; ser parte de la lucha en igual forma en todo IndustriALL&rdquo;, los afiliados manifestaron su inter\u00e9s para que IndustriALL promueva la igualdad de oportunidades, con un mayor equilibrio entre las regiones dentro del Comit\u00e9 Ejecutivo, y respaldando acciones democr\u00e1ticas para mujeres y j\u00f3venes.<\/p><p>Dicha resoluci\u00f3n cont\u00f3 con el total respaldo de los&nbsp; 250 representantes de los sindicatos afiliados, manifestando tambi\u00e9n un compromiso y equilibrio de la regi\u00f3n con los afiliados del Caribe.<\/p><p>Con intervenciones como &ldquo;necesitamos de un &nbsp;cambio generacional sindical que articule masas&rdquo;, &ldquo;la juventud no quiere seguir siendo explotada&rdquo;, los jovenes, que tambi\u00e9n fueron protagonistas en la jornada de cierre de la Conferencia Regional en Colombia, llamaron a IndustriALL que apoye el proceso de educaci\u00f3n y formaci\u00f3n de j\u00f3venes sindicalistas.<\/p><p>El esp\u00edritu de los j\u00f3venes, su preparaci\u00f3n y su entusiasmo conquistaron por unanimidad la aprobaci\u00f3n de la propuesta en cuanto a construcci\u00f3n de una pol\u00edtica continua respecto a temas de formaci\u00f3n y sindicalizaci\u00f3n; la construcci\u00f3n de espacios de inclusi\u00f3n hacia los j\u00f3venes en la estructura sindical; y la promoci\u00f3n de pautas espec\u00edficas que desarrollen acuerdos para la juventud trabajadora.<\/p><p>Al cierre de la Conferencia realizada en Colombia,&nbsp; Jorge Almeida, en representaci\u00f3n de IndustriALL en Am\u00e9rica Latina y el Caribe, expres\u00f3 que &ldquo;estoy agradablemente sorprendido por el clima vivido en toda esta reuni\u00f3n, con la posibilidad de la diversidad de culturas, de idiomas, de razas, &nbsp;donde todos tuvimos la posibilidad de discutir y decidir estas acciones, de estas importantes resoluciones las cuales reflejan el trabajo hacia el fortalecimiento sindical. Hemos trabajado para fortalecer la unidad global y regional, estamos construyendo futuro, porque Am\u00e9rica Latina merece un futuro mejor&rdquo;.<\/p>","protected":false},"featured_media":0,"template":"","issues":[396],"companies":[],"regions":[254],"sectors":[],"article_tags":[511],"class_list":["post-172063","article","type-article","status-publish","hentry","issues-building-strong-unions","regions-latin-america-and-the-caribbean","article_tags-industriall"],"acf":[],"yoast_head":"<!-- This site is optimized with the Yoast SEO Premium plugin v27.1 (Yoast SEO v27.1) - https:\/\/yoast.com\/product\/yoast-seo-premium-wordpress\/ -->\n<title>Con Fuerza y Compromiso los Sindicatos de la Regi\u00f3n Construyen Poder Sindical - industriall-union<\/title>\n<meta name=\"description\" content=\"El grito de guerra de las mujeres de Am\u00e9rica Latina y el Caribe, como lo llamaron, fue creado en la primera conferencia de mujeres, realizada el 6 de\" \/>\n<meta name=\"robots\" content=\"index, follow, max-snippet:-1, max-image-preview:large, max-video-preview:-1\" \/>\n<link rel=\"canonical\" href=\"https:\/\/admin.industriall-union.org\/es\/con-fuerza-y-compromiso-los-sindicatos-de-la-region-construyen-poder-sindical\/\" \/>\n<meta property=\"og:locale\" content=\"es_ES\" \/>\n<meta property=\"og:type\" content=\"article\" \/>\n<meta property=\"og:title\" content=\"Con Fuerza y Compromiso los Sindicatos de la Regi\u00f3n Construyen Poder Sindical\" \/>\n<meta property=\"og:description\" content=\"El grito de guerra de las mujeres de Am\u00e9rica Latina y el Caribe, como lo llamaron, fue creado en la primera conferencia de mujeres, realizada el 6 de\" \/>\n<meta property=\"og:url\" content=\"https:\/\/admin.industriall-union.org\/es\/con-fuerza-y-compromiso-los-sindicatos-de-la-region-construyen-poder-sindical\/\" \/>\n<meta property=\"og:site_name\" content=\"industriall-union\" \/>\n<meta property=\"article:modified_time\" content=\"2025-02-08T01:47:18+00:00\" \/>\n<meta name=\"twitter:card\" content=\"summary_large_image\" \/>\n<meta name=\"twitter:label1\" content=\"Est. reading time\" \/>\n\t<meta name=\"twitter:data1\" content=\"2 minutes\" \/>\n<script type=\"application\/ld+json\" class=\"yoast-schema-graph\">{\"@context\":\"https:\/\/schema.org\",\"@graph\":[{\"@type\":\"WebPage\",\"@id\":\"https:\/\/admin.industriall-union.org\/es\/con-fuerza-y-compromiso-los-sindicatos-de-la-region-construyen-poder-sindical\/\",\"url\":\"https:\/\/admin.industriall-union.org\/es\/con-fuerza-y-compromiso-los-sindicatos-de-la-region-construyen-poder-sindical\/\",\"name\":\"Con Fuerza y Compromiso los Sindicatos de la Regi\u00f3n Construyen Poder Sindical - industriall-union\",\"isPartOf\":{\"@id\":\"https:\/\/admin.industriall-union.org\/#website\"},\"datePublished\":\"2014-05-13T12:17:39+00:00\",\"dateModified\":\"2025-02-08T01:47:18+00:00\",\"description\":\"El grito de guerra de las mujeres de Am\u00e9rica Latina y el Caribe, como lo llamaron, fue creado en la primera conferencia de mujeres, realizada el 6 de\",\"breadcrumb\":{\"@id\":\"https:\/\/admin.industriall-union.org\/es\/con-fuerza-y-compromiso-los-sindicatos-de-la-region-construyen-poder-sindical\/#breadcrumb\"},\"inLanguage\":\"es-ES\",\"potentialAction\":[{\"@type\":\"ReadAction\",\"target\":[\"https:\/\/admin.industriall-union.org\/es\/con-fuerza-y-compromiso-los-sindicatos-de-la-region-construyen-poder-sindical\/\"]}]},{\"@type\":\"BreadcrumbList\",\"@id\":\"https:\/\/admin.industriall-union.org\/es\/con-fuerza-y-compromiso-los-sindicatos-de-la-region-construyen-poder-sindical\/#breadcrumb\",\"itemListElement\":[{\"@type\":\"ListItem\",\"position\":1,\"name\":\"Home\",\"item\":\"https:\/\/admin.industriall-union.org\/\"},{\"@type\":\"ListItem\",\"position\":2,\"name\":\"Articles\",\"item\":\"https:\/\/admin.industriall-union.org\/article\/\"},{\"@type\":\"ListItem\",\"position\":3,\"name\":\"Con Fuerza y Compromiso los Sindicatos de la Regi\u00f3n Construyen Poder Sindical\"}]},{\"@type\":\"WebSite\",\"@id\":\"https:\/\/admin.industriall-union.org\/#website\",\"url\":\"https:\/\/admin.industriall-union.org\/\",\"name\":\"industriall-union\",\"description\":\"\",\"potentialAction\":[{\"@type\":\"SearchAction\",\"target\":{\"@type\":\"EntryPoint\",\"urlTemplate\":\"https:\/\/admin.industriall-union.org\/?s={search_term_string}\"},\"query-input\":{\"@type\":\"PropertyValueSpecification\",\"valueRequired\":true,\"valueName\":\"search_term_string\"}}],\"inLanguage\":\"es-ES\"}]}<\/script>\n<!-- \/ Yoast SEO Premium plugin. -->","yoast_head_json":{"title":"Con Fuerza y Compromiso los Sindicatos de la Regi\u00f3n Construyen Poder Sindical - industriall-union","description":"El grito de guerra de las mujeres de Am\u00e9rica Latina y el Caribe, como lo llamaron, fue creado en la primera conferencia de mujeres, realizada el 6 de","robots":{"index":"index","follow":"follow","max-snippet":"max-snippet:-1","max-image-preview":"max-image-preview:large","max-video-preview":"max-video-preview:-1"},"canonical":"https:\/\/admin.industriall-union.org\/es\/con-fuerza-y-compromiso-los-sindicatos-de-la-region-construyen-poder-sindical\/","og_locale":"es_ES","og_type":"article","og_title":"Con Fuerza y Compromiso los Sindicatos de la Regi\u00f3n Construyen Poder Sindical","og_description":"El grito de guerra de las mujeres de Am\u00e9rica Latina y el Caribe, como lo llamaron, fue creado en la primera conferencia de mujeres, realizada el 6 de","og_url":"https:\/\/admin.industriall-union.org\/es\/con-fuerza-y-compromiso-los-sindicatos-de-la-region-construyen-poder-sindical\/","og_site_name":"industriall-union","article_modified_time":"2025-02-08T01:47:18+00:00","twitter_card":"summary_large_image","twitter_misc":{"Est. reading time":"2 minutes"},"schema":{"@context":"https:\/\/schema.org","@graph":[{"@type":"WebPage","@id":"https:\/\/admin.industriall-union.org\/es\/con-fuerza-y-compromiso-los-sindicatos-de-la-region-construyen-poder-sindical\/","url":"https:\/\/admin.industriall-union.org\/es\/con-fuerza-y-compromiso-los-sindicatos-de-la-region-construyen-poder-sindical\/","name":"Con Fuerza y Compromiso los Sindicatos de la Regi\u00f3n Construyen Poder Sindical - industriall-union","isPartOf":{"@id":"https:\/\/admin.industriall-union.org\/#website"},"datePublished":"2014-05-13T12:17:39+00:00","dateModified":"2025-02-08T01:47:18+00:00","description":"El grito de guerra de las mujeres de Am\u00e9rica Latina y el Caribe, como lo llamaron, fue creado en la primera conferencia de mujeres, realizada el 6 de","breadcrumb":{"@id":"https:\/\/admin.industriall-union.org\/es\/con-fuerza-y-compromiso-los-sindicatos-de-la-region-construyen-poder-sindical\/#breadcrumb"},"inLanguage":"es-ES","potentialAction":[{"@type":"ReadAction","target":["https:\/\/admin.industriall-union.org\/es\/con-fuerza-y-compromiso-los-sindicatos-de-la-region-construyen-poder-sindical\/"]}]},{"@type":"BreadcrumbList","@id":"https:\/\/admin.industriall-union.org\/es\/con-fuerza-y-compromiso-los-sindicatos-de-la-region-construyen-poder-sindical\/#breadcrumb","itemListElement":[{"@type":"ListItem","position":1,"name":"Home","item":"https:\/\/admin.industriall-union.org\/"},{"@type":"ListItem","position":2,"name":"Articles","item":"https:\/\/admin.industriall-union.org\/article\/"},{"@type":"ListItem","position":3,"name":"Con Fuerza y Compromiso los Sindicatos de la Regi\u00f3n Construyen Poder Sindical"}]},{"@type":"WebSite","@id":"https:\/\/admin.industriall-union.org\/#website","url":"https:\/\/admin.industriall-union.org\/","name":"industriall-union","description":"","potentialAction":[{"@type":"SearchAction","target":{"@type":"EntryPoint","urlTemplate":"https:\/\/admin.industriall-union.org\/?s={search_term_string}"},"query-input":{"@type":"PropertyValueSpecification","valueRequired":true,"valueName":"search_term_string"}}],"inLanguage":"es-ES"}]}},"_links":{"self":[{"href":"https:\/\/admin.industriall-union.org\/es\/wp-json\/wp\/v2\/article\/172063","targetHints":{"allow":["GET"]}}],"collection":[{"href":"https:\/\/admin.industriall-union.org\/es\/wp-json\/wp\/v2\/article"}],"about":[{"href":"https:\/\/admin.industriall-union.org\/es\/wp-json\/wp\/v2\/types\/article"}],"wp:attachment":[{"href":"https:\/\/admin.industriall-union.org\/es\/wp-json\/wp\/v2\/media?parent=172063"}],"wp:term":[{"taxonomy":"issues","embeddable":true,"href":"https:\/\/admin.industriall-union.org\/es\/wp-json\/wp\/v2\/issues?post=172063"},{"taxonomy":"companies","embeddable":true,"href":"https:\/\/admin.industriall-union.org\/es\/wp-json\/wp\/v2\/companies?post=172063"},{"taxonomy":"regions","embeddable":true,"href":"https:\/\/admin.industriall-union.org\/es\/wp-json\/wp\/v2\/regions?post=172063"},{"taxonomy":"sectors","embeddable":true,"href":"https:\/\/admin.industriall-union.org\/es\/wp-json\/wp\/v2\/sectors?post=172063"},{"taxonomy":"article_tags","embeddable":true,"href":"https:\/\/admin.industriall-union.org\/es\/wp-json\/wp\/v2\/article_tags?post=172063"}],"curies":[{"name":"wp","href":"https:\/\/api.w.org\/{rel}","templated":true}]}}