{"id":172026,"date":"2014-05-14T09:16:00","date_gmt":"2014-05-14T09:16:00","guid":{"rendered":"https:\/\/admin.industriall-union.org\/el-numero-de-muertos-en-el-accidente-de-la-mina-de-turquia-aumenta-hasta-convertirse-en-una-carniceria\/"},"modified":"2025-02-08T01:42:56","modified_gmt":"2025-02-08T01:42:56","slug":"el-numero-de-muertos-en-el-accidente-de-la-mina-de-turquia-aumenta-hasta-convertirse-en-una-carniceria","status":"publish","type":"article","link":"https:\/\/admin.industriall-union.org\/es\/el-numero-de-muertos-en-el-accidente-de-la-mina-de-turquia-aumenta-hasta-convertirse-en-una-carniceria\/","title":{"rendered":"El n\u00famero de muertos en el accidente de la mina de Turqu\u00eda aumenta hasta convertirse en una carnicer\u00eda"},"content":{"rendered":"<p>La mina, que pertenece a una empresa privada, est\u00e1 organizada por el afiliado a la IndustriALL Maden-\u0130\u015f, la Uni\u00f3n de Trabajadores Mineros de Turqu\u00eda. Unos 800 mineros se encontraban en la mina y sus alrededores cuando un fallo el\u00e9ctrico provoc\u00f3 la explosi\u00f3n de un transformador, originando un gran incendio al mediod\u00eda del martes 13 de mayo. El incendio provoc\u00f3 un corte de energ\u00eda en la mina, las jaulas no pod\u00edan utilizarse y la mayor\u00eda de los trabajadores quedaron atrapados a 2 km bajo tierra y a 4 km de la salida. Las operaciones de rescate han continuado toda la noche, y las familias de los m\u00e1s de 200 mineros desparecidos esperan a la entrada de la mina y en el hospital local.<\/p><p>El historial de seguridad en las minas de Turqu\u00eda es deficiente, y la IndustriALL califica la muerte de los mineros de carnicer\u00eda. Todas las muertes en las minas pueden evitarse, y la campa\u00f1a de la IndustriALL para la ratificaci\u00f3n del Convenio n\u00fam. 176 de la OIT continuar\u00e1 en Turqu\u00eda y en otras partes. Ya est\u00e1 aumentando la presi\u00f3n sobre el Gobierno de Turqu\u00eda, criticado por ignorar las advertencias de seguridad, mientras los trabajadores pagan con sus vidas.<\/p><p>Nurettin Ak\u00e7ul, presidente general, y Vedat \u00dcnal, secretario general de Maden-\u0130\u015f, informan de que la explosi\u00f3n se produjo en el momento de un cambio de turno, por lo que es dif\u00edcil saber cu\u00e1ntos mineros siguen atrapados bajo tierra. Los l\u00edderes de Maden-\u0130\u015f informan de que &ldquo;la mina est\u00e1 registrada, con la certificaci\u00f3n legal necesaria, y todos los trabajadores est\u00e1n cubiertos por la seguridad social. Los representantes del sindicato local confirman que todos los trabajadores est\u00e1n equipados con m\u00e1scaras de ox\u00edgeno bajo tierra, pero nadie sabe cu\u00e1nto tiempo pueden mantenerles vivos las m\u00e1scaras en esta situaci\u00f3n&rdquo;.<\/p><p>La tasa de supervivencia de los mineros de carb\u00f3n como consecuencia de explosiones o incendios es sumamente baja, en comparaci\u00f3n con los accidentes en las minas de roca dura o metal. El rescate debe hacerse lo m\u00e1s r\u00e1pidamente posible despu\u00e9s de una explosi\u00f3n en una mina de carb\u00f3n para poder sacar con vida a los atrapados. La IndustriALL y todos los que est\u00e1n expectantes conf\u00edan en que este caso sea la excepci\u00f3n que confirme la regla. El envenenamiento por mon\u00f3xido de carbono es la mayor amenaza para los que siguen atrapados bajo tierra.<\/p><p>La IndustriALL Global Union ha escrito hoy a Maden-\u0130\u015f:<\/p><blockquote><p>Esta tragedia puede ser la mayor tragedia minera de los \u00faltimos tiempos, y es tanto m\u00e1s tr\u00e1gica por la actitud aparentemente indiferente del Gobierno y de las empresas mineras. Tal actitud es inaceptable y tiene que cesar. Es intolerable que a los trabajadores de las minas en Turqu\u00eda se les niegue su derecho humano fundamental a trabajar en un ambiente que garantice su seguridad, y que en lugar de eso se espera que vayan a&nbsp; morir en el trabajo.<\/p><p>El n\u00famero de mineros afectados por el accidente mortal es alucinante y sorprendente. Pedimos a la empresa privada que explota la mina y al Gobierno de Turqu\u00eda que hagan cuanto puedan para que el mayor n\u00famero posible de los 400 mineros que siguen atrapados en el pozo de la mina sean rescatados.<\/p><p>Turqu\u00eda tiene posiblemente el peor historial de seguridad en t\u00e9rminos de accidentes y explosiones en las minas de Europa, y el tercero peor del mundo. Hace realmente poco, el 7 de enero de 2013, ocho mineros perdieron la vida en otro accidente relacionado con la mina, que el presidente de su organizaci\u00f3n hermana Genel Maden-Is calific\u00f3 con raz\u00f3n de &ldquo;asesinato&rdquo; de trabajadores mineros.<\/p><p>La IndustriALL Global Union pide, con car\u00e1cter de urgencia, al Gobierno turco que ratifique y aplique inmediatamente el Convenio n\u00fam. 176 de la OIT sobre seguridad y salud en las minas, a fin de salvar las vidas de los mineros. El &ldquo;asesinato&rdquo; tiene que acabar. La IndustriALL Global Union no cejar\u00e1 hasta que el Gobierno turco act\u00fae en forma responsable y ratifique el Convenio n\u00fam. 176. Pedimos una vez m\u00e1s a las autoridades pol\u00edticas que tomen en serio la vida de los mineros y la antepongan al lucro.<\/p><\/blockquote><p>&ldquo;El Gobierno turco y los empleadores son los responsables de esta carnicer\u00eda&rdquo;, dijo Kemal \u00d6zkan, secretario general adjunto de la IndustriALL Global Union. &ldquo;Cuando los gobiernos no protegen a sus ciudadanos, no se trata meramente de una irresponsabilidad, sino de la violaci\u00f3n de uno de los deberes m\u00e1s fundamentales de todo gobierno. Turqu\u00eda aspira a la grandeza, y puede lograrla, pero no a costa de la vida de los trabajadores.&rdquo;<\/p><blockquote><p>Seg\u00fan los registros oficiales, en 73 a\u00f1os han muerto en Turqu\u00eda m\u00e1s de 3.000 mineros. Y estamos realmente inquietos, porque este accidente puede ser el peor. Ya est\u00e1 bien, el Gobierno turco tiene que actuar ahora; los mineros de mi pa\u00eds no pueden seguir pagando con sus vidas su inacci\u00f3n en minas peligrosas.<\/p><\/blockquote><p><strong>Contactos con la prensa:<\/strong><\/p><p><strong>Kemal \u00d6zkan, +41-79-7349044<\/strong><\/p><p><strong>Tom Grinter, +41-79-6934499<\/strong><\/p>","protected":false},"featured_media":0,"template":"","issues":[403,402,424],"companies":[],"regions":[250],"sectors":[495],"article_tags":[513],"class_list":["post-172026","article","type-article","status-publish","hentry","issues-convention-176-mine-safety","issues-health-and-safety","issues-violation","regions-turkiye","sectors-mining","article_tags-labour-laws"],"acf":[],"yoast_head":"<!-- This site is optimized with the Yoast SEO Premium plugin v27.1 (Yoast SEO v27.1) - https:\/\/yoast.com\/product\/yoast-seo-premium-wordpress\/ -->\n<title>El n\u00famero de muertos en el accidente de la mina de Turqu\u00eda aumenta hasta convertirse en una carnicer\u00eda - industriall-union<\/title>\n<meta name=\"description\" content=\"La mina, que pertenece a una empresa privada, est\u00e1 organizada por el afiliado a la IndustriALL Maden-\u0130\u015f, la Uni\u00f3n de Trabajadores Mineros de Turqu\u00eda. Unos\" \/>\n<meta name=\"robots\" content=\"index, follow, max-snippet:-1, max-image-preview:large, max-video-preview:-1\" \/>\n<link rel=\"canonical\" href=\"https:\/\/admin.industriall-union.org\/es\/el-numero-de-muertos-en-el-accidente-de-la-mina-de-turquia-aumenta-hasta-convertirse-en-una-carniceria\/\" \/>\n<meta property=\"og:locale\" content=\"es_ES\" \/>\n<meta property=\"og:type\" content=\"article\" \/>\n<meta property=\"og:title\" content=\"El n\u00famero de muertos en el accidente de la mina de Turqu\u00eda aumenta hasta convertirse en una carnicer\u00eda\" \/>\n<meta property=\"og:description\" content=\"La mina, que pertenece a una empresa privada, est\u00e1 organizada por el afiliado a la IndustriALL Maden-\u0130\u015f, la Uni\u00f3n de Trabajadores Mineros de Turqu\u00eda. Unos\" \/>\n<meta property=\"og:url\" content=\"https:\/\/admin.industriall-union.org\/es\/el-numero-de-muertos-en-el-accidente-de-la-mina-de-turquia-aumenta-hasta-convertirse-en-una-carniceria\/\" \/>\n<meta property=\"og:site_name\" content=\"industriall-union\" \/>\n<meta property=\"article:modified_time\" content=\"2025-02-08T01:42:56+00:00\" \/>\n<meta name=\"twitter:card\" content=\"summary_large_image\" \/>\n<meta name=\"twitter:label1\" content=\"Est. reading time\" \/>\n\t<meta name=\"twitter:data1\" content=\"4 minutes\" \/>\n<script type=\"application\/ld+json\" class=\"yoast-schema-graph\">{\"@context\":\"https:\/\/schema.org\",\"@graph\":[{\"@type\":\"WebPage\",\"@id\":\"https:\/\/admin.industriall-union.org\/es\/el-numero-de-muertos-en-el-accidente-de-la-mina-de-turquia-aumenta-hasta-convertirse-en-una-carniceria\/\",\"url\":\"https:\/\/admin.industriall-union.org\/es\/el-numero-de-muertos-en-el-accidente-de-la-mina-de-turquia-aumenta-hasta-convertirse-en-una-carniceria\/\",\"name\":\"El n\u00famero de muertos en el accidente de la mina de Turqu\u00eda aumenta hasta convertirse en una carnicer\u00eda - industriall-union\",\"isPartOf\":{\"@id\":\"https:\/\/admin.industriall-union.org\/#website\"},\"datePublished\":\"2014-05-14T09:16:00+00:00\",\"dateModified\":\"2025-02-08T01:42:56+00:00\",\"description\":\"La mina, que pertenece a una empresa privada, est\u00e1 organizada por el afiliado a la IndustriALL Maden-\u0130\u015f, la Uni\u00f3n de Trabajadores Mineros de Turqu\u00eda. Unos\",\"breadcrumb\":{\"@id\":\"https:\/\/admin.industriall-union.org\/es\/el-numero-de-muertos-en-el-accidente-de-la-mina-de-turquia-aumenta-hasta-convertirse-en-una-carniceria\/#breadcrumb\"},\"inLanguage\":\"es-ES\",\"potentialAction\":[{\"@type\":\"ReadAction\",\"target\":[\"https:\/\/admin.industriall-union.org\/es\/el-numero-de-muertos-en-el-accidente-de-la-mina-de-turquia-aumenta-hasta-convertirse-en-una-carniceria\/\"]}]},{\"@type\":\"BreadcrumbList\",\"@id\":\"https:\/\/admin.industriall-union.org\/es\/el-numero-de-muertos-en-el-accidente-de-la-mina-de-turquia-aumenta-hasta-convertirse-en-una-carniceria\/#breadcrumb\",\"itemListElement\":[{\"@type\":\"ListItem\",\"position\":1,\"name\":\"Home\",\"item\":\"https:\/\/admin.industriall-union.org\/\"},{\"@type\":\"ListItem\",\"position\":2,\"name\":\"Articles\",\"item\":\"https:\/\/admin.industriall-union.org\/article\/\"},{\"@type\":\"ListItem\",\"position\":3,\"name\":\"El n\u00famero de muertos en el accidente de la mina de Turqu\u00eda aumenta hasta convertirse en una carnicer\u00eda\"}]},{\"@type\":\"WebSite\",\"@id\":\"https:\/\/admin.industriall-union.org\/#website\",\"url\":\"https:\/\/admin.industriall-union.org\/\",\"name\":\"industriall-union\",\"description\":\"\",\"potentialAction\":[{\"@type\":\"SearchAction\",\"target\":{\"@type\":\"EntryPoint\",\"urlTemplate\":\"https:\/\/admin.industriall-union.org\/?s={search_term_string}\"},\"query-input\":{\"@type\":\"PropertyValueSpecification\",\"valueRequired\":true,\"valueName\":\"search_term_string\"}}],\"inLanguage\":\"es-ES\"}]}<\/script>\n<!-- \/ Yoast SEO Premium plugin. -->","yoast_head_json":{"title":"El n\u00famero de muertos en el accidente de la mina de Turqu\u00eda aumenta hasta convertirse en una carnicer\u00eda - industriall-union","description":"La mina, que pertenece a una empresa privada, est\u00e1 organizada por el afiliado a la IndustriALL Maden-\u0130\u015f, la Uni\u00f3n de Trabajadores Mineros de Turqu\u00eda. Unos","robots":{"index":"index","follow":"follow","max-snippet":"max-snippet:-1","max-image-preview":"max-image-preview:large","max-video-preview":"max-video-preview:-1"},"canonical":"https:\/\/admin.industriall-union.org\/es\/el-numero-de-muertos-en-el-accidente-de-la-mina-de-turquia-aumenta-hasta-convertirse-en-una-carniceria\/","og_locale":"es_ES","og_type":"article","og_title":"El n\u00famero de muertos en el accidente de la mina de Turqu\u00eda aumenta hasta convertirse en una carnicer\u00eda","og_description":"La mina, que pertenece a una empresa privada, est\u00e1 organizada por el afiliado a la IndustriALL Maden-\u0130\u015f, la Uni\u00f3n de Trabajadores Mineros de Turqu\u00eda. Unos","og_url":"https:\/\/admin.industriall-union.org\/es\/el-numero-de-muertos-en-el-accidente-de-la-mina-de-turquia-aumenta-hasta-convertirse-en-una-carniceria\/","og_site_name":"industriall-union","article_modified_time":"2025-02-08T01:42:56+00:00","twitter_card":"summary_large_image","twitter_misc":{"Est. reading time":"4 minutes"},"schema":{"@context":"https:\/\/schema.org","@graph":[{"@type":"WebPage","@id":"https:\/\/admin.industriall-union.org\/es\/el-numero-de-muertos-en-el-accidente-de-la-mina-de-turquia-aumenta-hasta-convertirse-en-una-carniceria\/","url":"https:\/\/admin.industriall-union.org\/es\/el-numero-de-muertos-en-el-accidente-de-la-mina-de-turquia-aumenta-hasta-convertirse-en-una-carniceria\/","name":"El n\u00famero de muertos en el accidente de la mina de Turqu\u00eda aumenta hasta convertirse en una carnicer\u00eda - industriall-union","isPartOf":{"@id":"https:\/\/admin.industriall-union.org\/#website"},"datePublished":"2014-05-14T09:16:00+00:00","dateModified":"2025-02-08T01:42:56+00:00","description":"La mina, que pertenece a una empresa privada, est\u00e1 organizada por el afiliado a la IndustriALL Maden-\u0130\u015f, la Uni\u00f3n de Trabajadores Mineros de Turqu\u00eda. Unos","breadcrumb":{"@id":"https:\/\/admin.industriall-union.org\/es\/el-numero-de-muertos-en-el-accidente-de-la-mina-de-turquia-aumenta-hasta-convertirse-en-una-carniceria\/#breadcrumb"},"inLanguage":"es-ES","potentialAction":[{"@type":"ReadAction","target":["https:\/\/admin.industriall-union.org\/es\/el-numero-de-muertos-en-el-accidente-de-la-mina-de-turquia-aumenta-hasta-convertirse-en-una-carniceria\/"]}]},{"@type":"BreadcrumbList","@id":"https:\/\/admin.industriall-union.org\/es\/el-numero-de-muertos-en-el-accidente-de-la-mina-de-turquia-aumenta-hasta-convertirse-en-una-carniceria\/#breadcrumb","itemListElement":[{"@type":"ListItem","position":1,"name":"Home","item":"https:\/\/admin.industriall-union.org\/"},{"@type":"ListItem","position":2,"name":"Articles","item":"https:\/\/admin.industriall-union.org\/article\/"},{"@type":"ListItem","position":3,"name":"El n\u00famero de muertos en el accidente de la mina de Turqu\u00eda aumenta hasta convertirse en una carnicer\u00eda"}]},{"@type":"WebSite","@id":"https:\/\/admin.industriall-union.org\/#website","url":"https:\/\/admin.industriall-union.org\/","name":"industriall-union","description":"","potentialAction":[{"@type":"SearchAction","target":{"@type":"EntryPoint","urlTemplate":"https:\/\/admin.industriall-union.org\/?s={search_term_string}"},"query-input":{"@type":"PropertyValueSpecification","valueRequired":true,"valueName":"search_term_string"}}],"inLanguage":"es-ES"}]}},"_links":{"self":[{"href":"https:\/\/admin.industriall-union.org\/es\/wp-json\/wp\/v2\/article\/172026","targetHints":{"allow":["GET"]}}],"collection":[{"href":"https:\/\/admin.industriall-union.org\/es\/wp-json\/wp\/v2\/article"}],"about":[{"href":"https:\/\/admin.industriall-union.org\/es\/wp-json\/wp\/v2\/types\/article"}],"wp:attachment":[{"href":"https:\/\/admin.industriall-union.org\/es\/wp-json\/wp\/v2\/media?parent=172026"}],"wp:term":[{"taxonomy":"issues","embeddable":true,"href":"https:\/\/admin.industriall-union.org\/es\/wp-json\/wp\/v2\/issues?post=172026"},{"taxonomy":"companies","embeddable":true,"href":"https:\/\/admin.industriall-union.org\/es\/wp-json\/wp\/v2\/companies?post=172026"},{"taxonomy":"regions","embeddable":true,"href":"https:\/\/admin.industriall-union.org\/es\/wp-json\/wp\/v2\/regions?post=172026"},{"taxonomy":"sectors","embeddable":true,"href":"https:\/\/admin.industriall-union.org\/es\/wp-json\/wp\/v2\/sectors?post=172026"},{"taxonomy":"article_tags","embeddable":true,"href":"https:\/\/admin.industriall-union.org\/es\/wp-json\/wp\/v2\/article_tags?post=172026"}],"curies":[{"name":"wp","href":"https:\/\/api.w.org\/{rel}","templated":true}]}}