{"id":171987,"date":"2014-05-22T09:49:22","date_gmt":"2014-05-22T09:49:22","guid":{"rendered":"https:\/\/admin.industriall-union.org\/sindicatos-mundiales-firman-acuerdo-sobre-salud-y-seguridad-con-gdf-suez\/"},"modified":"2025-02-08T01:22:37","modified_gmt":"2025-02-08T01:22:37","slug":"sindicatos-mundiales-firman-acuerdo-sobre-salud-y-seguridad-con-gdf-suez","status":"publish","type":"article","link":"https:\/\/admin.industriall-union.org\/es\/sindicatos-mundiales-firman-acuerdo-sobre-salud-y-seguridad-con-gdf-suez\/","title":{"rendered":"Sindicatos mundiales firman Acuerdo sobre Salud y Seguridad con GDF Suez"},"content":{"rendered":"<p>En efecto, el d\u00eda 13 de mayo, G\u00e9rard Mestrallet, Director General de GDF SUEZ, firm\u00f3 en Chile un Acuerdo Global sobre Salud y Seguridad con IndustriALL Global Union, la Federaci\u00f3n Internacional de Trabajadores de la Construcci\u00f3n y la Madera (FITCM), y la Internacional de Servicios P\u00fablicos (ISP).<\/p><p>Este pacto, que es un anexo del <a href=\"http:\/\/www.industriall-union.org\/gdf-suez\">Acuerdo Marco Global<\/a> que IndustriALL ya hab\u00eda firmado con GDF Suez, tiene el prop\u00f3sito de erradicar los accidentes fatales que tengan alg\u00fan nexo causal con las operaciones de la compa\u00f1\u00eda.<\/p><p>El acuerdo tambi\u00e9n tiene por objeto reducir constantemente el n\u00famero de accidentes laborales, y mejorar las condiciones de salud de los trabajadores mediante la eliminaci\u00f3n progresiva de productos que contienen sustancias t\u00f3xicas que pueden ser reemplazados con otros, en particular aquellos productos qu\u00edmicos clasificados como carcin\u00f3genos, mut\u00e1genos o t\u00f3xicos para los \u00f3rganos del sistema reproductivo.<\/p><p>Brian Kohler, Director de Salud, Seguridad y Sostenibilidad de IndustriALL, ha se\u00f1alado al respecto:<\/p><p>&quot;Se ha agregado GDF Suez a un peque\u00f1o grupo de empresas dispuestas a trabajar con sus sindicatos para globalizar y poner en funci\u00f3n las mejores pr\u00e1cticas en materia de salud y seguridad. Nuestro objetivo es proteger a los trabajadores en todas las operaciones multinacionales de la compa\u00f1\u00eda, as\u00ed como a los trabajadores subcontratados para la empresa&quot;.<\/p><p>Se ha de prestar especial atenci\u00f3n a los subcontratistas en la etapa de construcci\u00f3n de proyectos industriales y de infraestructura; la empresa GDF Suez se ha comprometido a llevar a cabo una evaluaci\u00f3n de riesgos aplicada a todo proyecto y en cada una de sus etapas para asegurar que se apliquen las mejores pr\u00e1cticas. La aprobaci\u00f3n definitiva de proyectos incluir\u00e1 los criterios para su aprobaci\u00f3n y respectiva inspecci\u00f3n en materia de salud y seguridad industrial.<\/p><p>El acuerdo estar\u00e1 sujeto a una revisi\u00f3n anual en un plan de acci\u00f3n de cinco a\u00f1os, de 2015-2020. &nbsp;<\/p>","protected":false},"featured_media":0,"template":"","issues":[407,402],"companies":[40],"regions":[],"sectors":[483],"article_tags":[],"class_list":["post-171987","article","type-article","status-publish","hentry","issues-global-framework-agreements","issues-health-and-safety","companies-engie-gdf-suez","sectors-energy-oil-gas-electricity-and-nuclear"],"acf":[],"yoast_head":"<!-- This site is optimized with the Yoast SEO Premium plugin v27.1 (Yoast SEO v27.1) - https:\/\/yoast.com\/product\/yoast-seo-premium-wordpress\/ -->\n<title>Sindicatos mundiales firman Acuerdo sobre Salud y Seguridad con GDF Suez - industriall-union<\/title>\n<meta name=\"description\" content=\"En efecto, el d\u00eda 13 de mayo, G\u00e9rard Mestrallet, Director General de GDF SUEZ, firm\u00f3 en Chile un Acuerdo Global sobre Salud y Seguridad con IndustriALL\" \/>\n<meta name=\"robots\" content=\"index, follow, max-snippet:-1, max-image-preview:large, max-video-preview:-1\" \/>\n<link rel=\"canonical\" href=\"https:\/\/admin.industriall-union.org\/es\/sindicatos-mundiales-firman-acuerdo-sobre-salud-y-seguridad-con-gdf-suez\/\" \/>\n<meta property=\"og:locale\" content=\"es_ES\" \/>\n<meta property=\"og:type\" content=\"article\" \/>\n<meta property=\"og:title\" content=\"Sindicatos mundiales firman Acuerdo sobre Salud y Seguridad con GDF Suez\" \/>\n<meta property=\"og:description\" content=\"En efecto, el d\u00eda 13 de mayo, G\u00e9rard Mestrallet, Director General de GDF SUEZ, firm\u00f3 en Chile un Acuerdo Global sobre Salud y Seguridad con IndustriALL\" \/>\n<meta property=\"og:url\" content=\"https:\/\/admin.industriall-union.org\/es\/sindicatos-mundiales-firman-acuerdo-sobre-salud-y-seguridad-con-gdf-suez\/\" \/>\n<meta property=\"og:site_name\" content=\"industriall-union\" \/>\n<meta property=\"article:modified_time\" content=\"2025-02-08T01:22:37+00:00\" \/>\n<meta name=\"twitter:card\" content=\"summary_large_image\" \/>\n<meta name=\"twitter:label1\" content=\"Est. reading time\" \/>\n\t<meta name=\"twitter:data1\" content=\"2 minutes\" \/>\n<script type=\"application\/ld+json\" class=\"yoast-schema-graph\">{\"@context\":\"https:\/\/schema.org\",\"@graph\":[{\"@type\":\"WebPage\",\"@id\":\"https:\/\/admin.industriall-union.org\/es\/sindicatos-mundiales-firman-acuerdo-sobre-salud-y-seguridad-con-gdf-suez\/\",\"url\":\"https:\/\/admin.industriall-union.org\/es\/sindicatos-mundiales-firman-acuerdo-sobre-salud-y-seguridad-con-gdf-suez\/\",\"name\":\"Sindicatos mundiales firman Acuerdo sobre Salud y Seguridad con GDF Suez - industriall-union\",\"isPartOf\":{\"@id\":\"https:\/\/admin.industriall-union.org\/#website\"},\"datePublished\":\"2014-05-22T09:49:22+00:00\",\"dateModified\":\"2025-02-08T01:22:37+00:00\",\"description\":\"En efecto, el d\u00eda 13 de mayo, G\u00e9rard Mestrallet, Director General de GDF SUEZ, firm\u00f3 en Chile un Acuerdo Global sobre Salud y Seguridad con IndustriALL\",\"breadcrumb\":{\"@id\":\"https:\/\/admin.industriall-union.org\/es\/sindicatos-mundiales-firman-acuerdo-sobre-salud-y-seguridad-con-gdf-suez\/#breadcrumb\"},\"inLanguage\":\"es-ES\",\"potentialAction\":[{\"@type\":\"ReadAction\",\"target\":[\"https:\/\/admin.industriall-union.org\/es\/sindicatos-mundiales-firman-acuerdo-sobre-salud-y-seguridad-con-gdf-suez\/\"]}]},{\"@type\":\"BreadcrumbList\",\"@id\":\"https:\/\/admin.industriall-union.org\/es\/sindicatos-mundiales-firman-acuerdo-sobre-salud-y-seguridad-con-gdf-suez\/#breadcrumb\",\"itemListElement\":[{\"@type\":\"ListItem\",\"position\":1,\"name\":\"Home\",\"item\":\"https:\/\/admin.industriall-union.org\/\"},{\"@type\":\"ListItem\",\"position\":2,\"name\":\"Articles\",\"item\":\"https:\/\/admin.industriall-union.org\/article\/\"},{\"@type\":\"ListItem\",\"position\":3,\"name\":\"Sindicatos mundiales firman Acuerdo sobre Salud y Seguridad con GDF Suez\"}]},{\"@type\":\"WebSite\",\"@id\":\"https:\/\/admin.industriall-union.org\/#website\",\"url\":\"https:\/\/admin.industriall-union.org\/\",\"name\":\"industriall-union\",\"description\":\"\",\"potentialAction\":[{\"@type\":\"SearchAction\",\"target\":{\"@type\":\"EntryPoint\",\"urlTemplate\":\"https:\/\/admin.industriall-union.org\/?s={search_term_string}\"},\"query-input\":{\"@type\":\"PropertyValueSpecification\",\"valueRequired\":true,\"valueName\":\"search_term_string\"}}],\"inLanguage\":\"es-ES\"}]}<\/script>\n<!-- \/ Yoast SEO Premium plugin. -->","yoast_head_json":{"title":"Sindicatos mundiales firman Acuerdo sobre Salud y Seguridad con GDF Suez - industriall-union","description":"En efecto, el d\u00eda 13 de mayo, G\u00e9rard Mestrallet, Director General de GDF SUEZ, firm\u00f3 en Chile un Acuerdo Global sobre Salud y Seguridad con IndustriALL","robots":{"index":"index","follow":"follow","max-snippet":"max-snippet:-1","max-image-preview":"max-image-preview:large","max-video-preview":"max-video-preview:-1"},"canonical":"https:\/\/admin.industriall-union.org\/es\/sindicatos-mundiales-firman-acuerdo-sobre-salud-y-seguridad-con-gdf-suez\/","og_locale":"es_ES","og_type":"article","og_title":"Sindicatos mundiales firman Acuerdo sobre Salud y Seguridad con GDF Suez","og_description":"En efecto, el d\u00eda 13 de mayo, G\u00e9rard Mestrallet, Director General de GDF SUEZ, firm\u00f3 en Chile un Acuerdo Global sobre Salud y Seguridad con IndustriALL","og_url":"https:\/\/admin.industriall-union.org\/es\/sindicatos-mundiales-firman-acuerdo-sobre-salud-y-seguridad-con-gdf-suez\/","og_site_name":"industriall-union","article_modified_time":"2025-02-08T01:22:37+00:00","twitter_card":"summary_large_image","twitter_misc":{"Est. reading time":"2 minutes"},"schema":{"@context":"https:\/\/schema.org","@graph":[{"@type":"WebPage","@id":"https:\/\/admin.industriall-union.org\/es\/sindicatos-mundiales-firman-acuerdo-sobre-salud-y-seguridad-con-gdf-suez\/","url":"https:\/\/admin.industriall-union.org\/es\/sindicatos-mundiales-firman-acuerdo-sobre-salud-y-seguridad-con-gdf-suez\/","name":"Sindicatos mundiales firman Acuerdo sobre Salud y Seguridad con GDF Suez - industriall-union","isPartOf":{"@id":"https:\/\/admin.industriall-union.org\/#website"},"datePublished":"2014-05-22T09:49:22+00:00","dateModified":"2025-02-08T01:22:37+00:00","description":"En efecto, el d\u00eda 13 de mayo, G\u00e9rard Mestrallet, Director General de GDF SUEZ, firm\u00f3 en Chile un Acuerdo Global sobre Salud y Seguridad con IndustriALL","breadcrumb":{"@id":"https:\/\/admin.industriall-union.org\/es\/sindicatos-mundiales-firman-acuerdo-sobre-salud-y-seguridad-con-gdf-suez\/#breadcrumb"},"inLanguage":"es-ES","potentialAction":[{"@type":"ReadAction","target":["https:\/\/admin.industriall-union.org\/es\/sindicatos-mundiales-firman-acuerdo-sobre-salud-y-seguridad-con-gdf-suez\/"]}]},{"@type":"BreadcrumbList","@id":"https:\/\/admin.industriall-union.org\/es\/sindicatos-mundiales-firman-acuerdo-sobre-salud-y-seguridad-con-gdf-suez\/#breadcrumb","itemListElement":[{"@type":"ListItem","position":1,"name":"Home","item":"https:\/\/admin.industriall-union.org\/"},{"@type":"ListItem","position":2,"name":"Articles","item":"https:\/\/admin.industriall-union.org\/article\/"},{"@type":"ListItem","position":3,"name":"Sindicatos mundiales firman Acuerdo sobre Salud y Seguridad con GDF Suez"}]},{"@type":"WebSite","@id":"https:\/\/admin.industriall-union.org\/#website","url":"https:\/\/admin.industriall-union.org\/","name":"industriall-union","description":"","potentialAction":[{"@type":"SearchAction","target":{"@type":"EntryPoint","urlTemplate":"https:\/\/admin.industriall-union.org\/?s={search_term_string}"},"query-input":{"@type":"PropertyValueSpecification","valueRequired":true,"valueName":"search_term_string"}}],"inLanguage":"es-ES"}]}},"_links":{"self":[{"href":"https:\/\/admin.industriall-union.org\/es\/wp-json\/wp\/v2\/article\/171987","targetHints":{"allow":["GET"]}}],"collection":[{"href":"https:\/\/admin.industriall-union.org\/es\/wp-json\/wp\/v2\/article"}],"about":[{"href":"https:\/\/admin.industriall-union.org\/es\/wp-json\/wp\/v2\/types\/article"}],"wp:attachment":[{"href":"https:\/\/admin.industriall-union.org\/es\/wp-json\/wp\/v2\/media?parent=171987"}],"wp:term":[{"taxonomy":"issues","embeddable":true,"href":"https:\/\/admin.industriall-union.org\/es\/wp-json\/wp\/v2\/issues?post=171987"},{"taxonomy":"companies","embeddable":true,"href":"https:\/\/admin.industriall-union.org\/es\/wp-json\/wp\/v2\/companies?post=171987"},{"taxonomy":"regions","embeddable":true,"href":"https:\/\/admin.industriall-union.org\/es\/wp-json\/wp\/v2\/regions?post=171987"},{"taxonomy":"sectors","embeddable":true,"href":"https:\/\/admin.industriall-union.org\/es\/wp-json\/wp\/v2\/sectors?post=171987"},{"taxonomy":"article_tags","embeddable":true,"href":"https:\/\/admin.industriall-union.org\/es\/wp-json\/wp\/v2\/article_tags?post=171987"}],"curies":[{"name":"wp","href":"https:\/\/api.w.org\/{rel}","templated":true}]}}