{"id":171871,"date":"2014-05-29T18:22:57","date_gmt":"2014-05-29T18:22:57","guid":{"rendered":"https:\/\/admin.industriall-union.org\/la-industriall-se-une-a-los-llamamientos-de-ayuda-urgente-a-los-balcanes-afectados-por-las-inundaciones\/"},"modified":"2025-02-08T01:01:48","modified_gmt":"2025-02-08T01:01:48","slug":"la-industriall-se-une-a-los-llamamientos-de-ayuda-urgente-a-los-balcanes-afectados-por-las-inundaciones","status":"publish","type":"article","link":"https:\/\/admin.industriall-union.org\/es\/la-industriall-se-une-a-los-llamamientos-de-ayuda-urgente-a-los-balcanes-afectados-por-las-inundaciones\/","title":{"rendered":"La IndustriALL se une a los llamamientos de ayuda urgente a los Balcanes afectados por las inundaciones"},"content":{"rendered":"<p>Si bien han acabado las mayores precipitaciones de los \u00faltimos 120 a\u00f1os y el agua retrocede, se necesitan recursos para <a href=\"http:\/\/www.industriall-union.org\/es\/miembros-de-la-industriall-en-los-balcanes-sufren-enormes-inundaciones\">para ayudar a la gente en las zonas m\u00e1s afectadas de Serbia, Bosnia y Herzegovina, y partes de Croacia<\/a>.<\/p><p>Seg\u00fan varios informes, los deslizamientos de tierra representan un importante peligro despu\u00e9s de retirarse el agua. Tan s\u00f3lo en el Cant\u00f3n de Tuzla de Bosnia y Herzegovina se han registrado unos 2.500 deslizamientos. En algunas zonas hay gran riesgo de enfermedades infecciosas a causa del tiempo c\u00e1lido.<\/p><p>La IndustriALL espera que los gobiernos de los pa\u00edses afectados proporcionen toda la ayuda y asistencia posible a las familias que sufren las consecuencias del desastre natural.<\/p><p>Tras las consultas con los afiliados de la regi\u00f3n afectada y los mensajes de simpat\u00eda y solidaridad, la IndustriALL apela tambi\u00e9n a todos los afiliados a que soliciten ayuda y apoyen a nuestros compa\u00f1eros y compa\u00f1eras de Serbia, Bosnia y Herzegovina, y Croacia.<\/p>","protected":false},"featured_media":0,"template":"","issues":[420],"companies":[],"regions":[209,211,243],"sectors":[],"article_tags":[511],"class_list":["post-171871","article","type-article","status-publish","hentry","issues-solidarity","regions-bosnia-herzegovina","regions-croatia","regions-serbia","article_tags-industriall"],"acf":[],"yoast_head":"<!-- This site is optimized with the Yoast SEO Premium plugin v27.1 (Yoast SEO v27.1) - https:\/\/yoast.com\/product\/yoast-seo-premium-wordpress\/ -->\n<title>La IndustriALL se une a los llamamientos de ayuda urgente a los Balcanes afectados por las inundaciones - industriall-union<\/title>\n<meta name=\"description\" content=\"Si bien han acabado las mayores precipitaciones de los \u00faltimos 120 a\u00f1os y el agua retrocede, se necesitan recursos para para ayudar a la gente en las\" \/>\n<meta name=\"robots\" content=\"index, follow, max-snippet:-1, max-image-preview:large, max-video-preview:-1\" \/>\n<link rel=\"canonical\" href=\"https:\/\/admin.industriall-union.org\/es\/la-industriall-se-une-a-los-llamamientos-de-ayuda-urgente-a-los-balcanes-afectados-por-las-inundaciones\/\" \/>\n<meta property=\"og:locale\" content=\"es_ES\" \/>\n<meta property=\"og:type\" content=\"article\" \/>\n<meta property=\"og:title\" content=\"La IndustriALL se une a los llamamientos de ayuda urgente a los Balcanes afectados por las inundaciones\" \/>\n<meta property=\"og:description\" content=\"Si bien han acabado las mayores precipitaciones de los \u00faltimos 120 a\u00f1os y el agua retrocede, se necesitan recursos para para ayudar a la gente en las\" \/>\n<meta property=\"og:url\" content=\"https:\/\/admin.industriall-union.org\/es\/la-industriall-se-une-a-los-llamamientos-de-ayuda-urgente-a-los-balcanes-afectados-por-las-inundaciones\/\" \/>\n<meta property=\"og:site_name\" content=\"industriall-union\" \/>\n<meta property=\"article:modified_time\" content=\"2025-02-08T01:01:48+00:00\" \/>\n<meta name=\"twitter:card\" content=\"summary_large_image\" \/>\n<meta name=\"twitter:label1\" content=\"Est. reading time\" \/>\n\t<meta name=\"twitter:data1\" content=\"1 minute\" \/>\n<script type=\"application\/ld+json\" class=\"yoast-schema-graph\">{\"@context\":\"https:\/\/schema.org\",\"@graph\":[{\"@type\":\"WebPage\",\"@id\":\"https:\/\/admin.industriall-union.org\/es\/la-industriall-se-une-a-los-llamamientos-de-ayuda-urgente-a-los-balcanes-afectados-por-las-inundaciones\/\",\"url\":\"https:\/\/admin.industriall-union.org\/es\/la-industriall-se-une-a-los-llamamientos-de-ayuda-urgente-a-los-balcanes-afectados-por-las-inundaciones\/\",\"name\":\"La IndustriALL se une a los llamamientos de ayuda urgente a los Balcanes afectados por las inundaciones - industriall-union\",\"isPartOf\":{\"@id\":\"https:\/\/admin.industriall-union.org\/#website\"},\"datePublished\":\"2014-05-29T18:22:57+00:00\",\"dateModified\":\"2025-02-08T01:01:48+00:00\",\"description\":\"Si bien han acabado las mayores precipitaciones de los \u00faltimos 120 a\u00f1os y el agua retrocede, se necesitan recursos para para ayudar a la gente en las\",\"breadcrumb\":{\"@id\":\"https:\/\/admin.industriall-union.org\/es\/la-industriall-se-une-a-los-llamamientos-de-ayuda-urgente-a-los-balcanes-afectados-por-las-inundaciones\/#breadcrumb\"},\"inLanguage\":\"es-ES\",\"potentialAction\":[{\"@type\":\"ReadAction\",\"target\":[\"https:\/\/admin.industriall-union.org\/es\/la-industriall-se-une-a-los-llamamientos-de-ayuda-urgente-a-los-balcanes-afectados-por-las-inundaciones\/\"]}]},{\"@type\":\"BreadcrumbList\",\"@id\":\"https:\/\/admin.industriall-union.org\/es\/la-industriall-se-une-a-los-llamamientos-de-ayuda-urgente-a-los-balcanes-afectados-por-las-inundaciones\/#breadcrumb\",\"itemListElement\":[{\"@type\":\"ListItem\",\"position\":1,\"name\":\"Home\",\"item\":\"https:\/\/admin.industriall-union.org\/\"},{\"@type\":\"ListItem\",\"position\":2,\"name\":\"Articles\",\"item\":\"https:\/\/admin.industriall-union.org\/article\/\"},{\"@type\":\"ListItem\",\"position\":3,\"name\":\"La IndustriALL se une a los llamamientos de ayuda urgente a los Balcanes afectados por las inundaciones\"}]},{\"@type\":\"WebSite\",\"@id\":\"https:\/\/admin.industriall-union.org\/#website\",\"url\":\"https:\/\/admin.industriall-union.org\/\",\"name\":\"industriall-union\",\"description\":\"\",\"potentialAction\":[{\"@type\":\"SearchAction\",\"target\":{\"@type\":\"EntryPoint\",\"urlTemplate\":\"https:\/\/admin.industriall-union.org\/?s={search_term_string}\"},\"query-input\":{\"@type\":\"PropertyValueSpecification\",\"valueRequired\":true,\"valueName\":\"search_term_string\"}}],\"inLanguage\":\"es-ES\"}]}<\/script>\n<!-- \/ Yoast SEO Premium plugin. -->","yoast_head_json":{"title":"La IndustriALL se une a los llamamientos de ayuda urgente a los Balcanes afectados por las inundaciones - industriall-union","description":"Si bien han acabado las mayores precipitaciones de los \u00faltimos 120 a\u00f1os y el agua retrocede, se necesitan recursos para para ayudar a la gente en las","robots":{"index":"index","follow":"follow","max-snippet":"max-snippet:-1","max-image-preview":"max-image-preview:large","max-video-preview":"max-video-preview:-1"},"canonical":"https:\/\/admin.industriall-union.org\/es\/la-industriall-se-une-a-los-llamamientos-de-ayuda-urgente-a-los-balcanes-afectados-por-las-inundaciones\/","og_locale":"es_ES","og_type":"article","og_title":"La IndustriALL se une a los llamamientos de ayuda urgente a los Balcanes afectados por las inundaciones","og_description":"Si bien han acabado las mayores precipitaciones de los \u00faltimos 120 a\u00f1os y el agua retrocede, se necesitan recursos para para ayudar a la gente en las","og_url":"https:\/\/admin.industriall-union.org\/es\/la-industriall-se-une-a-los-llamamientos-de-ayuda-urgente-a-los-balcanes-afectados-por-las-inundaciones\/","og_site_name":"industriall-union","article_modified_time":"2025-02-08T01:01:48+00:00","twitter_card":"summary_large_image","twitter_misc":{"Est. reading time":"1 minute"},"schema":{"@context":"https:\/\/schema.org","@graph":[{"@type":"WebPage","@id":"https:\/\/admin.industriall-union.org\/es\/la-industriall-se-une-a-los-llamamientos-de-ayuda-urgente-a-los-balcanes-afectados-por-las-inundaciones\/","url":"https:\/\/admin.industriall-union.org\/es\/la-industriall-se-une-a-los-llamamientos-de-ayuda-urgente-a-los-balcanes-afectados-por-las-inundaciones\/","name":"La IndustriALL se une a los llamamientos de ayuda urgente a los Balcanes afectados por las inundaciones - industriall-union","isPartOf":{"@id":"https:\/\/admin.industriall-union.org\/#website"},"datePublished":"2014-05-29T18:22:57+00:00","dateModified":"2025-02-08T01:01:48+00:00","description":"Si bien han acabado las mayores precipitaciones de los \u00faltimos 120 a\u00f1os y el agua retrocede, se necesitan recursos para para ayudar a la gente en las","breadcrumb":{"@id":"https:\/\/admin.industriall-union.org\/es\/la-industriall-se-une-a-los-llamamientos-de-ayuda-urgente-a-los-balcanes-afectados-por-las-inundaciones\/#breadcrumb"},"inLanguage":"es-ES","potentialAction":[{"@type":"ReadAction","target":["https:\/\/admin.industriall-union.org\/es\/la-industriall-se-une-a-los-llamamientos-de-ayuda-urgente-a-los-balcanes-afectados-por-las-inundaciones\/"]}]},{"@type":"BreadcrumbList","@id":"https:\/\/admin.industriall-union.org\/es\/la-industriall-se-une-a-los-llamamientos-de-ayuda-urgente-a-los-balcanes-afectados-por-las-inundaciones\/#breadcrumb","itemListElement":[{"@type":"ListItem","position":1,"name":"Home","item":"https:\/\/admin.industriall-union.org\/"},{"@type":"ListItem","position":2,"name":"Articles","item":"https:\/\/admin.industriall-union.org\/article\/"},{"@type":"ListItem","position":3,"name":"La IndustriALL se une a los llamamientos de ayuda urgente a los Balcanes afectados por las inundaciones"}]},{"@type":"WebSite","@id":"https:\/\/admin.industriall-union.org\/#website","url":"https:\/\/admin.industriall-union.org\/","name":"industriall-union","description":"","potentialAction":[{"@type":"SearchAction","target":{"@type":"EntryPoint","urlTemplate":"https:\/\/admin.industriall-union.org\/?s={search_term_string}"},"query-input":{"@type":"PropertyValueSpecification","valueRequired":true,"valueName":"search_term_string"}}],"inLanguage":"es-ES"}]}},"_links":{"self":[{"href":"https:\/\/admin.industriall-union.org\/es\/wp-json\/wp\/v2\/article\/171871","targetHints":{"allow":["GET"]}}],"collection":[{"href":"https:\/\/admin.industriall-union.org\/es\/wp-json\/wp\/v2\/article"}],"about":[{"href":"https:\/\/admin.industriall-union.org\/es\/wp-json\/wp\/v2\/types\/article"}],"wp:attachment":[{"href":"https:\/\/admin.industriall-union.org\/es\/wp-json\/wp\/v2\/media?parent=171871"}],"wp:term":[{"taxonomy":"issues","embeddable":true,"href":"https:\/\/admin.industriall-union.org\/es\/wp-json\/wp\/v2\/issues?post=171871"},{"taxonomy":"companies","embeddable":true,"href":"https:\/\/admin.industriall-union.org\/es\/wp-json\/wp\/v2\/companies?post=171871"},{"taxonomy":"regions","embeddable":true,"href":"https:\/\/admin.industriall-union.org\/es\/wp-json\/wp\/v2\/regions?post=171871"},{"taxonomy":"sectors","embeddable":true,"href":"https:\/\/admin.industriall-union.org\/es\/wp-json\/wp\/v2\/sectors?post=171871"},{"taxonomy":"article_tags","embeddable":true,"href":"https:\/\/admin.industriall-union.org\/es\/wp-json\/wp\/v2\/article_tags?post=171871"}],"curies":[{"name":"wp","href":"https:\/\/api.w.org\/{rel}","templated":true}]}}