{"id":171791,"date":"2014-06-05T15:07:52","date_gmt":"2014-06-05T15:07:52","guid":{"rendered":"https:\/\/admin.industriall-union.org\/la-industriall-forma-una-red-mundial-de-comunicadores\/"},"modified":"2025-02-08T00:57:38","modified_gmt":"2025-02-08T00:57:38","slug":"la-industriall-forma-una-red-mundial-de-comunicadores","status":"publish","type":"article","link":"https:\/\/admin.industriall-union.org\/es\/la-industriall-forma-una-red-mundial-de-comunicadores\/","title":{"rendered":"La IndustriALL forma una red mundial de comunicadores"},"content":{"rendered":"<p>Durante el foro de dos d\u00edas, que tuvo lugar en el Centro Internacional de Formaci\u00f3nl de Tur\u00edn de la OIT los d\u00edas 3 y 4 de junio, los participantes acordaron crear una red mundial de comunicadores para compartir informaci\u00f3n, historias, estrategias y \u00e9xitos.<\/p><p>Aprovechando las experiencias, las calificaciones y los conocimientos mutuos, los participantes regresaron con ideas para impulsar sus propias campa\u00f1as nacionales y mostrar solidaridad global en las luchas de otros sindicatos de la IndustriALL.<\/p><p>El secretario general de la IndustriALL, Jyrki Raina, pregunt\u00f3 de forma provocativa a los participantes por qu\u00e9 olvidan al 99% del mundo en sus sitios web. En un mundo sin fronteras, dominado por las empresas multinacionales, una violaci\u00f3n de los derechos de los trabajadores en un lugar del globo est\u00e1 vinculada con los trabajadores del otro, dijo.<\/p><p>Esto fue ilustrado claramente por Sokny Say, secretaria general del sindicato de la confecci\u00f3n camboyano FTUWKC, quien record\u00f3 a los participantes que uno de cada diez art\u00edculos usados por la poblaci\u00f3n mundial est\u00e1 fabricado en su pa\u00eds. &ldquo;En Camboya el cliente es rey, y los reyes son las marcas&rdquo;, sentenci\u00f3.<\/p><p>Afirm\u00f3 que, a su vez, los clientes tienen que ejercer su influencia sobre las marcas y que los sindicatos pueden desempe\u00f1ar una funci\u00f3n esencial para ayudar a conseguir apoyo global a la lucha por mejorar los derechos y los salarios de los trabajadores de la confecci\u00f3n en Camboya. La intervenci\u00f3n y la campa\u00f1a de la IndustriALL fueron primordiales para lograr que las marcas presionaran al Gobierno sobre la cuesti\u00f3n de los derechos sindicales, los salarios dignos y la <a href=\"http:\/\/www.industriall-union.org\/es\/camboya-sindicatos-mundiales-acogen-con-satisfaccion-puesta-en-libertad-de-manifestantes\">liberaci\u00f3n de 23 activistas encarcelados<\/a> el mes pasado.<\/p><p>Entre los afiliados que compartieron sus propias actividades de campa\u00f1as y comunicaci\u00f3n figuraban representantes de <a href=\"http:\/\/www.unifor.org\">Unifor<\/a> en Canad\u00e1, el sindicato industrial alem\u00e1n <a href=\"http:\/\/www.igbce.de\">IG BCE<\/a>, el sindicato ruso del petr\u00f3leo, el gas y la industria de la construcci\u00f3n <a href=\"http:\/\/rogwu-center.com\/about\/\">ROGWU<\/a>, la confederaci\u00f3n de trabajadores metal\u00fargicos brasile\u00f1os <a href=\"http:\/\/www.cnmcut.org.br\">CNM\/CUT<\/a>, y el sindicato de trabajadores de yacimientos petroleros <a href=\"http:\/\/www.owtu.org\">OWTU<\/a> de Trinidad y Tobago.<\/p><p>El foro tambi\u00e9n&nbsp; adquiri\u00f3 conocimientos sobre campa\u00f1as digitales de Eric Lee de <a href=\"http:\/\/www.labourstart.org\/2013\/index.php?langcode=es\">LabourStart<\/a> y Walton Pantland de <a href=\"http:\/\/usilive.org\">USi<\/a>.<\/p><p>En el programa interactivo intervinieron participantes que trabajaron en grupos para discutir c\u00f3mo promover las campa\u00f1as de la IndustriALL y la manera de que las campa\u00f1as tengan resonancia en los trabajadores a nivel regional.<\/p><p>Los participantes aportaron adem\u00e1s sus propias ideas sobre la mejor forma de establecer la red mundial de comunicadores.<\/p>","protected":false},"featured_media":0,"template":"","issues":[396,406,420,425],"companies":[],"regions":[],"sectors":[],"article_tags":[511],"class_list":["post-171791","article","type-article","status-publish","hentry","issues-building-strong-unions","issues-confronting-global-capital","issues-solidarity","issues-workers-rights","article_tags-industriall"],"acf":[],"yoast_head":"<!-- This site is optimized with the Yoast SEO Premium plugin v27.1 (Yoast SEO v27.1) - https:\/\/yoast.com\/product\/yoast-seo-premium-wordpress\/ -->\n<title>La IndustriALL forma una red mundial de comunicadores - industriall-union<\/title>\n<meta name=\"description\" content=\"Durante el foro de dos d\u00edas, que tuvo lugar en el Centro Internacional de Formaci\u00f3nl de Tur\u00edn de la OIT los d\u00edas 3 y 4 de junio, los participantes\" \/>\n<meta name=\"robots\" content=\"index, follow, max-snippet:-1, max-image-preview:large, max-video-preview:-1\" \/>\n<link rel=\"canonical\" href=\"https:\/\/admin.industriall-union.org\/es\/la-industriall-forma-una-red-mundial-de-comunicadores\/\" \/>\n<meta property=\"og:locale\" content=\"es_ES\" \/>\n<meta property=\"og:type\" content=\"article\" \/>\n<meta property=\"og:title\" content=\"La IndustriALL forma una red mundial de comunicadores\" \/>\n<meta property=\"og:description\" content=\"Durante el foro de dos d\u00edas, que tuvo lugar en el Centro Internacional de Formaci\u00f3nl de Tur\u00edn de la OIT los d\u00edas 3 y 4 de junio, los participantes\" \/>\n<meta property=\"og:url\" content=\"https:\/\/admin.industriall-union.org\/es\/la-industriall-forma-una-red-mundial-de-comunicadores\/\" \/>\n<meta property=\"og:site_name\" content=\"industriall-union\" \/>\n<meta property=\"article:modified_time\" content=\"2025-02-08T00:57:38+00:00\" \/>\n<meta name=\"twitter:card\" content=\"summary_large_image\" \/>\n<meta name=\"twitter:label1\" content=\"Est. reading time\" \/>\n\t<meta name=\"twitter:data1\" content=\"2 minutes\" \/>\n<script type=\"application\/ld+json\" class=\"yoast-schema-graph\">{\"@context\":\"https:\/\/schema.org\",\"@graph\":[{\"@type\":\"WebPage\",\"@id\":\"https:\/\/admin.industriall-union.org\/es\/la-industriall-forma-una-red-mundial-de-comunicadores\/\",\"url\":\"https:\/\/admin.industriall-union.org\/es\/la-industriall-forma-una-red-mundial-de-comunicadores\/\",\"name\":\"La IndustriALL forma una red mundial de comunicadores - industriall-union\",\"isPartOf\":{\"@id\":\"https:\/\/admin.industriall-union.org\/#website\"},\"datePublished\":\"2014-06-05T15:07:52+00:00\",\"dateModified\":\"2025-02-08T00:57:38+00:00\",\"description\":\"Durante el foro de dos d\u00edas, que tuvo lugar en el Centro Internacional de Formaci\u00f3nl de Tur\u00edn de la OIT los d\u00edas 3 y 4 de junio, los participantes\",\"breadcrumb\":{\"@id\":\"https:\/\/admin.industriall-union.org\/es\/la-industriall-forma-una-red-mundial-de-comunicadores\/#breadcrumb\"},\"inLanguage\":\"es-ES\",\"potentialAction\":[{\"@type\":\"ReadAction\",\"target\":[\"https:\/\/admin.industriall-union.org\/es\/la-industriall-forma-una-red-mundial-de-comunicadores\/\"]}]},{\"@type\":\"BreadcrumbList\",\"@id\":\"https:\/\/admin.industriall-union.org\/es\/la-industriall-forma-una-red-mundial-de-comunicadores\/#breadcrumb\",\"itemListElement\":[{\"@type\":\"ListItem\",\"position\":1,\"name\":\"Home\",\"item\":\"https:\/\/admin.industriall-union.org\/\"},{\"@type\":\"ListItem\",\"position\":2,\"name\":\"Articles\",\"item\":\"https:\/\/admin.industriall-union.org\/article\/\"},{\"@type\":\"ListItem\",\"position\":3,\"name\":\"La IndustriALL forma una red mundial de comunicadores\"}]},{\"@type\":\"WebSite\",\"@id\":\"https:\/\/admin.industriall-union.org\/#website\",\"url\":\"https:\/\/admin.industriall-union.org\/\",\"name\":\"industriall-union\",\"description\":\"\",\"potentialAction\":[{\"@type\":\"SearchAction\",\"target\":{\"@type\":\"EntryPoint\",\"urlTemplate\":\"https:\/\/admin.industriall-union.org\/?s={search_term_string}\"},\"query-input\":{\"@type\":\"PropertyValueSpecification\",\"valueRequired\":true,\"valueName\":\"search_term_string\"}}],\"inLanguage\":\"es-ES\"}]}<\/script>\n<!-- \/ Yoast SEO Premium plugin. -->","yoast_head_json":{"title":"La IndustriALL forma una red mundial de comunicadores - industriall-union","description":"Durante el foro de dos d\u00edas, que tuvo lugar en el Centro Internacional de Formaci\u00f3nl de Tur\u00edn de la OIT los d\u00edas 3 y 4 de junio, los participantes","robots":{"index":"index","follow":"follow","max-snippet":"max-snippet:-1","max-image-preview":"max-image-preview:large","max-video-preview":"max-video-preview:-1"},"canonical":"https:\/\/admin.industriall-union.org\/es\/la-industriall-forma-una-red-mundial-de-comunicadores\/","og_locale":"es_ES","og_type":"article","og_title":"La IndustriALL forma una red mundial de comunicadores","og_description":"Durante el foro de dos d\u00edas, que tuvo lugar en el Centro Internacional de Formaci\u00f3nl de Tur\u00edn de la OIT los d\u00edas 3 y 4 de junio, los participantes","og_url":"https:\/\/admin.industriall-union.org\/es\/la-industriall-forma-una-red-mundial-de-comunicadores\/","og_site_name":"industriall-union","article_modified_time":"2025-02-08T00:57:38+00:00","twitter_card":"summary_large_image","twitter_misc":{"Est. reading time":"2 minutes"},"schema":{"@context":"https:\/\/schema.org","@graph":[{"@type":"WebPage","@id":"https:\/\/admin.industriall-union.org\/es\/la-industriall-forma-una-red-mundial-de-comunicadores\/","url":"https:\/\/admin.industriall-union.org\/es\/la-industriall-forma-una-red-mundial-de-comunicadores\/","name":"La IndustriALL forma una red mundial de comunicadores - industriall-union","isPartOf":{"@id":"https:\/\/admin.industriall-union.org\/#website"},"datePublished":"2014-06-05T15:07:52+00:00","dateModified":"2025-02-08T00:57:38+00:00","description":"Durante el foro de dos d\u00edas, que tuvo lugar en el Centro Internacional de Formaci\u00f3nl de Tur\u00edn de la OIT los d\u00edas 3 y 4 de junio, los participantes","breadcrumb":{"@id":"https:\/\/admin.industriall-union.org\/es\/la-industriall-forma-una-red-mundial-de-comunicadores\/#breadcrumb"},"inLanguage":"es-ES","potentialAction":[{"@type":"ReadAction","target":["https:\/\/admin.industriall-union.org\/es\/la-industriall-forma-una-red-mundial-de-comunicadores\/"]}]},{"@type":"BreadcrumbList","@id":"https:\/\/admin.industriall-union.org\/es\/la-industriall-forma-una-red-mundial-de-comunicadores\/#breadcrumb","itemListElement":[{"@type":"ListItem","position":1,"name":"Home","item":"https:\/\/admin.industriall-union.org\/"},{"@type":"ListItem","position":2,"name":"Articles","item":"https:\/\/admin.industriall-union.org\/article\/"},{"@type":"ListItem","position":3,"name":"La IndustriALL forma una red mundial de comunicadores"}]},{"@type":"WebSite","@id":"https:\/\/admin.industriall-union.org\/#website","url":"https:\/\/admin.industriall-union.org\/","name":"industriall-union","description":"","potentialAction":[{"@type":"SearchAction","target":{"@type":"EntryPoint","urlTemplate":"https:\/\/admin.industriall-union.org\/?s={search_term_string}"},"query-input":{"@type":"PropertyValueSpecification","valueRequired":true,"valueName":"search_term_string"}}],"inLanguage":"es-ES"}]}},"_links":{"self":[{"href":"https:\/\/admin.industriall-union.org\/es\/wp-json\/wp\/v2\/article\/171791","targetHints":{"allow":["GET"]}}],"collection":[{"href":"https:\/\/admin.industriall-union.org\/es\/wp-json\/wp\/v2\/article"}],"about":[{"href":"https:\/\/admin.industriall-union.org\/es\/wp-json\/wp\/v2\/types\/article"}],"wp:attachment":[{"href":"https:\/\/admin.industriall-union.org\/es\/wp-json\/wp\/v2\/media?parent=171791"}],"wp:term":[{"taxonomy":"issues","embeddable":true,"href":"https:\/\/admin.industriall-union.org\/es\/wp-json\/wp\/v2\/issues?post=171791"},{"taxonomy":"companies","embeddable":true,"href":"https:\/\/admin.industriall-union.org\/es\/wp-json\/wp\/v2\/companies?post=171791"},{"taxonomy":"regions","embeddable":true,"href":"https:\/\/admin.industriall-union.org\/es\/wp-json\/wp\/v2\/regions?post=171791"},{"taxonomy":"sectors","embeddable":true,"href":"https:\/\/admin.industriall-union.org\/es\/wp-json\/wp\/v2\/sectors?post=171791"},{"taxonomy":"article_tags","embeddable":true,"href":"https:\/\/admin.industriall-union.org\/es\/wp-json\/wp\/v2\/article_tags?post=171791"}],"curies":[{"name":"wp","href":"https:\/\/api.w.org\/{rel}","templated":true}]}}