{"id":171656,"date":"2014-06-24T08:27:58","date_gmt":"2014-06-24T08:27:58","guid":{"rendered":"https:\/\/admin.industriall-union.org\/industriall-debe-estar-a-la-vanguardia-de-la-representacion-de-la-mujer\/"},"modified":"2025-02-08T00:19:59","modified_gmt":"2025-02-08T00:19:59","slug":"industriall-debe-estar-a-la-vanguardia-de-la-representacion-de-la-mujer","status":"publish","type":"article","link":"https:\/\/admin.industriall-union.org\/es\/industriall-debe-estar-a-la-vanguardia-de-la-representacion-de-la-mujer\/","title":{"rendered":"IndustriALL debe estar a la vanguardia de la representaci\u00f3n de la mujer"},"content":{"rendered":"<p>En efecto, Monica Veloso de la CNTM Brasil, organizaci\u00f3n afiliada a nuestro sindicato mundial, se\u00f1al\u00f3 que IndustriALL tiene la oportunidad de presentar una visi\u00f3n pionera. &quot;Estamos desarrollando una nueva organizaci\u00f3n basada en la igualdad&quot;, dijo.<\/p><p>Jyrki Raina, Secretario General de IndustriALL, afirm\u00f3: &quot;IndustriALL se fund\u00f3 hace apenas dos a\u00f1os. Los cambios tienen que empezar a nivel nacional, pero a nivel mundial se puede dar un buen est\u00edmulo&quot;.<\/p><p>Monika Kemperle, Secretaria General Adjunta de IndustriALL, afirm\u00f3 al respecto:<\/p><p>&quot;Tenemos que dar ejemplo, procurando que las mujeres est\u00e9n adecuadamente representadas a todo nivel en IndustriALL Global Union. Tenemos que ser inspiraci\u00f3n para nuestros sindicatos afiliados, demostrando que es posible lograr, a nivel de toma de decisiones, la participaci\u00f3n de un 40% de mujeres, tal como ya lo han demostrado muchas de nuestras organizaciones afiliadas&quot;.<\/p><p>El amplio debate sobre las cuotas surgi\u00f3 de dos conferencias regionales recientes (<a href=\"http:\/\/www.industriall-union.org\/regional-conferences-approve-womens-quota\">Am\u00e9rica Latina y el Caribe<\/a>, y <a href=\"http:\/\/www.industriall-union.org\/es\/en-la-conferencia-sobre-asia-y-el-pacifico-se-destacan-las-luchas-y-la-representacion-de-las-mujeres\">Asia y el Pac\u00edfico<\/a>), donde los participantes aprobaron una resoluci\u00f3n en favor de tener una cuota de un 40% de mujeres en todos los niveles de IndustriALL. Esto se aplica al Congreso, al Comit\u00e9 Ejecutivo, al Presidente\/a y Vicepresidentes\/as, al Secretario\/Secretaria General y a los\/las Secretarios\/as Generales Adjuntas.<\/p><p>Pese a las dudas que manifestaron algunos afiliados sobre la factibilidad de conseguir una representaci\u00f3n del 40% por ciento, se dieron algunos ejemplos positivos de experiencias sindicales. Las delegadas supieron que en una reciente conferencia de mujeres de la CNQ-CUT de Brasil, a la cual asistieron 400 miembros, se hab\u00eda introducido un planteamiento dirigido a los empleadores, que se\u00f1alaba que el 30% de los nuevos empleados deben ser mujeres. Brigitte Capelle, de la FO, sindicato de trabajadores metal\u00fargicos franceses, dijo que ahora los informes de compa\u00f1\u00edas francesas incluyen cifras sobre la contrataci\u00f3n y el desarrollo profesional, lo que permite a los sindicatos analizar los obst\u00e1culos que impiden el avance profesional de las mujeres. Han encontrado que hay demasiadas mujeres en algunas \u00e1reas e insuficientes trabajadoras en otros tipos de trabajo.<\/p><p>Se confirm\u00f3 que la Conferencia Mundial de la Mujer tendr\u00e1 lugar en Viena, Austria del 14 al 16 de septiembre de 2015. El tema b\u00e1sico, que ser\u00e1 finiquitado en los pr\u00f3ximos meses, es &quot;transformar las estructuras a trav\u00e9s del liderazgo de la mujer&quot;. Tambi\u00e9n figurar\u00e1n en el orden del d\u00eda los diferentes obst\u00e1culos que impiden la representaci\u00f3n de mujeres, incluyendo temas relacionados con el sexismo, y liderazgo de las mujeres.<\/p><p>El Comit\u00e9 de Mujeres decidi\u00f3 continuar recabando datos de los afiliados, se\u00f1alando la importancia que tiene contestar el cuestionario sobre la presencia de las mujeres en sus sindicatos.<\/p><p>El grupo de trabajo sobre la participaci\u00f3n de la mujer, que tuvo lugar por la tarde, solicit\u00f3 la siguiente informaci\u00f3n con el fin de poder realizar cabalmente la labor que se le hab\u00eda encargado:<\/p><ul><li>Estad\u00edsticas sobre la presencia de la mujer en los sectores correspondientes a IndustriALL<\/li><li>Cifras relativas a la presencia de la mujer en la secretar\u00eda de IndustriALL<\/li><li>Resumen de g\u00e9nero de presidentes\/as y copresidentes\/as en cada sector<\/li><li>Reglamentos respecto a la participaci\u00f3n de la mujer en los sindicatos mundiales y en la CSI<\/li><\/ul><p>El grupo de trabajo tambi\u00e9n solicit\u00f3 un debate sobre:<\/p><ul><li>Los estatutos de IndustriALL<\/li><li>Cambios de pol\u00edtica para mejorar la participaci\u00f3n de la mujer<\/li><li>Las mejores maneras de financiar y realizar programas de capacitaci\u00f3n de la mujer<\/li><li>Decisiones administrativas que posiblemente tenga que tomar el Comit\u00e9 Ejecutivo<\/li><li>Adem\u00e1s de los cargos de copresidente\/a, qu\u00e9 medidas deben tomarse en las reuniones sectoriales<\/li><li>Pr\u00f3ximos pasos que debe tomar el comit\u00e9 de mujeres, en consultaci\u00f3n con las organizaciones afiliadas<\/li><\/ul><p>La Presidenta, Christina Olivier, del Sindicato de Trabajadores Metal\u00fargicos de Sud\u00e1frica (NUMSA), presentar\u00e1 un informe a la reuni\u00f3n del Comit\u00e9 Ejecutivo, que tendr\u00e1 lugar en Ginebra los d\u00edas 25 y 26 de junio.<\/p>","protected":false},"featured_media":0,"template":"","issues":[397],"companies":[],"regions":[],"sectors":[],"article_tags":[511],"class_list":["post-171656","article","type-article","status-publish","hentry","issues-women","article_tags-industriall"],"acf":[],"yoast_head":"<!-- This site is optimized with the Yoast SEO Premium plugin v27.1 (Yoast SEO v27.1) - https:\/\/yoast.com\/product\/yoast-seo-premium-wordpress\/ -->\n<title>IndustriALL debe estar a la vanguardia de la representaci\u00f3n de la mujer - industriall-union<\/title>\n<meta name=\"description\" content=\"En efecto, Monica Veloso de la CNTM Brasil, organizaci\u00f3n afiliada a nuestro sindicato mundial, se\u00f1al\u00f3 que IndustriALL tiene la oportunidad de presentar\" \/>\n<meta name=\"robots\" content=\"index, follow, max-snippet:-1, max-image-preview:large, max-video-preview:-1\" \/>\n<link rel=\"canonical\" href=\"https:\/\/admin.industriall-union.org\/es\/industriall-debe-estar-a-la-vanguardia-de-la-representacion-de-la-mujer\/\" \/>\n<meta property=\"og:locale\" content=\"es_ES\" \/>\n<meta property=\"og:type\" content=\"article\" \/>\n<meta property=\"og:title\" content=\"IndustriALL debe estar a la vanguardia de la representaci\u00f3n de la mujer\" \/>\n<meta property=\"og:description\" content=\"En efecto, Monica Veloso de la CNTM Brasil, organizaci\u00f3n afiliada a nuestro sindicato mundial, se\u00f1al\u00f3 que IndustriALL tiene la oportunidad de presentar\" \/>\n<meta property=\"og:url\" content=\"https:\/\/admin.industriall-union.org\/es\/industriall-debe-estar-a-la-vanguardia-de-la-representacion-de-la-mujer\/\" \/>\n<meta property=\"og:site_name\" content=\"industriall-union\" \/>\n<meta property=\"article:modified_time\" content=\"2025-02-08T00:19:59+00:00\" \/>\n<meta name=\"twitter:card\" content=\"summary_large_image\" \/>\n<meta name=\"twitter:label1\" content=\"Est. reading time\" \/>\n\t<meta name=\"twitter:data1\" content=\"3 minutes\" \/>\n<script type=\"application\/ld+json\" class=\"yoast-schema-graph\">{\"@context\":\"https:\/\/schema.org\",\"@graph\":[{\"@type\":\"WebPage\",\"@id\":\"https:\/\/admin.industriall-union.org\/es\/industriall-debe-estar-a-la-vanguardia-de-la-representacion-de-la-mujer\/\",\"url\":\"https:\/\/admin.industriall-union.org\/es\/industriall-debe-estar-a-la-vanguardia-de-la-representacion-de-la-mujer\/\",\"name\":\"IndustriALL debe estar a la vanguardia de la representaci\u00f3n de la mujer - industriall-union\",\"isPartOf\":{\"@id\":\"https:\/\/admin.industriall-union.org\/#website\"},\"datePublished\":\"2014-06-24T08:27:58+00:00\",\"dateModified\":\"2025-02-08T00:19:59+00:00\",\"description\":\"En efecto, Monica Veloso de la CNTM Brasil, organizaci\u00f3n afiliada a nuestro sindicato mundial, se\u00f1al\u00f3 que IndustriALL tiene la oportunidad de presentar\",\"breadcrumb\":{\"@id\":\"https:\/\/admin.industriall-union.org\/es\/industriall-debe-estar-a-la-vanguardia-de-la-representacion-de-la-mujer\/#breadcrumb\"},\"inLanguage\":\"es-ES\",\"potentialAction\":[{\"@type\":\"ReadAction\",\"target\":[\"https:\/\/admin.industriall-union.org\/es\/industriall-debe-estar-a-la-vanguardia-de-la-representacion-de-la-mujer\/\"]}]},{\"@type\":\"BreadcrumbList\",\"@id\":\"https:\/\/admin.industriall-union.org\/es\/industriall-debe-estar-a-la-vanguardia-de-la-representacion-de-la-mujer\/#breadcrumb\",\"itemListElement\":[{\"@type\":\"ListItem\",\"position\":1,\"name\":\"Home\",\"item\":\"https:\/\/admin.industriall-union.org\/\"},{\"@type\":\"ListItem\",\"position\":2,\"name\":\"Articles\",\"item\":\"https:\/\/admin.industriall-union.org\/article\/\"},{\"@type\":\"ListItem\",\"position\":3,\"name\":\"IndustriALL debe estar a la vanguardia de la representaci\u00f3n de la mujer\"}]},{\"@type\":\"WebSite\",\"@id\":\"https:\/\/admin.industriall-union.org\/#website\",\"url\":\"https:\/\/admin.industriall-union.org\/\",\"name\":\"industriall-union\",\"description\":\"\",\"potentialAction\":[{\"@type\":\"SearchAction\",\"target\":{\"@type\":\"EntryPoint\",\"urlTemplate\":\"https:\/\/admin.industriall-union.org\/?s={search_term_string}\"},\"query-input\":{\"@type\":\"PropertyValueSpecification\",\"valueRequired\":true,\"valueName\":\"search_term_string\"}}],\"inLanguage\":\"es-ES\"}]}<\/script>\n<!-- \/ Yoast SEO Premium plugin. -->","yoast_head_json":{"title":"IndustriALL debe estar a la vanguardia de la representaci\u00f3n de la mujer - industriall-union","description":"En efecto, Monica Veloso de la CNTM Brasil, organizaci\u00f3n afiliada a nuestro sindicato mundial, se\u00f1al\u00f3 que IndustriALL tiene la oportunidad de presentar","robots":{"index":"index","follow":"follow","max-snippet":"max-snippet:-1","max-image-preview":"max-image-preview:large","max-video-preview":"max-video-preview:-1"},"canonical":"https:\/\/admin.industriall-union.org\/es\/industriall-debe-estar-a-la-vanguardia-de-la-representacion-de-la-mujer\/","og_locale":"es_ES","og_type":"article","og_title":"IndustriALL debe estar a la vanguardia de la representaci\u00f3n de la mujer","og_description":"En efecto, Monica Veloso de la CNTM Brasil, organizaci\u00f3n afiliada a nuestro sindicato mundial, se\u00f1al\u00f3 que IndustriALL tiene la oportunidad de presentar","og_url":"https:\/\/admin.industriall-union.org\/es\/industriall-debe-estar-a-la-vanguardia-de-la-representacion-de-la-mujer\/","og_site_name":"industriall-union","article_modified_time":"2025-02-08T00:19:59+00:00","twitter_card":"summary_large_image","twitter_misc":{"Est. reading time":"3 minutes"},"schema":{"@context":"https:\/\/schema.org","@graph":[{"@type":"WebPage","@id":"https:\/\/admin.industriall-union.org\/es\/industriall-debe-estar-a-la-vanguardia-de-la-representacion-de-la-mujer\/","url":"https:\/\/admin.industriall-union.org\/es\/industriall-debe-estar-a-la-vanguardia-de-la-representacion-de-la-mujer\/","name":"IndustriALL debe estar a la vanguardia de la representaci\u00f3n de la mujer - industriall-union","isPartOf":{"@id":"https:\/\/admin.industriall-union.org\/#website"},"datePublished":"2014-06-24T08:27:58+00:00","dateModified":"2025-02-08T00:19:59+00:00","description":"En efecto, Monica Veloso de la CNTM Brasil, organizaci\u00f3n afiliada a nuestro sindicato mundial, se\u00f1al\u00f3 que IndustriALL tiene la oportunidad de presentar","breadcrumb":{"@id":"https:\/\/admin.industriall-union.org\/es\/industriall-debe-estar-a-la-vanguardia-de-la-representacion-de-la-mujer\/#breadcrumb"},"inLanguage":"es-ES","potentialAction":[{"@type":"ReadAction","target":["https:\/\/admin.industriall-union.org\/es\/industriall-debe-estar-a-la-vanguardia-de-la-representacion-de-la-mujer\/"]}]},{"@type":"BreadcrumbList","@id":"https:\/\/admin.industriall-union.org\/es\/industriall-debe-estar-a-la-vanguardia-de-la-representacion-de-la-mujer\/#breadcrumb","itemListElement":[{"@type":"ListItem","position":1,"name":"Home","item":"https:\/\/admin.industriall-union.org\/"},{"@type":"ListItem","position":2,"name":"Articles","item":"https:\/\/admin.industriall-union.org\/article\/"},{"@type":"ListItem","position":3,"name":"IndustriALL debe estar a la vanguardia de la representaci\u00f3n de la mujer"}]},{"@type":"WebSite","@id":"https:\/\/admin.industriall-union.org\/#website","url":"https:\/\/admin.industriall-union.org\/","name":"industriall-union","description":"","potentialAction":[{"@type":"SearchAction","target":{"@type":"EntryPoint","urlTemplate":"https:\/\/admin.industriall-union.org\/?s={search_term_string}"},"query-input":{"@type":"PropertyValueSpecification","valueRequired":true,"valueName":"search_term_string"}}],"inLanguage":"es-ES"}]}},"_links":{"self":[{"href":"https:\/\/admin.industriall-union.org\/es\/wp-json\/wp\/v2\/article\/171656","targetHints":{"allow":["GET"]}}],"collection":[{"href":"https:\/\/admin.industriall-union.org\/es\/wp-json\/wp\/v2\/article"}],"about":[{"href":"https:\/\/admin.industriall-union.org\/es\/wp-json\/wp\/v2\/types\/article"}],"wp:attachment":[{"href":"https:\/\/admin.industriall-union.org\/es\/wp-json\/wp\/v2\/media?parent=171656"}],"wp:term":[{"taxonomy":"issues","embeddable":true,"href":"https:\/\/admin.industriall-union.org\/es\/wp-json\/wp\/v2\/issues?post=171656"},{"taxonomy":"companies","embeddable":true,"href":"https:\/\/admin.industriall-union.org\/es\/wp-json\/wp\/v2\/companies?post=171656"},{"taxonomy":"regions","embeddable":true,"href":"https:\/\/admin.industriall-union.org\/es\/wp-json\/wp\/v2\/regions?post=171656"},{"taxonomy":"sectors","embeddable":true,"href":"https:\/\/admin.industriall-union.org\/es\/wp-json\/wp\/v2\/sectors?post=171656"},{"taxonomy":"article_tags","embeddable":true,"href":"https:\/\/admin.industriall-union.org\/es\/wp-json\/wp\/v2\/article_tags?post=171656"}],"curies":[{"name":"wp","href":"https:\/\/api.w.org\/{rel}","templated":true}]}}