{"id":171631,"date":"2014-06-25T09:06:03","date_gmt":"2014-06-25T09:06:03","guid":{"rendered":"https:\/\/admin.industriall-union.org\/zambia-capacitacion-sobre-vih-sida-en-el-lugar-de-trabajo\/"},"modified":"2025-02-08T00:09:56","modified_gmt":"2025-02-08T00:09:56","slug":"zambia-capacitacion-sobre-vih-sida-en-el-lugar-de-trabajo","status":"publish","type":"article","link":"https:\/\/admin.industriall-union.org\/es\/zambia-capacitacion-sobre-vih-sida-en-el-lugar-de-trabajo\/","title":{"rendered":"Zambia: Capacitaci\u00f3n sobre VIH\/SIDA en el lugar de trabajo"},"content":{"rendered":"<p>Seg\u00fan ONUSIDA hay m\u00e1s de un mill\u00f3n de personas en Zambia que vive con el VIH; aproximadamente un 13% de los adultos de 15 a 49 a\u00f1os de edad est\u00e1 infectado por el VIH\/SIDA (2012).<\/p><p>Quienes participaron en los talleres se enteraron de la importante funci\u00f3n que pueden realizar los sindicatos para procurar que se apliquen correctamente las pol\u00edticas sobre el VIH\/SIDA; del mismo modo se destac\u00f3 la importancia de facilitar constantemente a los trabajadores capacitaci\u00f3n y concientizaci\u00f3n al respecto.<\/p><p>En el primer d\u00eda, se realiz\u00f3 un taller exclusivamente para mujeres, donde se reunieron 20 trabajadoras, en su mayor\u00eda j\u00f3venes, miembros de los cuatro sindicatos de Zambia afiliados a IndustriALL: MUZ, NESAWU, NUCIW y NUBEGW.<\/p><p>Al segundo d\u00eda participaron 20 j\u00f3venes sindicalistas. La Coordinadora del proyecto, Paule France Ndessomin, inform\u00f3 que la mayor\u00eda de los participantes asist\u00edan por primera vez a un taller sobre VIH\/SIDA.<\/p><p>Todos los que asistieron al taller confirmaron que cuentan con programas de acci\u00f3n para combatir el VIH\/SIDA en sus lugares de trabajo. Algunos de estos programas eran integrales, es decir, abarcaban tambi\u00e9n a las familias de los trabajadores, pero otros no lo eran.<\/p><p>Los temas de debate inclu\u00edan el VIH\/SIDA y la negociaci\u00f3n colectiva, la participaci\u00f3n sindical en los programas en los lugares de trabajo, el estigma y la discriminaci\u00f3n contra trabajadores o trabajadoras enfermos de VIH, y sobre violencia de g\u00e9nero.<\/p><p>El estigma y la discriminaci\u00f3n son graves barreras para la aplicaci\u00f3n eficaz de programas sobre VIH\/SIDA en el lugar de trabajo. Esto es en parte porque los trabajadores no han comprendido completamente el modo de transmisi\u00f3n del VIH. Las mujeres que participaron en el taller tambi\u00e9n se mostraron temerosas de hablar sobre la violencia de que son v\u00edctimas, pero reconocieron que la violencia existe y que esto se debe a las creencias culturales.<\/p><p>Moses Silwamba, cient\u00edfico e investigador de ZERPH (Proyecto Emory de Zambia para Investigaci\u00f3n sobre el VIH), se refiri\u00f3 a la transmisi\u00f3n b\u00e1sica del VIH \/SIDA, y tambi\u00e9n toc\u00f3 el tema de las infecciones de transmisi\u00f3n sexual (ITS). Recomend\u00f3 que las mujeres deber\u00edan alentar a sus compa\u00f1eros para que participen en el asesoramiento de parejas, ya que muchas parejas casadas han adquirido esta enfermedad, pero son reacias a buscar ayuda m\u00e9dica. Aconsej\u00f3 a los\/las trabajadores\/as para que visiten ZERPH, aprovechando los servicios gratuitos que ofrece.<\/p><p>Tambi\u00e9n se alent\u00f3 a los\/las participantes en el taller para que recurran a la Recomendaci\u00f3n 200 (OIT R200) de la Organizaci\u00f3n Internacional del Trabajo sobre el VIH\/SIDA como un punto de referencia para pol\u00edticas en el lugar de trabajo. Se hizo hincapi\u00e9 en que una pol\u00edtica eficaz tambi\u00e9n debe ir acompa\u00f1ada de mecanismos administrativos eficaces, y recursos humanos y control adecuados.<\/p><p>Seth Paraza, Secretario General del NUCIW, inst\u00f3 a las mujeres y trabajadores j\u00f3venes a seguir buscando informaci\u00f3n; hizo hincapi\u00e9 en que el VIH \/SIDA sigue matando trabajadores\/as y miembros de la comunidad. Por lo tanto, las mujeres y los trabajadores j\u00f3venes tienen la responsabilidad de participar en la eficaz aplicaci\u00f3n de los programas y pol\u00edticas que se ofrecen en el lugar de trabajo para prevenir el VIH \/SIDA.<\/p>","protected":false},"featured_media":0,"template":"","issues":[405],"companies":[],"regions":[357],"sectors":[],"article_tags":[],"class_list":["post-171631","article","type-article","status-publish","hentry","issues-hiv-aids","regions-zambia"],"acf":[],"yoast_head":"<!-- This site is optimized with the Yoast SEO Premium plugin v27.1 (Yoast SEO v27.1) - https:\/\/yoast.com\/product\/yoast-seo-premium-wordpress\/ -->\n<title>Zambia: Capacitaci\u00f3n sobre VIH\/SIDA en el lugar de trabajo - industriall-union<\/title>\n<meta name=\"description\" content=\"Seg\u00fan ONUSIDA hay m\u00e1s de un mill\u00f3n de personas en Zambia que vive con el VIH; aproximadamente un 13% de los adultos de 15 a 49 a\u00f1os de edad est\u00e1 infectado\" \/>\n<meta name=\"robots\" content=\"index, follow, max-snippet:-1, max-image-preview:large, max-video-preview:-1\" \/>\n<link rel=\"canonical\" href=\"https:\/\/admin.industriall-union.org\/es\/zambia-capacitacion-sobre-vih-sida-en-el-lugar-de-trabajo\/\" \/>\n<meta property=\"og:locale\" content=\"es_ES\" \/>\n<meta property=\"og:type\" content=\"article\" \/>\n<meta property=\"og:title\" content=\"Zambia: Capacitaci\u00f3n sobre VIH\/SIDA en el lugar de trabajo\" \/>\n<meta property=\"og:description\" content=\"Seg\u00fan ONUSIDA hay m\u00e1s de un mill\u00f3n de personas en Zambia que vive con el VIH; aproximadamente un 13% de los adultos de 15 a 49 a\u00f1os de edad est\u00e1 infectado\" \/>\n<meta property=\"og:url\" content=\"https:\/\/admin.industriall-union.org\/es\/zambia-capacitacion-sobre-vih-sida-en-el-lugar-de-trabajo\/\" \/>\n<meta property=\"og:site_name\" content=\"industriall-union\" \/>\n<meta property=\"article:modified_time\" content=\"2025-02-08T00:09:56+00:00\" \/>\n<meta name=\"twitter:card\" content=\"summary_large_image\" \/>\n<meta name=\"twitter:label1\" content=\"Est. reading time\" \/>\n\t<meta name=\"twitter:data1\" content=\"3 minutes\" \/>\n<script type=\"application\/ld+json\" class=\"yoast-schema-graph\">{\"@context\":\"https:\/\/schema.org\",\"@graph\":[{\"@type\":\"WebPage\",\"@id\":\"https:\/\/admin.industriall-union.org\/es\/zambia-capacitacion-sobre-vih-sida-en-el-lugar-de-trabajo\/\",\"url\":\"https:\/\/admin.industriall-union.org\/es\/zambia-capacitacion-sobre-vih-sida-en-el-lugar-de-trabajo\/\",\"name\":\"Zambia: Capacitaci\u00f3n sobre VIH\/SIDA en el lugar de trabajo - industriall-union\",\"isPartOf\":{\"@id\":\"https:\/\/admin.industriall-union.org\/#website\"},\"datePublished\":\"2014-06-25T09:06:03+00:00\",\"dateModified\":\"2025-02-08T00:09:56+00:00\",\"description\":\"Seg\u00fan ONUSIDA hay m\u00e1s de un mill\u00f3n de personas en Zambia que vive con el VIH; aproximadamente un 13% de los adultos de 15 a 49 a\u00f1os de edad est\u00e1 infectado\",\"breadcrumb\":{\"@id\":\"https:\/\/admin.industriall-union.org\/es\/zambia-capacitacion-sobre-vih-sida-en-el-lugar-de-trabajo\/#breadcrumb\"},\"inLanguage\":\"es-ES\",\"potentialAction\":[{\"@type\":\"ReadAction\",\"target\":[\"https:\/\/admin.industriall-union.org\/es\/zambia-capacitacion-sobre-vih-sida-en-el-lugar-de-trabajo\/\"]}]},{\"@type\":\"BreadcrumbList\",\"@id\":\"https:\/\/admin.industriall-union.org\/es\/zambia-capacitacion-sobre-vih-sida-en-el-lugar-de-trabajo\/#breadcrumb\",\"itemListElement\":[{\"@type\":\"ListItem\",\"position\":1,\"name\":\"Home\",\"item\":\"https:\/\/admin.industriall-union.org\/\"},{\"@type\":\"ListItem\",\"position\":2,\"name\":\"Articles\",\"item\":\"https:\/\/admin.industriall-union.org\/article\/\"},{\"@type\":\"ListItem\",\"position\":3,\"name\":\"Zambia: Capacitaci\u00f3n sobre VIH\/SIDA en el lugar de trabajo\"}]},{\"@type\":\"WebSite\",\"@id\":\"https:\/\/admin.industriall-union.org\/#website\",\"url\":\"https:\/\/admin.industriall-union.org\/\",\"name\":\"industriall-union\",\"description\":\"\",\"potentialAction\":[{\"@type\":\"SearchAction\",\"target\":{\"@type\":\"EntryPoint\",\"urlTemplate\":\"https:\/\/admin.industriall-union.org\/?s={search_term_string}\"},\"query-input\":{\"@type\":\"PropertyValueSpecification\",\"valueRequired\":true,\"valueName\":\"search_term_string\"}}],\"inLanguage\":\"es-ES\"}]}<\/script>\n<!-- \/ Yoast SEO Premium plugin. -->","yoast_head_json":{"title":"Zambia: Capacitaci\u00f3n sobre VIH\/SIDA en el lugar de trabajo - industriall-union","description":"Seg\u00fan ONUSIDA hay m\u00e1s de un mill\u00f3n de personas en Zambia que vive con el VIH; aproximadamente un 13% de los adultos de 15 a 49 a\u00f1os de edad est\u00e1 infectado","robots":{"index":"index","follow":"follow","max-snippet":"max-snippet:-1","max-image-preview":"max-image-preview:large","max-video-preview":"max-video-preview:-1"},"canonical":"https:\/\/admin.industriall-union.org\/es\/zambia-capacitacion-sobre-vih-sida-en-el-lugar-de-trabajo\/","og_locale":"es_ES","og_type":"article","og_title":"Zambia: Capacitaci\u00f3n sobre VIH\/SIDA en el lugar de trabajo","og_description":"Seg\u00fan ONUSIDA hay m\u00e1s de un mill\u00f3n de personas en Zambia que vive con el VIH; aproximadamente un 13% de los adultos de 15 a 49 a\u00f1os de edad est\u00e1 infectado","og_url":"https:\/\/admin.industriall-union.org\/es\/zambia-capacitacion-sobre-vih-sida-en-el-lugar-de-trabajo\/","og_site_name":"industriall-union","article_modified_time":"2025-02-08T00:09:56+00:00","twitter_card":"summary_large_image","twitter_misc":{"Est. reading time":"3 minutes"},"schema":{"@context":"https:\/\/schema.org","@graph":[{"@type":"WebPage","@id":"https:\/\/admin.industriall-union.org\/es\/zambia-capacitacion-sobre-vih-sida-en-el-lugar-de-trabajo\/","url":"https:\/\/admin.industriall-union.org\/es\/zambia-capacitacion-sobre-vih-sida-en-el-lugar-de-trabajo\/","name":"Zambia: Capacitaci\u00f3n sobre VIH\/SIDA en el lugar de trabajo - industriall-union","isPartOf":{"@id":"https:\/\/admin.industriall-union.org\/#website"},"datePublished":"2014-06-25T09:06:03+00:00","dateModified":"2025-02-08T00:09:56+00:00","description":"Seg\u00fan ONUSIDA hay m\u00e1s de un mill\u00f3n de personas en Zambia que vive con el VIH; aproximadamente un 13% de los adultos de 15 a 49 a\u00f1os de edad est\u00e1 infectado","breadcrumb":{"@id":"https:\/\/admin.industriall-union.org\/es\/zambia-capacitacion-sobre-vih-sida-en-el-lugar-de-trabajo\/#breadcrumb"},"inLanguage":"es-ES","potentialAction":[{"@type":"ReadAction","target":["https:\/\/admin.industriall-union.org\/es\/zambia-capacitacion-sobre-vih-sida-en-el-lugar-de-trabajo\/"]}]},{"@type":"BreadcrumbList","@id":"https:\/\/admin.industriall-union.org\/es\/zambia-capacitacion-sobre-vih-sida-en-el-lugar-de-trabajo\/#breadcrumb","itemListElement":[{"@type":"ListItem","position":1,"name":"Home","item":"https:\/\/admin.industriall-union.org\/"},{"@type":"ListItem","position":2,"name":"Articles","item":"https:\/\/admin.industriall-union.org\/article\/"},{"@type":"ListItem","position":3,"name":"Zambia: Capacitaci\u00f3n sobre VIH\/SIDA en el lugar de trabajo"}]},{"@type":"WebSite","@id":"https:\/\/admin.industriall-union.org\/#website","url":"https:\/\/admin.industriall-union.org\/","name":"industriall-union","description":"","potentialAction":[{"@type":"SearchAction","target":{"@type":"EntryPoint","urlTemplate":"https:\/\/admin.industriall-union.org\/?s={search_term_string}"},"query-input":{"@type":"PropertyValueSpecification","valueRequired":true,"valueName":"search_term_string"}}],"inLanguage":"es-ES"}]}},"_links":{"self":[{"href":"https:\/\/admin.industriall-union.org\/es\/wp-json\/wp\/v2\/article\/171631","targetHints":{"allow":["GET"]}}],"collection":[{"href":"https:\/\/admin.industriall-union.org\/es\/wp-json\/wp\/v2\/article"}],"about":[{"href":"https:\/\/admin.industriall-union.org\/es\/wp-json\/wp\/v2\/types\/article"}],"wp:attachment":[{"href":"https:\/\/admin.industriall-union.org\/es\/wp-json\/wp\/v2\/media?parent=171631"}],"wp:term":[{"taxonomy":"issues","embeddable":true,"href":"https:\/\/admin.industriall-union.org\/es\/wp-json\/wp\/v2\/issues?post=171631"},{"taxonomy":"companies","embeddable":true,"href":"https:\/\/admin.industriall-union.org\/es\/wp-json\/wp\/v2\/companies?post=171631"},{"taxonomy":"regions","embeddable":true,"href":"https:\/\/admin.industriall-union.org\/es\/wp-json\/wp\/v2\/regions?post=171631"},{"taxonomy":"sectors","embeddable":true,"href":"https:\/\/admin.industriall-union.org\/es\/wp-json\/wp\/v2\/sectors?post=171631"},{"taxonomy":"article_tags","embeddable":true,"href":"https:\/\/admin.industriall-union.org\/es\/wp-json\/wp\/v2\/article_tags?post=171631"}],"curies":[{"name":"wp","href":"https:\/\/api.w.org\/{rel}","templated":true}]}}