{"id":171618,"date":"2014-06-26T13:43:16","date_gmt":"2014-06-26T13:43:16","guid":{"rendered":"https:\/\/admin.industriall-union.org\/sindicatos-afiliados-a-industriall-solidarizan-con-trabajadores-de-samsung\/"},"modified":"2025-02-07T23:53:24","modified_gmt":"2025-02-07T23:53:24","slug":"sindicatos-afiliados-a-industriall-solidarizan-con-trabajadores-de-samsung","status":"publish","type":"article","link":"https:\/\/admin.industriall-union.org\/es\/sindicatos-afiliados-a-industriall-solidarizan-con-trabajadores-de-samsung\/","title":{"rendered":"Sindicatos afiliados a IndustriALL solidarizan con trabajadores de Samsung"},"content":{"rendered":"<p>Los sindicalistas de los afiliados de IndustriALL que asistieron a la reuni\u00f3n del Comit\u00e9 Ejecutivo del sindicato mundial en Ginebra, Suiza, fueron fotografiados por la prensa, demostrando solidaridad con los trabajadores de Samsung.<\/p><p>Desde hace 75 a\u00f1os, la pol\u00edtica de Samsung ha sido la de no permitir que los trabajadores se organicen en sindicatos en sus plantas, sin embargo el Sindicato de Trabajadores Metal\u00fargicos de Corea (KMWU) no acat\u00f3 esta orden, por el contrario, organiz\u00f3 el Sindicato Local de Trabajadores de Servicios de Samsung Electronics, constituyendo el primer sindicato unitario para todo el personal en una planta de Samsung en Corea.<\/p><p>Ahora el sindicato local KMWU se halla en conflicto con esa empresa desde hace varios meses, lo que se ha traducido en huelgas consecutivas para exigir que Samsung abandone su pol\u00edtica de sueldos miserables, y para que respete los derechos sindicales; el sindicato exige que firme un convenio colectivo para beneficiar a sus 1.600 trabajadores sindicalizados.<\/p><p>Despu\u00e9s de eludir la negociaci\u00f3n colectiva durante muchos meses, Samsung pas\u00f3 a una etapa de represalias contra los trabajadores; una de estas represalias es la reasignaci\u00f3n de puestos de trabajo en favor de trabajadores no sindicalizados. Adem\u00e1s, la empresa decidi\u00f3 cerrar tres plantas sindicalizadas (Haeundae Center, Asan Center, Icheon Center); en el mes de marzo, la empresa despidi\u00f3 en masa a los trabajadores que laboraban en esas plantas.<\/p><p>El 17 de mayo de 2014, desesperado por la conducta de la empresa, se suicid\u00f3 el dirigente del sindicato local del KMWU, Ho-seok Yeom, de 33 a\u00f1os de edad. <a href=\"http:\/\/kmwu.kr\/en\/159\">En una nota<\/a> dej\u00f3 estampado su \u00faltimo deseo: que su cuerpo quedara en capilla ardiente y no fuera incinerado hasta que tuviera \u00e9xito la lucha por los derechos sindicales en Samsung, pero la polic\u00eda se llev\u00f3 a la fuerza los restos mortales del trabajador fallecido.<\/p><p>Este irrespeto por el \u00faltimo deseo del dirigente fallecido y el aumento de la represi\u00f3n dirigida contra los sindicalistas se\u00f1alan que Corea del Sur est\u00e1 retornando a su pasado autoritario. Ante esta situaci\u00f3n, se hace imprescindible y urgente contar con apoyo internacional para los trabajadores de Samsung. Recomendamos encarecidamente apoyar la campa\u00f1a y firmar la <a href=\"http:\/\/www.labourstartcampaigns.net\/show_campaign2014.cgi?c=2323\">petici\u00f3n de LabourStart<\/a>.&nbsp;<\/p>","protected":false},"featured_media":0,"template":"","issues":[406,422,409,420,424,425],"companies":[118],"regions":[170],"sectors":[490],"article_tags":[513],"class_list":["post-171618","article","type-article","status-publish","hentry","issues-confronting-global-capital","issues-human-trade-union-rights","issues-multinational-companies-mncs","issues-solidarity","issues-violation","issues-workers-rights","companies-samsung","regions-korea","sectors-ict-electrical-and-electronics","article_tags-labour-laws"],"acf":[],"yoast_head":"<!-- This site is optimized with the Yoast SEO Premium plugin v27.1 (Yoast SEO v27.1) - https:\/\/yoast.com\/product\/yoast-seo-premium-wordpress\/ -->\n<title>Sindicatos afiliados a IndustriALL solidarizan con trabajadores de Samsung - industriall-union<\/title>\n<meta name=\"description\" content=\"Los sindicalistas de los afiliados de IndustriALL que asistieron a la reuni\u00f3n del Comit\u00e9 Ejecutivo del sindicato mundial en Ginebra, Suiza, fueron\" \/>\n<meta name=\"robots\" content=\"index, follow, max-snippet:-1, max-image-preview:large, max-video-preview:-1\" \/>\n<link rel=\"canonical\" href=\"https:\/\/admin.industriall-union.org\/es\/sindicatos-afiliados-a-industriall-solidarizan-con-trabajadores-de-samsung\/\" \/>\n<meta property=\"og:locale\" content=\"es_ES\" \/>\n<meta property=\"og:type\" content=\"article\" \/>\n<meta property=\"og:title\" content=\"Sindicatos afiliados a IndustriALL solidarizan con trabajadores de Samsung\" \/>\n<meta property=\"og:description\" content=\"Los sindicalistas de los afiliados de IndustriALL que asistieron a la reuni\u00f3n del Comit\u00e9 Ejecutivo del sindicato mundial en Ginebra, Suiza, fueron\" \/>\n<meta property=\"og:url\" content=\"https:\/\/admin.industriall-union.org\/es\/sindicatos-afiliados-a-industriall-solidarizan-con-trabajadores-de-samsung\/\" \/>\n<meta property=\"og:site_name\" content=\"industriall-union\" \/>\n<meta property=\"article:modified_time\" content=\"2025-02-07T23:53:24+00:00\" \/>\n<meta name=\"twitter:card\" content=\"summary_large_image\" \/>\n<meta name=\"twitter:label1\" content=\"Est. reading time\" \/>\n\t<meta name=\"twitter:data1\" content=\"2 minutes\" \/>\n<script type=\"application\/ld+json\" class=\"yoast-schema-graph\">{\"@context\":\"https:\/\/schema.org\",\"@graph\":[{\"@type\":\"WebPage\",\"@id\":\"https:\/\/admin.industriall-union.org\/es\/sindicatos-afiliados-a-industriall-solidarizan-con-trabajadores-de-samsung\/\",\"url\":\"https:\/\/admin.industriall-union.org\/es\/sindicatos-afiliados-a-industriall-solidarizan-con-trabajadores-de-samsung\/\",\"name\":\"Sindicatos afiliados a IndustriALL solidarizan con trabajadores de Samsung - industriall-union\",\"isPartOf\":{\"@id\":\"https:\/\/admin.industriall-union.org\/#website\"},\"datePublished\":\"2014-06-26T13:43:16+00:00\",\"dateModified\":\"2025-02-07T23:53:24+00:00\",\"description\":\"Los sindicalistas de los afiliados de IndustriALL que asistieron a la reuni\u00f3n del Comit\u00e9 Ejecutivo del sindicato mundial en Ginebra, Suiza, fueron\",\"breadcrumb\":{\"@id\":\"https:\/\/admin.industriall-union.org\/es\/sindicatos-afiliados-a-industriall-solidarizan-con-trabajadores-de-samsung\/#breadcrumb\"},\"inLanguage\":\"es-ES\",\"potentialAction\":[{\"@type\":\"ReadAction\",\"target\":[\"https:\/\/admin.industriall-union.org\/es\/sindicatos-afiliados-a-industriall-solidarizan-con-trabajadores-de-samsung\/\"]}]},{\"@type\":\"BreadcrumbList\",\"@id\":\"https:\/\/admin.industriall-union.org\/es\/sindicatos-afiliados-a-industriall-solidarizan-con-trabajadores-de-samsung\/#breadcrumb\",\"itemListElement\":[{\"@type\":\"ListItem\",\"position\":1,\"name\":\"Home\",\"item\":\"https:\/\/admin.industriall-union.org\/\"},{\"@type\":\"ListItem\",\"position\":2,\"name\":\"Articles\",\"item\":\"https:\/\/admin.industriall-union.org\/article\/\"},{\"@type\":\"ListItem\",\"position\":3,\"name\":\"Sindicatos afiliados a IndustriALL solidarizan con trabajadores de Samsung\"}]},{\"@type\":\"WebSite\",\"@id\":\"https:\/\/admin.industriall-union.org\/#website\",\"url\":\"https:\/\/admin.industriall-union.org\/\",\"name\":\"industriall-union\",\"description\":\"\",\"potentialAction\":[{\"@type\":\"SearchAction\",\"target\":{\"@type\":\"EntryPoint\",\"urlTemplate\":\"https:\/\/admin.industriall-union.org\/?s={search_term_string}\"},\"query-input\":{\"@type\":\"PropertyValueSpecification\",\"valueRequired\":true,\"valueName\":\"search_term_string\"}}],\"inLanguage\":\"es-ES\"}]}<\/script>\n<!-- \/ Yoast SEO Premium plugin. -->","yoast_head_json":{"title":"Sindicatos afiliados a IndustriALL solidarizan con trabajadores de Samsung - industriall-union","description":"Los sindicalistas de los afiliados de IndustriALL que asistieron a la reuni\u00f3n del Comit\u00e9 Ejecutivo del sindicato mundial en Ginebra, Suiza, fueron","robots":{"index":"index","follow":"follow","max-snippet":"max-snippet:-1","max-image-preview":"max-image-preview:large","max-video-preview":"max-video-preview:-1"},"canonical":"https:\/\/admin.industriall-union.org\/es\/sindicatos-afiliados-a-industriall-solidarizan-con-trabajadores-de-samsung\/","og_locale":"es_ES","og_type":"article","og_title":"Sindicatos afiliados a IndustriALL solidarizan con trabajadores de Samsung","og_description":"Los sindicalistas de los afiliados de IndustriALL que asistieron a la reuni\u00f3n del Comit\u00e9 Ejecutivo del sindicato mundial en Ginebra, Suiza, fueron","og_url":"https:\/\/admin.industriall-union.org\/es\/sindicatos-afiliados-a-industriall-solidarizan-con-trabajadores-de-samsung\/","og_site_name":"industriall-union","article_modified_time":"2025-02-07T23:53:24+00:00","twitter_card":"summary_large_image","twitter_misc":{"Est. reading time":"2 minutes"},"schema":{"@context":"https:\/\/schema.org","@graph":[{"@type":"WebPage","@id":"https:\/\/admin.industriall-union.org\/es\/sindicatos-afiliados-a-industriall-solidarizan-con-trabajadores-de-samsung\/","url":"https:\/\/admin.industriall-union.org\/es\/sindicatos-afiliados-a-industriall-solidarizan-con-trabajadores-de-samsung\/","name":"Sindicatos afiliados a IndustriALL solidarizan con trabajadores de Samsung - industriall-union","isPartOf":{"@id":"https:\/\/admin.industriall-union.org\/#website"},"datePublished":"2014-06-26T13:43:16+00:00","dateModified":"2025-02-07T23:53:24+00:00","description":"Los sindicalistas de los afiliados de IndustriALL que asistieron a la reuni\u00f3n del Comit\u00e9 Ejecutivo del sindicato mundial en Ginebra, Suiza, fueron","breadcrumb":{"@id":"https:\/\/admin.industriall-union.org\/es\/sindicatos-afiliados-a-industriall-solidarizan-con-trabajadores-de-samsung\/#breadcrumb"},"inLanguage":"es-ES","potentialAction":[{"@type":"ReadAction","target":["https:\/\/admin.industriall-union.org\/es\/sindicatos-afiliados-a-industriall-solidarizan-con-trabajadores-de-samsung\/"]}]},{"@type":"BreadcrumbList","@id":"https:\/\/admin.industriall-union.org\/es\/sindicatos-afiliados-a-industriall-solidarizan-con-trabajadores-de-samsung\/#breadcrumb","itemListElement":[{"@type":"ListItem","position":1,"name":"Home","item":"https:\/\/admin.industriall-union.org\/"},{"@type":"ListItem","position":2,"name":"Articles","item":"https:\/\/admin.industriall-union.org\/article\/"},{"@type":"ListItem","position":3,"name":"Sindicatos afiliados a IndustriALL solidarizan con trabajadores de Samsung"}]},{"@type":"WebSite","@id":"https:\/\/admin.industriall-union.org\/#website","url":"https:\/\/admin.industriall-union.org\/","name":"industriall-union","description":"","potentialAction":[{"@type":"SearchAction","target":{"@type":"EntryPoint","urlTemplate":"https:\/\/admin.industriall-union.org\/?s={search_term_string}"},"query-input":{"@type":"PropertyValueSpecification","valueRequired":true,"valueName":"search_term_string"}}],"inLanguage":"es-ES"}]}},"_links":{"self":[{"href":"https:\/\/admin.industriall-union.org\/es\/wp-json\/wp\/v2\/article\/171618","targetHints":{"allow":["GET"]}}],"collection":[{"href":"https:\/\/admin.industriall-union.org\/es\/wp-json\/wp\/v2\/article"}],"about":[{"href":"https:\/\/admin.industriall-union.org\/es\/wp-json\/wp\/v2\/types\/article"}],"wp:attachment":[{"href":"https:\/\/admin.industriall-union.org\/es\/wp-json\/wp\/v2\/media?parent=171618"}],"wp:term":[{"taxonomy":"issues","embeddable":true,"href":"https:\/\/admin.industriall-union.org\/es\/wp-json\/wp\/v2\/issues?post=171618"},{"taxonomy":"companies","embeddable":true,"href":"https:\/\/admin.industriall-union.org\/es\/wp-json\/wp\/v2\/companies?post=171618"},{"taxonomy":"regions","embeddable":true,"href":"https:\/\/admin.industriall-union.org\/es\/wp-json\/wp\/v2\/regions?post=171618"},{"taxonomy":"sectors","embeddable":true,"href":"https:\/\/admin.industriall-union.org\/es\/wp-json\/wp\/v2\/sectors?post=171618"},{"taxonomy":"article_tags","embeddable":true,"href":"https:\/\/admin.industriall-union.org\/es\/wp-json\/wp\/v2\/article_tags?post=171618"}],"curies":[{"name":"wp","href":"https:\/\/api.w.org\/{rel}","templated":true}]}}