{"id":171611,"date":"2014-06-27T13:48:23","date_gmt":"2014-06-27T13:48:23","guid":{"rendered":"https:\/\/admin.industriall-union.org\/se-declaran-en-huelga-trabajadores-de-kimberly-clark-en-turquia\/"},"modified":"2025-02-07T23:50:29","modified_gmt":"2025-02-07T23:50:29","slug":"se-declaran-en-huelga-trabajadores-de-kimberly-clark-en-turquia","status":"publish","type":"article","link":"https:\/\/admin.industriall-union.org\/es\/se-declaran-en-huelga-trabajadores-de-kimberly-clark-en-turquia\/","title":{"rendered":"Se declaran en huelga trabajadores de Kimberly Clark en Turqu\u00eda"},"content":{"rendered":"<p>Los mencionados socios del sindicato T\u00fcmka-\u0130\u015f, que pertenece a la central sindical nacional DISK, decidieron ir a la huelga despu\u00e9s de la medianoche del 25 de junio en la planta ubicada en Pendik, Estambul. Los sindicalistas se vieron obligados a declarar la huelga debido al fracaso de las negociaciones para establecer un convenio colectivo a nivel de planta; las gestiones fracasaron cuando la administraci\u00f3n local de Kimberly Clark se neg\u00f3 a aceptar las reivindicaciones exigidas por los trabajadores.<\/p><p>Importantes exigencias de los huelguistas inclu\u00edan aumentos de salarios adecuados, en particular para aquellos trabajadores que apenas ganan poco m\u00e1s que el sueldo m\u00ednimo nacional, y el pago de una compensaci\u00f3n adecuada en caso de despido, a fin de lograr estabilidad en los puestos de trabajo. Esto \u00faltimo es importante ya que las instalaciones de la empresa se van a trasladar a otra ciudad dentro de los pr\u00f3ximos dos a\u00f1os.<\/p><p>Todos los miembros del sindicato participan plenamente en la huelga. Algunos de los huelguistas llevan m\u00e1s de veinte a\u00f1os trabajando en la planta, y la mayor\u00eda de los trabajadores se quejan de malas condiciones laborales, y largas jornadas de trabajo de hasta 12 horas al d\u00eda, haciendo imposible lograr equilibrio entre el trabajo y la vida familiar.<\/p><p>Erg\u00fcn Tava\u015fano\u011flu, Presidente General de T\u00fcmka-\u0130\u015f, acot\u00f3: &ldquo;Como Kimberly Clark no respondi\u00f3 a nuestras leg\u00edtimas reivindicaciones, la huelga era la \u00fanica opci\u00f3n. Necesitamos el apoyo y la solidaridad de los miembros de IndustriALL Global Union en todo el mundo para superar este desaf\u00edo que enfrentamos.&quot;<\/p><p>En la planta de Pendik, la se\u00f1alada empresa, filial turca de la compa\u00f1\u00eda norteamericana, produce pa\u00f1ales, toallas sanitarias, papel higi\u00e9nico, y papel de cocina con las conocidas marcas Huggies y Kotex.<\/p>","protected":false},"featured_media":0,"template":"","issues":[424],"companies":[],"regions":[250],"sectors":[474],"article_tags":[529],"class_list":["post-171611","article","type-article","status-publish","hentry","issues-violation","regions-turkiye","sectors-pulp-and-paper","article_tags-strike"],"acf":[],"yoast_head":"<!-- This site is optimized with the Yoast SEO Premium plugin v27.1 (Yoast SEO v27.1) - https:\/\/yoast.com\/product\/yoast-seo-premium-wordpress\/ -->\n<title>Se declaran en huelga trabajadores de Kimberly Clark en Turqu\u00eda - industriall-union<\/title>\n<meta name=\"description\" content=\"Los mencionados socios del sindicato T\u00fcmka-\u0130\u015f, que pertenece a la central sindical nacional DISK, decidieron ir a la huelga despu\u00e9s de la medianoche del\" \/>\n<meta name=\"robots\" content=\"index, follow, max-snippet:-1, max-image-preview:large, max-video-preview:-1\" \/>\n<link rel=\"canonical\" href=\"https:\/\/admin.industriall-union.org\/es\/se-declaran-en-huelga-trabajadores-de-kimberly-clark-en-turquia\/\" \/>\n<meta property=\"og:locale\" content=\"es_ES\" \/>\n<meta property=\"og:type\" content=\"article\" \/>\n<meta property=\"og:title\" content=\"Se declaran en huelga trabajadores de Kimberly Clark en Turqu\u00eda\" \/>\n<meta property=\"og:description\" content=\"Los mencionados socios del sindicato T\u00fcmka-\u0130\u015f, que pertenece a la central sindical nacional DISK, decidieron ir a la huelga despu\u00e9s de la medianoche del\" \/>\n<meta property=\"og:url\" content=\"https:\/\/admin.industriall-union.org\/es\/se-declaran-en-huelga-trabajadores-de-kimberly-clark-en-turquia\/\" \/>\n<meta property=\"og:site_name\" content=\"industriall-union\" \/>\n<meta property=\"article:modified_time\" content=\"2025-02-07T23:50:29+00:00\" \/>\n<meta name=\"twitter:card\" content=\"summary_large_image\" \/>\n<meta name=\"twitter:label1\" content=\"Est. reading time\" \/>\n\t<meta name=\"twitter:data1\" content=\"2 minutes\" \/>\n<script type=\"application\/ld+json\" class=\"yoast-schema-graph\">{\"@context\":\"https:\/\/schema.org\",\"@graph\":[{\"@type\":\"WebPage\",\"@id\":\"https:\/\/admin.industriall-union.org\/es\/se-declaran-en-huelga-trabajadores-de-kimberly-clark-en-turquia\/\",\"url\":\"https:\/\/admin.industriall-union.org\/es\/se-declaran-en-huelga-trabajadores-de-kimberly-clark-en-turquia\/\",\"name\":\"Se declaran en huelga trabajadores de Kimberly Clark en Turqu\u00eda - industriall-union\",\"isPartOf\":{\"@id\":\"https:\/\/admin.industriall-union.org\/#website\"},\"datePublished\":\"2014-06-27T13:48:23+00:00\",\"dateModified\":\"2025-02-07T23:50:29+00:00\",\"description\":\"Los mencionados socios del sindicato T\u00fcmka-\u0130\u015f, que pertenece a la central sindical nacional DISK, decidieron ir a la huelga despu\u00e9s de la medianoche del\",\"breadcrumb\":{\"@id\":\"https:\/\/admin.industriall-union.org\/es\/se-declaran-en-huelga-trabajadores-de-kimberly-clark-en-turquia\/#breadcrumb\"},\"inLanguage\":\"es-ES\",\"potentialAction\":[{\"@type\":\"ReadAction\",\"target\":[\"https:\/\/admin.industriall-union.org\/es\/se-declaran-en-huelga-trabajadores-de-kimberly-clark-en-turquia\/\"]}]},{\"@type\":\"BreadcrumbList\",\"@id\":\"https:\/\/admin.industriall-union.org\/es\/se-declaran-en-huelga-trabajadores-de-kimberly-clark-en-turquia\/#breadcrumb\",\"itemListElement\":[{\"@type\":\"ListItem\",\"position\":1,\"name\":\"Home\",\"item\":\"https:\/\/admin.industriall-union.org\/\"},{\"@type\":\"ListItem\",\"position\":2,\"name\":\"Articles\",\"item\":\"https:\/\/admin.industriall-union.org\/article\/\"},{\"@type\":\"ListItem\",\"position\":3,\"name\":\"Se declaran en huelga trabajadores de Kimberly Clark en Turqu\u00eda\"}]},{\"@type\":\"WebSite\",\"@id\":\"https:\/\/admin.industriall-union.org\/#website\",\"url\":\"https:\/\/admin.industriall-union.org\/\",\"name\":\"industriall-union\",\"description\":\"\",\"potentialAction\":[{\"@type\":\"SearchAction\",\"target\":{\"@type\":\"EntryPoint\",\"urlTemplate\":\"https:\/\/admin.industriall-union.org\/?s={search_term_string}\"},\"query-input\":{\"@type\":\"PropertyValueSpecification\",\"valueRequired\":true,\"valueName\":\"search_term_string\"}}],\"inLanguage\":\"es-ES\"}]}<\/script>\n<!-- \/ Yoast SEO Premium plugin. -->","yoast_head_json":{"title":"Se declaran en huelga trabajadores de Kimberly Clark en Turqu\u00eda - industriall-union","description":"Los mencionados socios del sindicato T\u00fcmka-\u0130\u015f, que pertenece a la central sindical nacional DISK, decidieron ir a la huelga despu\u00e9s de la medianoche del","robots":{"index":"index","follow":"follow","max-snippet":"max-snippet:-1","max-image-preview":"max-image-preview:large","max-video-preview":"max-video-preview:-1"},"canonical":"https:\/\/admin.industriall-union.org\/es\/se-declaran-en-huelga-trabajadores-de-kimberly-clark-en-turquia\/","og_locale":"es_ES","og_type":"article","og_title":"Se declaran en huelga trabajadores de Kimberly Clark en Turqu\u00eda","og_description":"Los mencionados socios del sindicato T\u00fcmka-\u0130\u015f, que pertenece a la central sindical nacional DISK, decidieron ir a la huelga despu\u00e9s de la medianoche del","og_url":"https:\/\/admin.industriall-union.org\/es\/se-declaran-en-huelga-trabajadores-de-kimberly-clark-en-turquia\/","og_site_name":"industriall-union","article_modified_time":"2025-02-07T23:50:29+00:00","twitter_card":"summary_large_image","twitter_misc":{"Est. reading time":"2 minutes"},"schema":{"@context":"https:\/\/schema.org","@graph":[{"@type":"WebPage","@id":"https:\/\/admin.industriall-union.org\/es\/se-declaran-en-huelga-trabajadores-de-kimberly-clark-en-turquia\/","url":"https:\/\/admin.industriall-union.org\/es\/se-declaran-en-huelga-trabajadores-de-kimberly-clark-en-turquia\/","name":"Se declaran en huelga trabajadores de Kimberly Clark en Turqu\u00eda - industriall-union","isPartOf":{"@id":"https:\/\/admin.industriall-union.org\/#website"},"datePublished":"2014-06-27T13:48:23+00:00","dateModified":"2025-02-07T23:50:29+00:00","description":"Los mencionados socios del sindicato T\u00fcmka-\u0130\u015f, que pertenece a la central sindical nacional DISK, decidieron ir a la huelga despu\u00e9s de la medianoche del","breadcrumb":{"@id":"https:\/\/admin.industriall-union.org\/es\/se-declaran-en-huelga-trabajadores-de-kimberly-clark-en-turquia\/#breadcrumb"},"inLanguage":"es-ES","potentialAction":[{"@type":"ReadAction","target":["https:\/\/admin.industriall-union.org\/es\/se-declaran-en-huelga-trabajadores-de-kimberly-clark-en-turquia\/"]}]},{"@type":"BreadcrumbList","@id":"https:\/\/admin.industriall-union.org\/es\/se-declaran-en-huelga-trabajadores-de-kimberly-clark-en-turquia\/#breadcrumb","itemListElement":[{"@type":"ListItem","position":1,"name":"Home","item":"https:\/\/admin.industriall-union.org\/"},{"@type":"ListItem","position":2,"name":"Articles","item":"https:\/\/admin.industriall-union.org\/article\/"},{"@type":"ListItem","position":3,"name":"Se declaran en huelga trabajadores de Kimberly Clark en Turqu\u00eda"}]},{"@type":"WebSite","@id":"https:\/\/admin.industriall-union.org\/#website","url":"https:\/\/admin.industriall-union.org\/","name":"industriall-union","description":"","potentialAction":[{"@type":"SearchAction","target":{"@type":"EntryPoint","urlTemplate":"https:\/\/admin.industriall-union.org\/?s={search_term_string}"},"query-input":{"@type":"PropertyValueSpecification","valueRequired":true,"valueName":"search_term_string"}}],"inLanguage":"es-ES"}]}},"_links":{"self":[{"href":"https:\/\/admin.industriall-union.org\/es\/wp-json\/wp\/v2\/article\/171611","targetHints":{"allow":["GET"]}}],"collection":[{"href":"https:\/\/admin.industriall-union.org\/es\/wp-json\/wp\/v2\/article"}],"about":[{"href":"https:\/\/admin.industriall-union.org\/es\/wp-json\/wp\/v2\/types\/article"}],"wp:attachment":[{"href":"https:\/\/admin.industriall-union.org\/es\/wp-json\/wp\/v2\/media?parent=171611"}],"wp:term":[{"taxonomy":"issues","embeddable":true,"href":"https:\/\/admin.industriall-union.org\/es\/wp-json\/wp\/v2\/issues?post=171611"},{"taxonomy":"companies","embeddable":true,"href":"https:\/\/admin.industriall-union.org\/es\/wp-json\/wp\/v2\/companies?post=171611"},{"taxonomy":"regions","embeddable":true,"href":"https:\/\/admin.industriall-union.org\/es\/wp-json\/wp\/v2\/regions?post=171611"},{"taxonomy":"sectors","embeddable":true,"href":"https:\/\/admin.industriall-union.org\/es\/wp-json\/wp\/v2\/sectors?post=171611"},{"taxonomy":"article_tags","embeddable":true,"href":"https:\/\/admin.industriall-union.org\/es\/wp-json\/wp\/v2\/article_tags?post=171611"}],"curies":[{"name":"wp","href":"https:\/\/api.w.org\/{rel}","templated":true}]}}