{"id":171603,"date":"2014-07-01T12:24:39","date_gmt":"2014-07-01T12:24:39","guid":{"rendered":"https:\/\/admin.industriall-union.org\/comienza-la-masiva-huelga-de-la-numsa-en-sudafrica\/"},"modified":"2025-02-07T23:48:03","modified_gmt":"2025-02-07T23:48:03","slug":"comienza-la-masiva-huelga-de-la-numsa-en-sudafrica","status":"publish","type":"article","link":"https:\/\/admin.industriall-union.org\/es\/comienza-la-masiva-huelga-de-la-numsa-en-sudafrica\/","title":{"rendered":"Comienza la masiva huelga de la Numsa en Sud\u00e1frica"},"content":{"rendered":"<p>&ldquo;Esta no ha sido una decisi\u00f3n f\u00e1cil, sino dolorosa,&rdquo; reza una declaraci\u00f3n de la reuni\u00f3n del Comit\u00e9 Ejecutivo Nacional de la Numsa de la semana pasada. &rdquo;Nunca ha figurado en nuestro programa convocar una huelga; se nos ha impuesto. Nuestra idea de la huelga es utilizarla como parte de una t\u00e1ctica para ejercer presi\u00f3n organizativa sobre los jefes, a fin de volver a la mesa de negociaci\u00f3n y presentar una oferta aceptable para nuestros miembros.&rdquo;<\/p><p>La Numsa declar\u00f3 un conflicto a finales de mayo tras dos meses de negociaciones con los \u00f3rganos patronales, bajo los auspicios del Consejo de Negociaci\u00f3n del Metal y la Ingenier\u00eda (MEIBC), al no lograr un acuerdo. Los trabajadores ped\u00edan inicialmente un aumento salarial del 15 por ciento, pero lo hab\u00edan reducido al 12 por ciento cuando surgi\u00f3 el conflicto. Los 220.000 miembros de la Numsa en huelga representan aproximadamente la mitad de todos los trabajadores de los sectores.<\/p><p>La Numsa exige tambi\u00e9n que el acuerdo de negociaci\u00f3n con el MEIBC tenga vigencia durante un a\u00f1o y no tres como ha sido la pr\u00e1ctica en el pasado. El sindicato quiere que los empleadores acepten la cesaci\u00f3n de los intermediarios laborales, y eliminen las cl\u00e1usulas de tiempo parcial y despido en el acuerdo principal.<\/p>","protected":false},"featured_media":0,"template":"","issues":[],"companies":[],"regions":[350],"sectors":[481,475],"article_tags":[529],"class_list":["post-171603","article","type-article","status-publish","hentry","regions-south-africa","sectors-base-metals","sectors-mechanical-engineering","article_tags-strike"],"acf":[],"yoast_head":"<!-- This site is optimized with the Yoast SEO Premium plugin v27.1 (Yoast SEO v27.1) - https:\/\/yoast.com\/product\/yoast-seo-premium-wordpress\/ -->\n<title>Comienza la masiva huelga de la Numsa en Sud\u00e1frica - industriall-union<\/title>\n<meta name=\"description\" content=\"&ldquo;Esta no ha sido una decisi\u00f3n f\u00e1cil, sino dolorosa,&rdquo; reza una declaraci\u00f3n de la reuni\u00f3n del Comit\u00e9 Ejecutivo Nacional de la Numsa de la semana\" \/>\n<meta name=\"robots\" content=\"index, follow, max-snippet:-1, max-image-preview:large, max-video-preview:-1\" \/>\n<link rel=\"canonical\" href=\"https:\/\/admin.industriall-union.org\/es\/comienza-la-masiva-huelga-de-la-numsa-en-sudafrica\/\" \/>\n<meta property=\"og:locale\" content=\"es_ES\" \/>\n<meta property=\"og:type\" content=\"article\" \/>\n<meta property=\"og:title\" content=\"Comienza la masiva huelga de la Numsa en Sud\u00e1frica\" \/>\n<meta property=\"og:description\" content=\"&ldquo;Esta no ha sido una decisi\u00f3n f\u00e1cil, sino dolorosa,&rdquo; reza una declaraci\u00f3n de la reuni\u00f3n del Comit\u00e9 Ejecutivo Nacional de la Numsa de la semana\" \/>\n<meta property=\"og:url\" content=\"https:\/\/admin.industriall-union.org\/es\/comienza-la-masiva-huelga-de-la-numsa-en-sudafrica\/\" \/>\n<meta property=\"og:site_name\" content=\"industriall-union\" \/>\n<meta property=\"article:modified_time\" content=\"2025-02-07T23:48:03+00:00\" \/>\n<meta name=\"twitter:card\" content=\"summary_large_image\" \/>\n<meta name=\"twitter:label1\" content=\"Est. reading time\" \/>\n\t<meta name=\"twitter:data1\" content=\"1 minute\" \/>\n<script type=\"application\/ld+json\" class=\"yoast-schema-graph\">{\"@context\":\"https:\/\/schema.org\",\"@graph\":[{\"@type\":\"WebPage\",\"@id\":\"https:\/\/admin.industriall-union.org\/es\/comienza-la-masiva-huelga-de-la-numsa-en-sudafrica\/\",\"url\":\"https:\/\/admin.industriall-union.org\/es\/comienza-la-masiva-huelga-de-la-numsa-en-sudafrica\/\",\"name\":\"Comienza la masiva huelga de la Numsa en Sud\u00e1frica - industriall-union\",\"isPartOf\":{\"@id\":\"https:\/\/admin.industriall-union.org\/#website\"},\"datePublished\":\"2014-07-01T12:24:39+00:00\",\"dateModified\":\"2025-02-07T23:48:03+00:00\",\"description\":\"&ldquo;Esta no ha sido una decisi\u00f3n f\u00e1cil, sino dolorosa,&rdquo; reza una declaraci\u00f3n de la reuni\u00f3n del Comit\u00e9 Ejecutivo Nacional de la Numsa de la semana\",\"breadcrumb\":{\"@id\":\"https:\/\/admin.industriall-union.org\/es\/comienza-la-masiva-huelga-de-la-numsa-en-sudafrica\/#breadcrumb\"},\"inLanguage\":\"es-ES\",\"potentialAction\":[{\"@type\":\"ReadAction\",\"target\":[\"https:\/\/admin.industriall-union.org\/es\/comienza-la-masiva-huelga-de-la-numsa-en-sudafrica\/\"]}]},{\"@type\":\"BreadcrumbList\",\"@id\":\"https:\/\/admin.industriall-union.org\/es\/comienza-la-masiva-huelga-de-la-numsa-en-sudafrica\/#breadcrumb\",\"itemListElement\":[{\"@type\":\"ListItem\",\"position\":1,\"name\":\"Home\",\"item\":\"https:\/\/admin.industriall-union.org\/\"},{\"@type\":\"ListItem\",\"position\":2,\"name\":\"Articles\",\"item\":\"https:\/\/admin.industriall-union.org\/article\/\"},{\"@type\":\"ListItem\",\"position\":3,\"name\":\"Comienza la masiva huelga de la Numsa en Sud\u00e1frica\"}]},{\"@type\":\"WebSite\",\"@id\":\"https:\/\/admin.industriall-union.org\/#website\",\"url\":\"https:\/\/admin.industriall-union.org\/\",\"name\":\"industriall-union\",\"description\":\"\",\"potentialAction\":[{\"@type\":\"SearchAction\",\"target\":{\"@type\":\"EntryPoint\",\"urlTemplate\":\"https:\/\/admin.industriall-union.org\/?s={search_term_string}\"},\"query-input\":{\"@type\":\"PropertyValueSpecification\",\"valueRequired\":true,\"valueName\":\"search_term_string\"}}],\"inLanguage\":\"es-ES\"}]}<\/script>\n<!-- \/ Yoast SEO Premium plugin. -->","yoast_head_json":{"title":"Comienza la masiva huelga de la Numsa en Sud\u00e1frica - industriall-union","description":"&ldquo;Esta no ha sido una decisi\u00f3n f\u00e1cil, sino dolorosa,&rdquo; reza una declaraci\u00f3n de la reuni\u00f3n del Comit\u00e9 Ejecutivo Nacional de la Numsa de la semana","robots":{"index":"index","follow":"follow","max-snippet":"max-snippet:-1","max-image-preview":"max-image-preview:large","max-video-preview":"max-video-preview:-1"},"canonical":"https:\/\/admin.industriall-union.org\/es\/comienza-la-masiva-huelga-de-la-numsa-en-sudafrica\/","og_locale":"es_ES","og_type":"article","og_title":"Comienza la masiva huelga de la Numsa en Sud\u00e1frica","og_description":"&ldquo;Esta no ha sido una decisi\u00f3n f\u00e1cil, sino dolorosa,&rdquo; reza una declaraci\u00f3n de la reuni\u00f3n del Comit\u00e9 Ejecutivo Nacional de la Numsa de la semana","og_url":"https:\/\/admin.industriall-union.org\/es\/comienza-la-masiva-huelga-de-la-numsa-en-sudafrica\/","og_site_name":"industriall-union","article_modified_time":"2025-02-07T23:48:03+00:00","twitter_card":"summary_large_image","twitter_misc":{"Est. reading time":"1 minute"},"schema":{"@context":"https:\/\/schema.org","@graph":[{"@type":"WebPage","@id":"https:\/\/admin.industriall-union.org\/es\/comienza-la-masiva-huelga-de-la-numsa-en-sudafrica\/","url":"https:\/\/admin.industriall-union.org\/es\/comienza-la-masiva-huelga-de-la-numsa-en-sudafrica\/","name":"Comienza la masiva huelga de la Numsa en Sud\u00e1frica - industriall-union","isPartOf":{"@id":"https:\/\/admin.industriall-union.org\/#website"},"datePublished":"2014-07-01T12:24:39+00:00","dateModified":"2025-02-07T23:48:03+00:00","description":"&ldquo;Esta no ha sido una decisi\u00f3n f\u00e1cil, sino dolorosa,&rdquo; reza una declaraci\u00f3n de la reuni\u00f3n del Comit\u00e9 Ejecutivo Nacional de la Numsa de la semana","breadcrumb":{"@id":"https:\/\/admin.industriall-union.org\/es\/comienza-la-masiva-huelga-de-la-numsa-en-sudafrica\/#breadcrumb"},"inLanguage":"es-ES","potentialAction":[{"@type":"ReadAction","target":["https:\/\/admin.industriall-union.org\/es\/comienza-la-masiva-huelga-de-la-numsa-en-sudafrica\/"]}]},{"@type":"BreadcrumbList","@id":"https:\/\/admin.industriall-union.org\/es\/comienza-la-masiva-huelga-de-la-numsa-en-sudafrica\/#breadcrumb","itemListElement":[{"@type":"ListItem","position":1,"name":"Home","item":"https:\/\/admin.industriall-union.org\/"},{"@type":"ListItem","position":2,"name":"Articles","item":"https:\/\/admin.industriall-union.org\/article\/"},{"@type":"ListItem","position":3,"name":"Comienza la masiva huelga de la Numsa en Sud\u00e1frica"}]},{"@type":"WebSite","@id":"https:\/\/admin.industriall-union.org\/#website","url":"https:\/\/admin.industriall-union.org\/","name":"industriall-union","description":"","potentialAction":[{"@type":"SearchAction","target":{"@type":"EntryPoint","urlTemplate":"https:\/\/admin.industriall-union.org\/?s={search_term_string}"},"query-input":{"@type":"PropertyValueSpecification","valueRequired":true,"valueName":"search_term_string"}}],"inLanguage":"es-ES"}]}},"_links":{"self":[{"href":"https:\/\/admin.industriall-union.org\/es\/wp-json\/wp\/v2\/article\/171603","targetHints":{"allow":["GET"]}}],"collection":[{"href":"https:\/\/admin.industriall-union.org\/es\/wp-json\/wp\/v2\/article"}],"about":[{"href":"https:\/\/admin.industriall-union.org\/es\/wp-json\/wp\/v2\/types\/article"}],"wp:attachment":[{"href":"https:\/\/admin.industriall-union.org\/es\/wp-json\/wp\/v2\/media?parent=171603"}],"wp:term":[{"taxonomy":"issues","embeddable":true,"href":"https:\/\/admin.industriall-union.org\/es\/wp-json\/wp\/v2\/issues?post=171603"},{"taxonomy":"companies","embeddable":true,"href":"https:\/\/admin.industriall-union.org\/es\/wp-json\/wp\/v2\/companies?post=171603"},{"taxonomy":"regions","embeddable":true,"href":"https:\/\/admin.industriall-union.org\/es\/wp-json\/wp\/v2\/regions?post=171603"},{"taxonomy":"sectors","embeddable":true,"href":"https:\/\/admin.industriall-union.org\/es\/wp-json\/wp\/v2\/sectors?post=171603"},{"taxonomy":"article_tags","embeddable":true,"href":"https:\/\/admin.industriall-union.org\/es\/wp-json\/wp\/v2\/article_tags?post=171603"}],"curies":[{"name":"wp","href":"https:\/\/api.w.org\/{rel}","templated":true}]}}