{"id":171586,"date":"2014-07-07T13:10:40","date_gmt":"2014-07-07T13:10:40","guid":{"rendered":"https:\/\/admin.industriall-union.org\/industriall-denuncia-saqueo-de-la-economia-argentina-por-buitres-de-la-deuda\/"},"modified":"2025-02-07T23:43:50","modified_gmt":"2025-02-07T23:43:50","slug":"industriall-denuncia-saqueo-de-la-economia-argentina-por-buitres-de-la-deuda","status":"publish","type":"article","link":"https:\/\/admin.industriall-union.org\/es\/industriall-denuncia-saqueo-de-la-economia-argentina-por-buitres-de-la-deuda\/","title":{"rendered":"IndustriALL denuncia saqueo de la econom\u00eda argentina por \u2018buitres de la deuda\u2019"},"content":{"rendered":"<p>En reuni\u00f3n del Comit\u00e9 Ejecutivo que se realiz\u00f3 en Ginebra en el mes de junio, Francisco Guti\u00e9rrez, Secretario Internacional de la Uni\u00f3n Obrera Metal\u00fargica (UOM), desvel\u00f3 el grave impacto que tendr\u00e1 una decisi\u00f3n emanada de la Corte estadounidense que sienta precedente en la lucha que lleva Argentina desde hace 12 a\u00f1os contra los especuladores de la deuda mundial.<\/p><p>En efecto, hablando en nombre del Consejo Nacional de Afiliados a IndustriALL en Argentina, Guti\u00e9rrez explic\u00f3 que el se\u00f1alado fallo judicial podr\u00eda tener profundas consecuencias para el empleo y la econom\u00eda no s\u00f3lo de la Argentina, sino tambi\u00e9n para el sistema financiero mundial y para otros pa\u00edses que enfrentan problemas econ\u00f3micos, y que en el futuro podr\u00edan encontrar m\u00e1s dif\u00edcil reestructurar su deuda nacional.<\/p><p>La crisis actual tiene su origen en 2001 cuando, despu\u00e9s de un colapso econ\u00f3mico que caus\u00f3 a\u00f1os de masivo desempleo y pobreza generalizada, Argentina dej\u00f3 de pagar su deuda nacional. La deuda fue acumulada en gran medida en a\u00f1os anteriores por la antigua dictadura militar y por especuladores financieros.<\/p><p>Durante los diez a\u00f1os siguientes, Argentina lleg\u00f3 a un acuerdo con el 92% de sus acreedores para reestructurar su deuda. La suspensi\u00f3n del pago de la deuda ofreci\u00f3 a la Argentina un alivio muy necesario, permitiendo r\u00e1pido crecimiento y desarrollo. A finales de 2011, el pa\u00eds registr\u00f3 un nivel r\u00e9cord de empleo, pudiendo invertir en educaci\u00f3n e infraestructura, y reduciendo la pobreza en casi un 70%.<\/p><p>Sin embargo, una peque\u00f1a minor\u00eda de inversores de fondos de cobertura, que hab\u00edan comprado bonos de deuda p\u00fablica a precios de remate despu\u00e9s de la cesaci\u00f3n de pagos, se neg\u00f3 a llegar a un acuerdo y en cambio opt\u00f3 por una demanda legal para exigir reembolso completo m\u00e1s intereses. En 2005, el Congreso de Argentina aprob\u00f3 una ley que prohib\u00eda pagar a los acreedores que segu\u00edan insistiendo en el reembolso.<\/p><p>Ahora, un juez federal de EE.UU. ha ordenado que Argentina pague a los fondos de cobertura. Es m\u00e1s, la sentencia tambi\u00e9n establece que es ilegal que Argentina pague a sus otros acreedores, a menos que tambi\u00e9n pague a los &#039;buitres&#039;; exige a las instituciones financieras de Estados Unidos proporcionar informaci\u00f3n sobre el activo de Argentina en todo el mundo.<\/p><p>El Comit\u00e9 Ejecutivo de IndustriALL ofreci\u00f3 pleno apoyo a Argentina en su lucha para promover el desarrollo econ\u00f3mico sostenible frente a los ataques de inversores codiciosos.<\/p>","protected":false},"featured_media":0,"template":"","issues":[406],"companies":[],"regions":[256],"sectors":[],"article_tags":[],"class_list":["post-171586","article","type-article","status-publish","hentry","issues-confronting-global-capital","regions-argentina"],"acf":[],"yoast_head":"<!-- This site is optimized with the Yoast SEO Premium plugin v27.1 (Yoast SEO v27.1) - https:\/\/yoast.com\/product\/yoast-seo-premium-wordpress\/ -->\n<title>IndustriALL denuncia saqueo de la econom\u00eda argentina por \u2018buitres de la deuda\u2019 - industriall-union<\/title>\n<meta name=\"description\" content=\"En reuni\u00f3n del Comit\u00e9 Ejecutivo que se realiz\u00f3 en Ginebra en el mes de junio, Francisco Guti\u00e9rrez, Secretario Internacional de la Uni\u00f3n Obrera Metal\u00fargica\" \/>\n<meta name=\"robots\" content=\"index, follow, max-snippet:-1, max-image-preview:large, max-video-preview:-1\" \/>\n<link rel=\"canonical\" href=\"https:\/\/admin.industriall-union.org\/es\/industriall-denuncia-saqueo-de-la-economia-argentina-por-buitres-de-la-deuda\/\" \/>\n<meta property=\"og:locale\" content=\"es_ES\" \/>\n<meta property=\"og:type\" content=\"article\" \/>\n<meta property=\"og:title\" content=\"IndustriALL denuncia saqueo de la econom\u00eda argentina por \u2018buitres de la deuda\u2019\" \/>\n<meta property=\"og:description\" content=\"En reuni\u00f3n del Comit\u00e9 Ejecutivo que se realiz\u00f3 en Ginebra en el mes de junio, Francisco Guti\u00e9rrez, Secretario Internacional de la Uni\u00f3n Obrera Metal\u00fargica\" \/>\n<meta property=\"og:url\" content=\"https:\/\/admin.industriall-union.org\/es\/industriall-denuncia-saqueo-de-la-economia-argentina-por-buitres-de-la-deuda\/\" \/>\n<meta property=\"og:site_name\" content=\"industriall-union\" \/>\n<meta property=\"article:modified_time\" content=\"2025-02-07T23:43:50+00:00\" \/>\n<meta name=\"twitter:card\" content=\"summary_large_image\" \/>\n<meta name=\"twitter:label1\" content=\"Est. reading time\" \/>\n\t<meta name=\"twitter:data1\" content=\"2 minutes\" \/>\n<script type=\"application\/ld+json\" class=\"yoast-schema-graph\">{\"@context\":\"https:\/\/schema.org\",\"@graph\":[{\"@type\":\"WebPage\",\"@id\":\"https:\/\/admin.industriall-union.org\/es\/industriall-denuncia-saqueo-de-la-economia-argentina-por-buitres-de-la-deuda\/\",\"url\":\"https:\/\/admin.industriall-union.org\/es\/industriall-denuncia-saqueo-de-la-economia-argentina-por-buitres-de-la-deuda\/\",\"name\":\"IndustriALL denuncia saqueo de la econom\u00eda argentina por \u2018buitres de la deuda\u2019 - industriall-union\",\"isPartOf\":{\"@id\":\"https:\/\/admin.industriall-union.org\/#website\"},\"datePublished\":\"2014-07-07T13:10:40+00:00\",\"dateModified\":\"2025-02-07T23:43:50+00:00\",\"description\":\"En reuni\u00f3n del Comit\u00e9 Ejecutivo que se realiz\u00f3 en Ginebra en el mes de junio, Francisco Guti\u00e9rrez, Secretario Internacional de la Uni\u00f3n Obrera Metal\u00fargica\",\"breadcrumb\":{\"@id\":\"https:\/\/admin.industriall-union.org\/es\/industriall-denuncia-saqueo-de-la-economia-argentina-por-buitres-de-la-deuda\/#breadcrumb\"},\"inLanguage\":\"es-ES\",\"potentialAction\":[{\"@type\":\"ReadAction\",\"target\":[\"https:\/\/admin.industriall-union.org\/es\/industriall-denuncia-saqueo-de-la-economia-argentina-por-buitres-de-la-deuda\/\"]}]},{\"@type\":\"BreadcrumbList\",\"@id\":\"https:\/\/admin.industriall-union.org\/es\/industriall-denuncia-saqueo-de-la-economia-argentina-por-buitres-de-la-deuda\/#breadcrumb\",\"itemListElement\":[{\"@type\":\"ListItem\",\"position\":1,\"name\":\"Home\",\"item\":\"https:\/\/admin.industriall-union.org\/\"},{\"@type\":\"ListItem\",\"position\":2,\"name\":\"Articles\",\"item\":\"https:\/\/admin.industriall-union.org\/article\/\"},{\"@type\":\"ListItem\",\"position\":3,\"name\":\"IndustriALL denuncia saqueo de la econom\u00eda argentina por \u2018buitres de la deuda\u2019\"}]},{\"@type\":\"WebSite\",\"@id\":\"https:\/\/admin.industriall-union.org\/#website\",\"url\":\"https:\/\/admin.industriall-union.org\/\",\"name\":\"industriall-union\",\"description\":\"\",\"potentialAction\":[{\"@type\":\"SearchAction\",\"target\":{\"@type\":\"EntryPoint\",\"urlTemplate\":\"https:\/\/admin.industriall-union.org\/?s={search_term_string}\"},\"query-input\":{\"@type\":\"PropertyValueSpecification\",\"valueRequired\":true,\"valueName\":\"search_term_string\"}}],\"inLanguage\":\"es-ES\"}]}<\/script>\n<!-- \/ Yoast SEO Premium plugin. -->","yoast_head_json":{"title":"IndustriALL denuncia saqueo de la econom\u00eda argentina por \u2018buitres de la deuda\u2019 - industriall-union","description":"En reuni\u00f3n del Comit\u00e9 Ejecutivo que se realiz\u00f3 en Ginebra en el mes de junio, Francisco Guti\u00e9rrez, Secretario Internacional de la Uni\u00f3n Obrera Metal\u00fargica","robots":{"index":"index","follow":"follow","max-snippet":"max-snippet:-1","max-image-preview":"max-image-preview:large","max-video-preview":"max-video-preview:-1"},"canonical":"https:\/\/admin.industriall-union.org\/es\/industriall-denuncia-saqueo-de-la-economia-argentina-por-buitres-de-la-deuda\/","og_locale":"es_ES","og_type":"article","og_title":"IndustriALL denuncia saqueo de la econom\u00eda argentina por \u2018buitres de la deuda\u2019","og_description":"En reuni\u00f3n del Comit\u00e9 Ejecutivo que se realiz\u00f3 en Ginebra en el mes de junio, Francisco Guti\u00e9rrez, Secretario Internacional de la Uni\u00f3n Obrera Metal\u00fargica","og_url":"https:\/\/admin.industriall-union.org\/es\/industriall-denuncia-saqueo-de-la-economia-argentina-por-buitres-de-la-deuda\/","og_site_name":"industriall-union","article_modified_time":"2025-02-07T23:43:50+00:00","twitter_card":"summary_large_image","twitter_misc":{"Est. reading time":"2 minutes"},"schema":{"@context":"https:\/\/schema.org","@graph":[{"@type":"WebPage","@id":"https:\/\/admin.industriall-union.org\/es\/industriall-denuncia-saqueo-de-la-economia-argentina-por-buitres-de-la-deuda\/","url":"https:\/\/admin.industriall-union.org\/es\/industriall-denuncia-saqueo-de-la-economia-argentina-por-buitres-de-la-deuda\/","name":"IndustriALL denuncia saqueo de la econom\u00eda argentina por \u2018buitres de la deuda\u2019 - industriall-union","isPartOf":{"@id":"https:\/\/admin.industriall-union.org\/#website"},"datePublished":"2014-07-07T13:10:40+00:00","dateModified":"2025-02-07T23:43:50+00:00","description":"En reuni\u00f3n del Comit\u00e9 Ejecutivo que se realiz\u00f3 en Ginebra en el mes de junio, Francisco Guti\u00e9rrez, Secretario Internacional de la Uni\u00f3n Obrera Metal\u00fargica","breadcrumb":{"@id":"https:\/\/admin.industriall-union.org\/es\/industriall-denuncia-saqueo-de-la-economia-argentina-por-buitres-de-la-deuda\/#breadcrumb"},"inLanguage":"es-ES","potentialAction":[{"@type":"ReadAction","target":["https:\/\/admin.industriall-union.org\/es\/industriall-denuncia-saqueo-de-la-economia-argentina-por-buitres-de-la-deuda\/"]}]},{"@type":"BreadcrumbList","@id":"https:\/\/admin.industriall-union.org\/es\/industriall-denuncia-saqueo-de-la-economia-argentina-por-buitres-de-la-deuda\/#breadcrumb","itemListElement":[{"@type":"ListItem","position":1,"name":"Home","item":"https:\/\/admin.industriall-union.org\/"},{"@type":"ListItem","position":2,"name":"Articles","item":"https:\/\/admin.industriall-union.org\/article\/"},{"@type":"ListItem","position":3,"name":"IndustriALL denuncia saqueo de la econom\u00eda argentina por \u2018buitres de la deuda\u2019"}]},{"@type":"WebSite","@id":"https:\/\/admin.industriall-union.org\/#website","url":"https:\/\/admin.industriall-union.org\/","name":"industriall-union","description":"","potentialAction":[{"@type":"SearchAction","target":{"@type":"EntryPoint","urlTemplate":"https:\/\/admin.industriall-union.org\/?s={search_term_string}"},"query-input":{"@type":"PropertyValueSpecification","valueRequired":true,"valueName":"search_term_string"}}],"inLanguage":"es-ES"}]}},"_links":{"self":[{"href":"https:\/\/admin.industriall-union.org\/es\/wp-json\/wp\/v2\/article\/171586","targetHints":{"allow":["GET"]}}],"collection":[{"href":"https:\/\/admin.industriall-union.org\/es\/wp-json\/wp\/v2\/article"}],"about":[{"href":"https:\/\/admin.industriall-union.org\/es\/wp-json\/wp\/v2\/types\/article"}],"wp:attachment":[{"href":"https:\/\/admin.industriall-union.org\/es\/wp-json\/wp\/v2\/media?parent=171586"}],"wp:term":[{"taxonomy":"issues","embeddable":true,"href":"https:\/\/admin.industriall-union.org\/es\/wp-json\/wp\/v2\/issues?post=171586"},{"taxonomy":"companies","embeddable":true,"href":"https:\/\/admin.industriall-union.org\/es\/wp-json\/wp\/v2\/companies?post=171586"},{"taxonomy":"regions","embeddable":true,"href":"https:\/\/admin.industriall-union.org\/es\/wp-json\/wp\/v2\/regions?post=171586"},{"taxonomy":"sectors","embeddable":true,"href":"https:\/\/admin.industriall-union.org\/es\/wp-json\/wp\/v2\/sectors?post=171586"},{"taxonomy":"article_tags","embeddable":true,"href":"https:\/\/admin.industriall-union.org\/es\/wp-json\/wp\/v2\/article_tags?post=171586"}],"curies":[{"name":"wp","href":"https:\/\/api.w.org\/{rel}","templated":true}]}}