{"id":171526,"date":"2014-07-18T13:33:59","date_gmt":"2014-07-18T13:33:59","guid":{"rendered":"https:\/\/admin.industriall-union.org\/los-sindicatos-rechazan-las-desastrosas-reformas-peruanas\/"},"modified":"2025-02-07T23:13:07","modified_gmt":"2025-02-07T23:13:07","slug":"los-sindicatos-rechazan-las-desastrosas-reformas-peruanas","status":"publish","type":"article","link":"https:\/\/admin.industriall-union.org\/es\/los-sindicatos-rechazan-las-desastrosas-reformas-peruanas\/","title":{"rendered":"Los sindicatos rechazan las desastrosas reformas peruanas"},"content":{"rendered":"<p>El paquete de medidas fue aprobado por el Congreso el 3 de julio y podr\u00eda convertirse en ley ya la pr\u00f3xima semana. La IndustriALL Global Union ha <a href=\"\/wp-content\/uploads\/documents\/Jyrki_Letters\/carta_de_industriall_global_union_al_presidente_de_peru_15-07-2014.pdf\">escrito al presidente peruano Ollanta Humala<\/a> inst\u00e1ndole a abandonar las medidas propuestas y a comprometerse con los sindicatos y otras partes interesadas a un debate sobre el crecimiento de la econom\u00eda garantizando al mismo tiempo el pleno respeto de los derechos laborales, sociales y medioambientales.<\/p><p>En su carta, la IndustriALL hizo hincapi\u00e9 en la importancia de promover el desarrollo sostenible, para poder atender las necesidades del presente sin sacrificar las de las generaciones futuras.<\/p><p>En un intento por reactivar la econom\u00eda, el gobierno de Ollanta est\u00e1 cediendo a la presi\u00f3n de los empleadores y dando marcha atr\u00e1s a los avances conseguidos en sus tres a\u00f1os de administraci\u00f3n.<\/p><p>En 2008, el entonces reci\u00e9n elegido gobierno promulg\u00f3 una ley sobre salud y seguridad en el trabajo con la promesa de crear una nueva cultura de prevenci\u00f3n de riesgos y de observancia por medio de comit\u00e9s obreropatronales de salud y seguridad. Los empleadores se resistieron a la aplicaci\u00f3n de la ley, con resultados desastrosos: en los tres \u00faltimos a\u00f1os han muerto en accidentes laborales 436 trabajadores.<\/p><p>El Gobierno permite ahora a los empleadores que sigan su propio camino con una serie de medidas de reducci\u00f3n de costos que les permiten externalizar la prevenci\u00f3n de accidentes a proveedores de servicios terceros, reducir la frecuencia de las pruebas de salud, limitar el tiempo de que disponen los sindicalistas para participar en cuestiones de salud y seguridad, y disminuir las multas y las sanciones penales en los casos de violaci\u00f3n.<\/p><p>El Gobierno tambi\u00e9n est\u00e1 retrasando el reloj sobre la regulacion ambiental. Con los cambios propuestos se debilita al \u00f3rgano de regulaci\u00f3n OEFA y al Ministerio de Medio Ambiente, que se cre\u00f3 en 2008 como condici\u00f3n para la firma de un acuerdo de libre comercio con Estados Unidos. Con los cambios propuestos tambi\u00e9n se reducir\u00e1n las multas en los casos de da\u00f1o al medio ambiente y se agilizar\u00e1 el proceso de aprobaci\u00f3n de permisos en sectores esenciales como la miner\u00eda y la energ\u00eda, con lo que es probable que aumenten los conflictos sociales por el uso de recursos naturales.<\/p>","protected":false},"featured_media":0,"template":"","issues":[],"companies":[],"regions":[279],"sectors":[],"article_tags":[513],"class_list":["post-171526","article","type-article","status-publish","hentry","regions-peru","article_tags-labour-laws"],"acf":[],"yoast_head":"<!-- This site is optimized with the Yoast SEO Premium plugin v27.1 (Yoast SEO v27.1) - https:\/\/yoast.com\/product\/yoast-seo-premium-wordpress\/ -->\n<title>Los sindicatos rechazan las desastrosas reformas peruanas - industriall-union<\/title>\n<meta name=\"description\" content=\"El paquete de medidas fue aprobado por el Congreso el 3 de julio y podr\u00eda convertirse en ley ya la pr\u00f3xima semana. La IndustriALL Global Union ha escrito\" \/>\n<meta name=\"robots\" content=\"index, follow, max-snippet:-1, max-image-preview:large, max-video-preview:-1\" \/>\n<link rel=\"canonical\" href=\"https:\/\/admin.industriall-union.org\/es\/los-sindicatos-rechazan-las-desastrosas-reformas-peruanas\/\" \/>\n<meta property=\"og:locale\" content=\"es_ES\" \/>\n<meta property=\"og:type\" content=\"article\" \/>\n<meta property=\"og:title\" content=\"Los sindicatos rechazan las desastrosas reformas peruanas\" \/>\n<meta property=\"og:description\" content=\"El paquete de medidas fue aprobado por el Congreso el 3 de julio y podr\u00eda convertirse en ley ya la pr\u00f3xima semana. La IndustriALL Global Union ha escrito\" \/>\n<meta property=\"og:url\" content=\"https:\/\/admin.industriall-union.org\/es\/los-sindicatos-rechazan-las-desastrosas-reformas-peruanas\/\" \/>\n<meta property=\"og:site_name\" content=\"industriall-union\" \/>\n<meta property=\"article:modified_time\" content=\"2025-02-07T23:13:07+00:00\" \/>\n<meta name=\"twitter:card\" content=\"summary_large_image\" \/>\n<meta name=\"twitter:label1\" content=\"Est. reading time\" \/>\n\t<meta name=\"twitter:data1\" content=\"2 minutes\" \/>\n<script type=\"application\/ld+json\" class=\"yoast-schema-graph\">{\"@context\":\"https:\/\/schema.org\",\"@graph\":[{\"@type\":\"WebPage\",\"@id\":\"https:\/\/admin.industriall-union.org\/es\/los-sindicatos-rechazan-las-desastrosas-reformas-peruanas\/\",\"url\":\"https:\/\/admin.industriall-union.org\/es\/los-sindicatos-rechazan-las-desastrosas-reformas-peruanas\/\",\"name\":\"Los sindicatos rechazan las desastrosas reformas peruanas - industriall-union\",\"isPartOf\":{\"@id\":\"https:\/\/admin.industriall-union.org\/#website\"},\"datePublished\":\"2014-07-18T13:33:59+00:00\",\"dateModified\":\"2025-02-07T23:13:07+00:00\",\"description\":\"El paquete de medidas fue aprobado por el Congreso el 3 de julio y podr\u00eda convertirse en ley ya la pr\u00f3xima semana. La IndustriALL Global Union ha escrito\",\"breadcrumb\":{\"@id\":\"https:\/\/admin.industriall-union.org\/es\/los-sindicatos-rechazan-las-desastrosas-reformas-peruanas\/#breadcrumb\"},\"inLanguage\":\"es-ES\",\"potentialAction\":[{\"@type\":\"ReadAction\",\"target\":[\"https:\/\/admin.industriall-union.org\/es\/los-sindicatos-rechazan-las-desastrosas-reformas-peruanas\/\"]}]},{\"@type\":\"BreadcrumbList\",\"@id\":\"https:\/\/admin.industriall-union.org\/es\/los-sindicatos-rechazan-las-desastrosas-reformas-peruanas\/#breadcrumb\",\"itemListElement\":[{\"@type\":\"ListItem\",\"position\":1,\"name\":\"Home\",\"item\":\"https:\/\/admin.industriall-union.org\/\"},{\"@type\":\"ListItem\",\"position\":2,\"name\":\"Articles\",\"item\":\"https:\/\/admin.industriall-union.org\/article\/\"},{\"@type\":\"ListItem\",\"position\":3,\"name\":\"Los sindicatos rechazan las desastrosas reformas peruanas\"}]},{\"@type\":\"WebSite\",\"@id\":\"https:\/\/admin.industriall-union.org\/#website\",\"url\":\"https:\/\/admin.industriall-union.org\/\",\"name\":\"industriall-union\",\"description\":\"\",\"potentialAction\":[{\"@type\":\"SearchAction\",\"target\":{\"@type\":\"EntryPoint\",\"urlTemplate\":\"https:\/\/admin.industriall-union.org\/?s={search_term_string}\"},\"query-input\":{\"@type\":\"PropertyValueSpecification\",\"valueRequired\":true,\"valueName\":\"search_term_string\"}}],\"inLanguage\":\"es-ES\"}]}<\/script>\n<!-- \/ Yoast SEO Premium plugin. -->","yoast_head_json":{"title":"Los sindicatos rechazan las desastrosas reformas peruanas - industriall-union","description":"El paquete de medidas fue aprobado por el Congreso el 3 de julio y podr\u00eda convertirse en ley ya la pr\u00f3xima semana. La IndustriALL Global Union ha escrito","robots":{"index":"index","follow":"follow","max-snippet":"max-snippet:-1","max-image-preview":"max-image-preview:large","max-video-preview":"max-video-preview:-1"},"canonical":"https:\/\/admin.industriall-union.org\/es\/los-sindicatos-rechazan-las-desastrosas-reformas-peruanas\/","og_locale":"es_ES","og_type":"article","og_title":"Los sindicatos rechazan las desastrosas reformas peruanas","og_description":"El paquete de medidas fue aprobado por el Congreso el 3 de julio y podr\u00eda convertirse en ley ya la pr\u00f3xima semana. La IndustriALL Global Union ha escrito","og_url":"https:\/\/admin.industriall-union.org\/es\/los-sindicatos-rechazan-las-desastrosas-reformas-peruanas\/","og_site_name":"industriall-union","article_modified_time":"2025-02-07T23:13:07+00:00","twitter_card":"summary_large_image","twitter_misc":{"Est. reading time":"2 minutes"},"schema":{"@context":"https:\/\/schema.org","@graph":[{"@type":"WebPage","@id":"https:\/\/admin.industriall-union.org\/es\/los-sindicatos-rechazan-las-desastrosas-reformas-peruanas\/","url":"https:\/\/admin.industriall-union.org\/es\/los-sindicatos-rechazan-las-desastrosas-reformas-peruanas\/","name":"Los sindicatos rechazan las desastrosas reformas peruanas - industriall-union","isPartOf":{"@id":"https:\/\/admin.industriall-union.org\/#website"},"datePublished":"2014-07-18T13:33:59+00:00","dateModified":"2025-02-07T23:13:07+00:00","description":"El paquete de medidas fue aprobado por el Congreso el 3 de julio y podr\u00eda convertirse en ley ya la pr\u00f3xima semana. La IndustriALL Global Union ha escrito","breadcrumb":{"@id":"https:\/\/admin.industriall-union.org\/es\/los-sindicatos-rechazan-las-desastrosas-reformas-peruanas\/#breadcrumb"},"inLanguage":"es-ES","potentialAction":[{"@type":"ReadAction","target":["https:\/\/admin.industriall-union.org\/es\/los-sindicatos-rechazan-las-desastrosas-reformas-peruanas\/"]}]},{"@type":"BreadcrumbList","@id":"https:\/\/admin.industriall-union.org\/es\/los-sindicatos-rechazan-las-desastrosas-reformas-peruanas\/#breadcrumb","itemListElement":[{"@type":"ListItem","position":1,"name":"Home","item":"https:\/\/admin.industriall-union.org\/"},{"@type":"ListItem","position":2,"name":"Articles","item":"https:\/\/admin.industriall-union.org\/article\/"},{"@type":"ListItem","position":3,"name":"Los sindicatos rechazan las desastrosas reformas peruanas"}]},{"@type":"WebSite","@id":"https:\/\/admin.industriall-union.org\/#website","url":"https:\/\/admin.industriall-union.org\/","name":"industriall-union","description":"","potentialAction":[{"@type":"SearchAction","target":{"@type":"EntryPoint","urlTemplate":"https:\/\/admin.industriall-union.org\/?s={search_term_string}"},"query-input":{"@type":"PropertyValueSpecification","valueRequired":true,"valueName":"search_term_string"}}],"inLanguage":"es-ES"}]}},"_links":{"self":[{"href":"https:\/\/admin.industriall-union.org\/es\/wp-json\/wp\/v2\/article\/171526","targetHints":{"allow":["GET"]}}],"collection":[{"href":"https:\/\/admin.industriall-union.org\/es\/wp-json\/wp\/v2\/article"}],"about":[{"href":"https:\/\/admin.industriall-union.org\/es\/wp-json\/wp\/v2\/types\/article"}],"wp:attachment":[{"href":"https:\/\/admin.industriall-union.org\/es\/wp-json\/wp\/v2\/media?parent=171526"}],"wp:term":[{"taxonomy":"issues","embeddable":true,"href":"https:\/\/admin.industriall-union.org\/es\/wp-json\/wp\/v2\/issues?post=171526"},{"taxonomy":"companies","embeddable":true,"href":"https:\/\/admin.industriall-union.org\/es\/wp-json\/wp\/v2\/companies?post=171526"},{"taxonomy":"regions","embeddable":true,"href":"https:\/\/admin.industriall-union.org\/es\/wp-json\/wp\/v2\/regions?post=171526"},{"taxonomy":"sectors","embeddable":true,"href":"https:\/\/admin.industriall-union.org\/es\/wp-json\/wp\/v2\/sectors?post=171526"},{"taxonomy":"article_tags","embeddable":true,"href":"https:\/\/admin.industriall-union.org\/es\/wp-json\/wp\/v2\/article_tags?post=171526"}],"curies":[{"name":"wp","href":"https:\/\/api.w.org\/{rel}","templated":true}]}}