{"id":171331,"date":"2014-09-16T08:53:44","date_gmt":"2014-09-16T08:53:44","guid":{"rendered":"https:\/\/admin.industriall-union.org\/alegria-en-suecia-al-acoger-a-sindicalista-como-primer-ministro\/"},"modified":"2025-02-07T21:40:22","modified_gmt":"2025-02-07T21:40:22","slug":"alegria-en-suecia-al-acoger-a-sindicalista-como-primer-ministro","status":"publish","type":"article","link":"https:\/\/admin.industriall-union.org\/es\/alegria-en-suecia-al-acoger-a-sindicalista-como-primer-ministro\/","title":{"rendered":"Alegr\u00eda en Suecia al acoger a sindicalista como Primer Ministro"},"content":{"rendered":"<p>El resultado de esta elecci\u00f3n significa el retorno del socialismo al gobierno despu\u00e9s de ocho a\u00f1os de gobierno conservador en Suecia.<\/p><p>Soldador de profesi\u00f3n, L\u00f6fven surgi\u00f3 de las filas sindicales de IF Metall, organizaci\u00f3n afiliada a IndustriALL Global Union, llegando a ser Presidente de uno de los sindicatos m\u00e1s grandes de Suecia. Tambi\u00e9n fue miembro del Comit\u00e9 Ejecutivo de la Federaci\u00f3n Internacional de Trabajadores de las Industrias Metal\u00fargicas (FITIM).<\/p><p>En su discurso inaugural en el Congreso de Fundaci\u00f3n de IndustriALL en Copenhague en 2012, Stefan L\u00f6fven dijo lo siguiente:<\/p><p>&nbsp;&quot;Dondequiera que haya un debate pol\u00edtico, se debe escuchar y respetar la voz de los trabajadores. Sigo siendo uno de ustedes, siempre lo ser\u00e9.&quot;<\/p><p>Por su parte, el Secretario General de IndustriALL, Jyrki Raina, se\u00f1al\u00f3:<\/p><p>&quot;Felicitamos a nuestro compa\u00f1ero por este gran logro; nos enorgullece saber que un sindicalista encabece la pol\u00edtica de un pa\u00eds. Sean cuales sean los problemas que se tenga que enfrentar, se sabe de antemano que Stefan es un negociador con mucha experiencia y de fuertes ra\u00edces democr\u00e1ticas&quot;.<\/p>","protected":false},"featured_media":0,"template":"","issues":[396],"companies":[],"regions":[247],"sectors":[],"article_tags":[],"class_list":["post-171331","article","type-article","status-publish","hentry","issues-building-strong-unions","regions-sweden"],"acf":[],"yoast_head":"<!-- This site is optimized with the Yoast SEO Premium plugin v27.1 (Yoast SEO v27.1) - https:\/\/yoast.com\/product\/yoast-seo-premium-wordpress\/ -->\n<title>Alegr\u00eda en Suecia al acoger a sindicalista como Primer Ministro - industriall-union<\/title>\n<meta name=\"description\" content=\"El resultado de esta elecci\u00f3n significa el retorno del socialismo al gobierno despu\u00e9s de ocho a\u00f1os de gobierno conservador en Suecia.Soldador de\" \/>\n<meta name=\"robots\" content=\"index, follow, max-snippet:-1, max-image-preview:large, max-video-preview:-1\" \/>\n<link rel=\"canonical\" href=\"https:\/\/admin.industriall-union.org\/es\/alegria-en-suecia-al-acoger-a-sindicalista-como-primer-ministro\/\" \/>\n<meta property=\"og:locale\" content=\"es_ES\" \/>\n<meta property=\"og:type\" content=\"article\" \/>\n<meta property=\"og:title\" content=\"Alegr\u00eda en Suecia al acoger a sindicalista como Primer Ministro\" \/>\n<meta property=\"og:description\" content=\"El resultado de esta elecci\u00f3n significa el retorno del socialismo al gobierno despu\u00e9s de ocho a\u00f1os de gobierno conservador en Suecia.Soldador de\" \/>\n<meta property=\"og:url\" content=\"https:\/\/admin.industriall-union.org\/es\/alegria-en-suecia-al-acoger-a-sindicalista-como-primer-ministro\/\" \/>\n<meta property=\"og:site_name\" content=\"industriall-union\" \/>\n<meta property=\"article:modified_time\" content=\"2025-02-07T21:40:22+00:00\" \/>\n<meta name=\"twitter:card\" content=\"summary_large_image\" \/>\n<meta name=\"twitter:label1\" content=\"Est. reading time\" \/>\n\t<meta name=\"twitter:data1\" content=\"1 minute\" \/>\n<script type=\"application\/ld+json\" class=\"yoast-schema-graph\">{\"@context\":\"https:\/\/schema.org\",\"@graph\":[{\"@type\":\"WebPage\",\"@id\":\"https:\/\/admin.industriall-union.org\/es\/alegria-en-suecia-al-acoger-a-sindicalista-como-primer-ministro\/\",\"url\":\"https:\/\/admin.industriall-union.org\/es\/alegria-en-suecia-al-acoger-a-sindicalista-como-primer-ministro\/\",\"name\":\"Alegr\u00eda en Suecia al acoger a sindicalista como Primer Ministro - industriall-union\",\"isPartOf\":{\"@id\":\"https:\/\/admin.industriall-union.org\/#website\"},\"datePublished\":\"2014-09-16T08:53:44+00:00\",\"dateModified\":\"2025-02-07T21:40:22+00:00\",\"description\":\"El resultado de esta elecci\u00f3n significa el retorno del socialismo al gobierno despu\u00e9s de ocho a\u00f1os de gobierno conservador en Suecia.Soldador de\",\"breadcrumb\":{\"@id\":\"https:\/\/admin.industriall-union.org\/es\/alegria-en-suecia-al-acoger-a-sindicalista-como-primer-ministro\/#breadcrumb\"},\"inLanguage\":\"es-ES\",\"potentialAction\":[{\"@type\":\"ReadAction\",\"target\":[\"https:\/\/admin.industriall-union.org\/es\/alegria-en-suecia-al-acoger-a-sindicalista-como-primer-ministro\/\"]}]},{\"@type\":\"BreadcrumbList\",\"@id\":\"https:\/\/admin.industriall-union.org\/es\/alegria-en-suecia-al-acoger-a-sindicalista-como-primer-ministro\/#breadcrumb\",\"itemListElement\":[{\"@type\":\"ListItem\",\"position\":1,\"name\":\"Home\",\"item\":\"https:\/\/admin.industriall-union.org\/\"},{\"@type\":\"ListItem\",\"position\":2,\"name\":\"Articles\",\"item\":\"https:\/\/admin.industriall-union.org\/article\/\"},{\"@type\":\"ListItem\",\"position\":3,\"name\":\"Alegr\u00eda en Suecia al acoger a sindicalista como Primer Ministro\"}]},{\"@type\":\"WebSite\",\"@id\":\"https:\/\/admin.industriall-union.org\/#website\",\"url\":\"https:\/\/admin.industriall-union.org\/\",\"name\":\"industriall-union\",\"description\":\"\",\"potentialAction\":[{\"@type\":\"SearchAction\",\"target\":{\"@type\":\"EntryPoint\",\"urlTemplate\":\"https:\/\/admin.industriall-union.org\/?s={search_term_string}\"},\"query-input\":{\"@type\":\"PropertyValueSpecification\",\"valueRequired\":true,\"valueName\":\"search_term_string\"}}],\"inLanguage\":\"es-ES\"}]}<\/script>\n<!-- \/ Yoast SEO Premium plugin. -->","yoast_head_json":{"title":"Alegr\u00eda en Suecia al acoger a sindicalista como Primer Ministro - industriall-union","description":"El resultado de esta elecci\u00f3n significa el retorno del socialismo al gobierno despu\u00e9s de ocho a\u00f1os de gobierno conservador en Suecia.Soldador de","robots":{"index":"index","follow":"follow","max-snippet":"max-snippet:-1","max-image-preview":"max-image-preview:large","max-video-preview":"max-video-preview:-1"},"canonical":"https:\/\/admin.industriall-union.org\/es\/alegria-en-suecia-al-acoger-a-sindicalista-como-primer-ministro\/","og_locale":"es_ES","og_type":"article","og_title":"Alegr\u00eda en Suecia al acoger a sindicalista como Primer Ministro","og_description":"El resultado de esta elecci\u00f3n significa el retorno del socialismo al gobierno despu\u00e9s de ocho a\u00f1os de gobierno conservador en Suecia.Soldador de","og_url":"https:\/\/admin.industriall-union.org\/es\/alegria-en-suecia-al-acoger-a-sindicalista-como-primer-ministro\/","og_site_name":"industriall-union","article_modified_time":"2025-02-07T21:40:22+00:00","twitter_card":"summary_large_image","twitter_misc":{"Est. reading time":"1 minute"},"schema":{"@context":"https:\/\/schema.org","@graph":[{"@type":"WebPage","@id":"https:\/\/admin.industriall-union.org\/es\/alegria-en-suecia-al-acoger-a-sindicalista-como-primer-ministro\/","url":"https:\/\/admin.industriall-union.org\/es\/alegria-en-suecia-al-acoger-a-sindicalista-como-primer-ministro\/","name":"Alegr\u00eda en Suecia al acoger a sindicalista como Primer Ministro - industriall-union","isPartOf":{"@id":"https:\/\/admin.industriall-union.org\/#website"},"datePublished":"2014-09-16T08:53:44+00:00","dateModified":"2025-02-07T21:40:22+00:00","description":"El resultado de esta elecci\u00f3n significa el retorno del socialismo al gobierno despu\u00e9s de ocho a\u00f1os de gobierno conservador en Suecia.Soldador de","breadcrumb":{"@id":"https:\/\/admin.industriall-union.org\/es\/alegria-en-suecia-al-acoger-a-sindicalista-como-primer-ministro\/#breadcrumb"},"inLanguage":"es-ES","potentialAction":[{"@type":"ReadAction","target":["https:\/\/admin.industriall-union.org\/es\/alegria-en-suecia-al-acoger-a-sindicalista-como-primer-ministro\/"]}]},{"@type":"BreadcrumbList","@id":"https:\/\/admin.industriall-union.org\/es\/alegria-en-suecia-al-acoger-a-sindicalista-como-primer-ministro\/#breadcrumb","itemListElement":[{"@type":"ListItem","position":1,"name":"Home","item":"https:\/\/admin.industriall-union.org\/"},{"@type":"ListItem","position":2,"name":"Articles","item":"https:\/\/admin.industriall-union.org\/article\/"},{"@type":"ListItem","position":3,"name":"Alegr\u00eda en Suecia al acoger a sindicalista como Primer Ministro"}]},{"@type":"WebSite","@id":"https:\/\/admin.industriall-union.org\/#website","url":"https:\/\/admin.industriall-union.org\/","name":"industriall-union","description":"","potentialAction":[{"@type":"SearchAction","target":{"@type":"EntryPoint","urlTemplate":"https:\/\/admin.industriall-union.org\/?s={search_term_string}"},"query-input":{"@type":"PropertyValueSpecification","valueRequired":true,"valueName":"search_term_string"}}],"inLanguage":"es-ES"}]}},"_links":{"self":[{"href":"https:\/\/admin.industriall-union.org\/es\/wp-json\/wp\/v2\/article\/171331","targetHints":{"allow":["GET"]}}],"collection":[{"href":"https:\/\/admin.industriall-union.org\/es\/wp-json\/wp\/v2\/article"}],"about":[{"href":"https:\/\/admin.industriall-union.org\/es\/wp-json\/wp\/v2\/types\/article"}],"wp:attachment":[{"href":"https:\/\/admin.industriall-union.org\/es\/wp-json\/wp\/v2\/media?parent=171331"}],"wp:term":[{"taxonomy":"issues","embeddable":true,"href":"https:\/\/admin.industriall-union.org\/es\/wp-json\/wp\/v2\/issues?post=171331"},{"taxonomy":"companies","embeddable":true,"href":"https:\/\/admin.industriall-union.org\/es\/wp-json\/wp\/v2\/companies?post=171331"},{"taxonomy":"regions","embeddable":true,"href":"https:\/\/admin.industriall-union.org\/es\/wp-json\/wp\/v2\/regions?post=171331"},{"taxonomy":"sectors","embeddable":true,"href":"https:\/\/admin.industriall-union.org\/es\/wp-json\/wp\/v2\/sectors?post=171331"},{"taxonomy":"article_tags","embeddable":true,"href":"https:\/\/admin.industriall-union.org\/es\/wp-json\/wp\/v2\/article_tags?post=171331"}],"curies":[{"name":"wp","href":"https:\/\/api.w.org\/{rel}","templated":true}]}}