{"id":171209,"date":"2014-10-09T08:16:17","date_gmt":"2014-10-09T08:16:17","guid":{"rendered":"https:\/\/admin.industriall-union.org\/defensa-de-los-derechos-humanos-y-laborales\/"},"modified":"2025-02-07T20:49:24","modified_gmt":"2025-02-07T20:49:24","slug":"defensa-de-los-derechos-humanos-y-laborales","status":"publish","type":"article","link":"https:\/\/admin.industriall-union.org\/es\/defensa-de-los-derechos-humanos-y-laborales\/","title":{"rendered":"Defensa de los derechos humanos y laborales"},"content":{"rendered":"<p>Ancheita es fundadora y directora ejecutiva de la organizaci\u00f3n mexicana Proyecto de Derechos Econ\u00f3micos, Sociales y Culturales (ProDESC), que ayuda a las comunidades locales para defender sus derechos. Ella ha pasado los \u00faltimos 15 a\u00f1os trabajando para proteger los terrenos y los derechos laborales de la voracidad despiadada de las empresas mineras y energ\u00e9ticas transnacionales; con frecuencia ha expuesto su vida realizando su importante trabajo.<\/p><p>Al recibir el premio, Ancheita se\u00f1al\u00f3: &quot;Es un gran honor, no s\u00f3lo por el reconocimiento de mi trabajo y la labor de mi organizaci\u00f3n, sino tambi\u00e9n por el reconocimiento de las condiciones peligrosas que enfrentan los defensores de los derechos humanos en M\u00e9xico&rdquo;, agregando &quot;Tambi\u00e9n es una gran responsabilidad&quot;.<\/p><p>Los individuos y las comunidades que ayuda frecuentemente enfrentan ataques violentos. Ancheita ha sido pionera en la b\u00fasqueda de justicia en los tribunales mexicanos, cuando las empresas no han tomado en cuenta los derechos de las comunidades locales.<\/p><p>&quot;Al premiar a Alejandra Ancheita, nuestro jurado ha puesto de relieve el conjunto de poderosas entidades que enfrentan los defensores de los derechos humanos&quot;, as\u00ed dijo Micheline Calmy-Rey, ex Ministra del Exterior de Suiza, quien preside la Fundaci\u00f3n Martin Ennals.<\/p><p>&quot;En M\u00e9xico, existe un claro cuadro de constantes ataques, amenazas, criminalizaci\u00f3n y asesinatos de defensores de los derechos humanos. La Sra Ancheita y ProDESC han sido v\u00edctimas de vigilancia, campa\u00f1as de difamaci\u00f3n en los medios de comunicaci\u00f3n nacionales, y allanamiento de sus oficinas&quot;.<\/p><p>Fernando Lopes, Secretario General Adjunto de IndustriALL Global Union, ha se\u00f1alado al respecto:<\/p><p>&ldquo;Nos alegra y enorgullece seguir trabajando con ProDESC, para fortalecer los sindicatos democr\u00e1ticos de M\u00e9xico. Es admirable el compromiso de Alejandra Ancheita al defender los derechos humanos; le felicitamos sinceramente por haber ganado con justicia este mencionado galard\u00f3n. Su trabajo ha sido y es muy importante en un pa\u00eds donde con frecuencia y descaro las grandes corporaciones atropellan los derechos sindicales y humanos.&rdquo;<\/p><p>El Premio Martin Ennals, que lleva el nombre del ex Secretario General de Amnist\u00eda Internacional, se otorga a defensores de los derechos humanos que muestran un profundo compromiso con su causa, a pesar del gran peligro personal a que est\u00e1n expuestos.<\/p><p>El mencionado premio fue creado en 1993, dos a\u00f1os despu\u00e9s de la muerte de Ennals. El jurado que lo otorga est\u00e1 compuesto por Amnist\u00eda Internacional, Human Rights Watch, la Comisi\u00f3n Internacional de Juristas y otras siete organizaciones internacionales de campa\u00f1a.<\/p><p>La laureada esta vez recibir\u00e1 un premio que consiste en 20.000 francos suizos (US$ 20.700).<\/p><p><em>En la edici\u00f3n de diciembre de nuestra revista Global Worker se publicar\u00e1 un dossier en el que se detalla la personalidad y obra de Alejandra Ancheita.&nbsp;<\/em><\/p>","protected":false},"featured_media":0,"template":"","issues":[422,399,425],"companies":[],"regions":[275],"sectors":[495],"article_tags":[],"class_list":["post-171209","article","type-article","status-publish","hentry","issues-human-trade-union-rights","issues-union-building","issues-workers-rights","regions-mexico","sectors-mining"],"acf":[],"yoast_head":"<!-- This site is optimized with the Yoast SEO Premium plugin v27.1 (Yoast SEO v27.1) - https:\/\/yoast.com\/product\/yoast-seo-premium-wordpress\/ -->\n<title>Defensa de los derechos humanos y laborales - industriall-union<\/title>\n<meta name=\"description\" content=\"Ancheita es fundadora y directora ejecutiva de la organizaci\u00f3n mexicana Proyecto de Derechos Econ\u00f3micos, Sociales y Culturales (ProDESC), que ayuda a las\" \/>\n<meta name=\"robots\" content=\"index, follow, max-snippet:-1, max-image-preview:large, max-video-preview:-1\" \/>\n<link rel=\"canonical\" href=\"https:\/\/admin.industriall-union.org\/es\/defensa-de-los-derechos-humanos-y-laborales\/\" \/>\n<meta property=\"og:locale\" content=\"es_ES\" \/>\n<meta property=\"og:type\" content=\"article\" \/>\n<meta property=\"og:title\" content=\"Defensa de los derechos humanos y laborales\" \/>\n<meta property=\"og:description\" content=\"Ancheita es fundadora y directora ejecutiva de la organizaci\u00f3n mexicana Proyecto de Derechos Econ\u00f3micos, Sociales y Culturales (ProDESC), que ayuda a las\" \/>\n<meta property=\"og:url\" content=\"https:\/\/admin.industriall-union.org\/es\/defensa-de-los-derechos-humanos-y-laborales\/\" \/>\n<meta property=\"og:site_name\" content=\"industriall-union\" \/>\n<meta property=\"article:modified_time\" content=\"2025-02-07T20:49:24+00:00\" \/>\n<meta name=\"twitter:card\" content=\"summary_large_image\" \/>\n<meta name=\"twitter:label1\" content=\"Est. reading time\" \/>\n\t<meta name=\"twitter:data1\" content=\"2 minutes\" \/>\n<script type=\"application\/ld+json\" class=\"yoast-schema-graph\">{\"@context\":\"https:\/\/schema.org\",\"@graph\":[{\"@type\":\"WebPage\",\"@id\":\"https:\/\/admin.industriall-union.org\/es\/defensa-de-los-derechos-humanos-y-laborales\/\",\"url\":\"https:\/\/admin.industriall-union.org\/es\/defensa-de-los-derechos-humanos-y-laborales\/\",\"name\":\"Defensa de los derechos humanos y laborales - industriall-union\",\"isPartOf\":{\"@id\":\"https:\/\/admin.industriall-union.org\/#website\"},\"datePublished\":\"2014-10-09T08:16:17+00:00\",\"dateModified\":\"2025-02-07T20:49:24+00:00\",\"description\":\"Ancheita es fundadora y directora ejecutiva de la organizaci\u00f3n mexicana Proyecto de Derechos Econ\u00f3micos, Sociales y Culturales (ProDESC), que ayuda a las\",\"breadcrumb\":{\"@id\":\"https:\/\/admin.industriall-union.org\/es\/defensa-de-los-derechos-humanos-y-laborales\/#breadcrumb\"},\"inLanguage\":\"es-ES\",\"potentialAction\":[{\"@type\":\"ReadAction\",\"target\":[\"https:\/\/admin.industriall-union.org\/es\/defensa-de-los-derechos-humanos-y-laborales\/\"]}]},{\"@type\":\"BreadcrumbList\",\"@id\":\"https:\/\/admin.industriall-union.org\/es\/defensa-de-los-derechos-humanos-y-laborales\/#breadcrumb\",\"itemListElement\":[{\"@type\":\"ListItem\",\"position\":1,\"name\":\"Home\",\"item\":\"https:\/\/admin.industriall-union.org\/\"},{\"@type\":\"ListItem\",\"position\":2,\"name\":\"Articles\",\"item\":\"https:\/\/admin.industriall-union.org\/article\/\"},{\"@type\":\"ListItem\",\"position\":3,\"name\":\"Defensa de los derechos humanos y laborales\"}]},{\"@type\":\"WebSite\",\"@id\":\"https:\/\/admin.industriall-union.org\/#website\",\"url\":\"https:\/\/admin.industriall-union.org\/\",\"name\":\"industriall-union\",\"description\":\"\",\"potentialAction\":[{\"@type\":\"SearchAction\",\"target\":{\"@type\":\"EntryPoint\",\"urlTemplate\":\"https:\/\/admin.industriall-union.org\/?s={search_term_string}\"},\"query-input\":{\"@type\":\"PropertyValueSpecification\",\"valueRequired\":true,\"valueName\":\"search_term_string\"}}],\"inLanguage\":\"es-ES\"}]}<\/script>\n<!-- \/ Yoast SEO Premium plugin. -->","yoast_head_json":{"title":"Defensa de los derechos humanos y laborales - industriall-union","description":"Ancheita es fundadora y directora ejecutiva de la organizaci\u00f3n mexicana Proyecto de Derechos Econ\u00f3micos, Sociales y Culturales (ProDESC), que ayuda a las","robots":{"index":"index","follow":"follow","max-snippet":"max-snippet:-1","max-image-preview":"max-image-preview:large","max-video-preview":"max-video-preview:-1"},"canonical":"https:\/\/admin.industriall-union.org\/es\/defensa-de-los-derechos-humanos-y-laborales\/","og_locale":"es_ES","og_type":"article","og_title":"Defensa de los derechos humanos y laborales","og_description":"Ancheita es fundadora y directora ejecutiva de la organizaci\u00f3n mexicana Proyecto de Derechos Econ\u00f3micos, Sociales y Culturales (ProDESC), que ayuda a las","og_url":"https:\/\/admin.industriall-union.org\/es\/defensa-de-los-derechos-humanos-y-laborales\/","og_site_name":"industriall-union","article_modified_time":"2025-02-07T20:49:24+00:00","twitter_card":"summary_large_image","twitter_misc":{"Est. reading time":"2 minutes"},"schema":{"@context":"https:\/\/schema.org","@graph":[{"@type":"WebPage","@id":"https:\/\/admin.industriall-union.org\/es\/defensa-de-los-derechos-humanos-y-laborales\/","url":"https:\/\/admin.industriall-union.org\/es\/defensa-de-los-derechos-humanos-y-laborales\/","name":"Defensa de los derechos humanos y laborales - industriall-union","isPartOf":{"@id":"https:\/\/admin.industriall-union.org\/#website"},"datePublished":"2014-10-09T08:16:17+00:00","dateModified":"2025-02-07T20:49:24+00:00","description":"Ancheita es fundadora y directora ejecutiva de la organizaci\u00f3n mexicana Proyecto de Derechos Econ\u00f3micos, Sociales y Culturales (ProDESC), que ayuda a las","breadcrumb":{"@id":"https:\/\/admin.industriall-union.org\/es\/defensa-de-los-derechos-humanos-y-laborales\/#breadcrumb"},"inLanguage":"es-ES","potentialAction":[{"@type":"ReadAction","target":["https:\/\/admin.industriall-union.org\/es\/defensa-de-los-derechos-humanos-y-laborales\/"]}]},{"@type":"BreadcrumbList","@id":"https:\/\/admin.industriall-union.org\/es\/defensa-de-los-derechos-humanos-y-laborales\/#breadcrumb","itemListElement":[{"@type":"ListItem","position":1,"name":"Home","item":"https:\/\/admin.industriall-union.org\/"},{"@type":"ListItem","position":2,"name":"Articles","item":"https:\/\/admin.industriall-union.org\/article\/"},{"@type":"ListItem","position":3,"name":"Defensa de los derechos humanos y laborales"}]},{"@type":"WebSite","@id":"https:\/\/admin.industriall-union.org\/#website","url":"https:\/\/admin.industriall-union.org\/","name":"industriall-union","description":"","potentialAction":[{"@type":"SearchAction","target":{"@type":"EntryPoint","urlTemplate":"https:\/\/admin.industriall-union.org\/?s={search_term_string}"},"query-input":{"@type":"PropertyValueSpecification","valueRequired":true,"valueName":"search_term_string"}}],"inLanguage":"es-ES"}]}},"_links":{"self":[{"href":"https:\/\/admin.industriall-union.org\/es\/wp-json\/wp\/v2\/article\/171209","targetHints":{"allow":["GET"]}}],"collection":[{"href":"https:\/\/admin.industriall-union.org\/es\/wp-json\/wp\/v2\/article"}],"about":[{"href":"https:\/\/admin.industriall-union.org\/es\/wp-json\/wp\/v2\/types\/article"}],"wp:attachment":[{"href":"https:\/\/admin.industriall-union.org\/es\/wp-json\/wp\/v2\/media?parent=171209"}],"wp:term":[{"taxonomy":"issues","embeddable":true,"href":"https:\/\/admin.industriall-union.org\/es\/wp-json\/wp\/v2\/issues?post=171209"},{"taxonomy":"companies","embeddable":true,"href":"https:\/\/admin.industriall-union.org\/es\/wp-json\/wp\/v2\/companies?post=171209"},{"taxonomy":"regions","embeddable":true,"href":"https:\/\/admin.industriall-union.org\/es\/wp-json\/wp\/v2\/regions?post=171209"},{"taxonomy":"sectors","embeddable":true,"href":"https:\/\/admin.industriall-union.org\/es\/wp-json\/wp\/v2\/sectors?post=171209"},{"taxonomy":"article_tags","embeddable":true,"href":"https:\/\/admin.industriall-union.org\/es\/wp-json\/wp\/v2\/article_tags?post=171209"}],"curies":[{"name":"wp","href":"https:\/\/api.w.org\/{rel}","templated":true}]}}