{"id":171207,"date":"2014-10-09T13:45:37","date_gmt":"2014-10-09T13:45:37","guid":{"rendered":"https:\/\/admin.industriall-union.org\/los-trabajadores-se-movilizan-para-poner-un-stop-al-trabajo-precario\/"},"modified":"2025-02-07T20:48:24","modified_gmt":"2025-02-07T20:48:24","slug":"los-trabajadores-se-movilizan-para-poner-un-stop-al-trabajo-precario","status":"publish","type":"article","link":"https:\/\/admin.industriall-union.org\/es\/los-trabajadores-se-movilizan-para-poner-un-stop-al-trabajo-precario\/","title":{"rendered":"Los trabajadores se movilizan para poner un STOP al trabajo precario"},"content":{"rendered":"<p>M\u00e1s de 90 afiliados a la IndustriALL Global Union de m\u00e1s de 40 pa\u00edses <a href=\"http:\/\/www.industriall-union.org\/issues\/social-justice-and-globalization\/stop-precarious-work\">actuaron<\/a> mediante manifestaciones masivas, seminarios y campa\u00f1as de sensibilizaci\u00f3n con motivo del DMTD. Este a\u00f1o, la IndustriALL ha utilizado las redes sociales para llegar a m\u00e1s activistas &ndash; un total de 1.592 simpatizantes firmaron en Thunderclap, alcanzando nada menos que a 1.194.792 personas en Twitter, Facebook y Tumblr.<\/p><p>En Jap\u00f3n, Eslovaquia, Trinidad y Tobago, la Rep\u00fablica Democr\u00e1tica del Congo y Bosnia y Herzegovina los afiliados tomaron las calles y celebraron seminarios sobre c\u00f3mo el trabajo precario representa una amenaza para el empleo seguro, los sueldos y las condiciones de trabajo.<\/p><p>En la Rep\u00fablica Dominicana, Indonesia y la Rep\u00fablica Democr\u00e1tica del Congo los sindicatos &nbsp;combaten leyes que expanden el trabajo precario. Los afiliados dominicanos marcharon primero hasta las oficinas de la asociaci\u00f3n de empleadores,&nbsp; luego hasta el Ministerio de Trabajo y finalmente hasta el Congreso, donde presentaron un proyecto de ley.<\/p><p>En la India y Pakist\u00e1n, los trabajadores celebraron reuniones y manifestaciones a escala nacional en una diversidad de lugares de trabajo. En Pakist\u00e1n hay m\u00e1s de 20 millones de trabajadores en el sector no estructurado, de los cuales 12 millones son trabajadoras. La &nbsp;Home Based Women Workers Federation (HBWWF) organiz\u00f3 tambi\u00e9n manifestaciones de trabajadoras de pulseras de vidrio y prendas de vestir en Hyderabad y Karachi para presentar sus demandas legales y pedir que se acabe con el trabajo precario.<\/p><p>Siguen llegando acciones; echando una ojeada a la p\u00e1gina <a href=\"http:\/\/www.industriall-union.org\/es\/temas\/justicia-social-y-la-globalizacion\/stop-al-trabajo-precario\">STOP al trabajo precario<\/a> de la IndustriALL puede verse qui\u00e9nes han llevado a cabo acciones el D\u00eda Mundial del Trabajo Decente.<\/p><p>Los sindicatos que hayan realizado acciones en torno al 7 de octubre y no aparezcan en la <a href=\"http:\/\/www.industriall-union.org\/es\/temas\/justicia-social-y-la-globalizacion\/stop-al-trabajo-precario\">p\u00e1gina de la campa\u00f1a STOP al trabajo precario<\/a> de la IndustriALL deben enviarlas a: <a href=\"mailto:press@industriALL-union.org?subject=SPW%20-%20ACTION\">press@industriALL-union.org<\/a>.<\/p><p>Tambi\u00e9n se puede tuitear utilizando el hashtag #STOPrecariousWork o compartir las acciones con nosotros en facebook.<\/p>","protected":false},"featured_media":0,"template":"","issues":[415],"companies":[],"regions":[155,202,254,288,308,311],"sectors":[],"article_tags":[],"class_list":["post-171207","article","type-article","status-publish","hentry","issues-stop-precarious-work","regions-asia-pacific","regions-europe","regions-latin-america-and-the-caribbean","regions-middle-east-and-north-africa","regions-north-america","regions-sub-saharan-africa"],"acf":[],"yoast_head":"<!-- This site is optimized with the Yoast SEO Premium plugin v27.1 (Yoast SEO v27.1) - https:\/\/yoast.com\/product\/yoast-seo-premium-wordpress\/ -->\n<title>Los trabajadores se movilizan para poner un STOP al trabajo precario - industriall-union<\/title>\n<meta name=\"description\" content=\"M\u00e1s de 90 afiliados a la IndustriALL Global Union de m\u00e1s de 40 pa\u00edses actuaron mediante manifestaciones masivas, seminarios y campa\u00f1as de sensibilizaci\u00f3n\" \/>\n<meta name=\"robots\" content=\"index, follow, max-snippet:-1, max-image-preview:large, max-video-preview:-1\" \/>\n<link rel=\"canonical\" href=\"https:\/\/admin.industriall-union.org\/es\/los-trabajadores-se-movilizan-para-poner-un-stop-al-trabajo-precario\/\" \/>\n<meta property=\"og:locale\" content=\"es_ES\" \/>\n<meta property=\"og:type\" content=\"article\" \/>\n<meta property=\"og:title\" content=\"Los trabajadores se movilizan para poner un STOP al trabajo precario\" \/>\n<meta property=\"og:description\" content=\"M\u00e1s de 90 afiliados a la IndustriALL Global Union de m\u00e1s de 40 pa\u00edses actuaron mediante manifestaciones masivas, seminarios y campa\u00f1as de sensibilizaci\u00f3n\" \/>\n<meta property=\"og:url\" content=\"https:\/\/admin.industriall-union.org\/es\/los-trabajadores-se-movilizan-para-poner-un-stop-al-trabajo-precario\/\" \/>\n<meta property=\"og:site_name\" content=\"industriall-union\" \/>\n<meta property=\"article:modified_time\" content=\"2025-02-07T20:48:24+00:00\" \/>\n<meta name=\"twitter:card\" content=\"summary_large_image\" \/>\n<meta name=\"twitter:label1\" content=\"Est. reading time\" \/>\n\t<meta name=\"twitter:data1\" content=\"2 minutes\" \/>\n<script type=\"application\/ld+json\" class=\"yoast-schema-graph\">{\"@context\":\"https:\/\/schema.org\",\"@graph\":[{\"@type\":\"WebPage\",\"@id\":\"https:\/\/admin.industriall-union.org\/es\/los-trabajadores-se-movilizan-para-poner-un-stop-al-trabajo-precario\/\",\"url\":\"https:\/\/admin.industriall-union.org\/es\/los-trabajadores-se-movilizan-para-poner-un-stop-al-trabajo-precario\/\",\"name\":\"Los trabajadores se movilizan para poner un STOP al trabajo precario - industriall-union\",\"isPartOf\":{\"@id\":\"https:\/\/admin.industriall-union.org\/#website\"},\"datePublished\":\"2014-10-09T13:45:37+00:00\",\"dateModified\":\"2025-02-07T20:48:24+00:00\",\"description\":\"M\u00e1s de 90 afiliados a la IndustriALL Global Union de m\u00e1s de 40 pa\u00edses actuaron mediante manifestaciones masivas, seminarios y campa\u00f1as de sensibilizaci\u00f3n\",\"breadcrumb\":{\"@id\":\"https:\/\/admin.industriall-union.org\/es\/los-trabajadores-se-movilizan-para-poner-un-stop-al-trabajo-precario\/#breadcrumb\"},\"inLanguage\":\"es-ES\",\"potentialAction\":[{\"@type\":\"ReadAction\",\"target\":[\"https:\/\/admin.industriall-union.org\/es\/los-trabajadores-se-movilizan-para-poner-un-stop-al-trabajo-precario\/\"]}]},{\"@type\":\"BreadcrumbList\",\"@id\":\"https:\/\/admin.industriall-union.org\/es\/los-trabajadores-se-movilizan-para-poner-un-stop-al-trabajo-precario\/#breadcrumb\",\"itemListElement\":[{\"@type\":\"ListItem\",\"position\":1,\"name\":\"Home\",\"item\":\"https:\/\/admin.industriall-union.org\/\"},{\"@type\":\"ListItem\",\"position\":2,\"name\":\"Articles\",\"item\":\"https:\/\/admin.industriall-union.org\/article\/\"},{\"@type\":\"ListItem\",\"position\":3,\"name\":\"Los trabajadores se movilizan para poner un STOP al trabajo precario\"}]},{\"@type\":\"WebSite\",\"@id\":\"https:\/\/admin.industriall-union.org\/#website\",\"url\":\"https:\/\/admin.industriall-union.org\/\",\"name\":\"industriall-union\",\"description\":\"\",\"potentialAction\":[{\"@type\":\"SearchAction\",\"target\":{\"@type\":\"EntryPoint\",\"urlTemplate\":\"https:\/\/admin.industriall-union.org\/?s={search_term_string}\"},\"query-input\":{\"@type\":\"PropertyValueSpecification\",\"valueRequired\":true,\"valueName\":\"search_term_string\"}}],\"inLanguage\":\"es-ES\"}]}<\/script>\n<!-- \/ Yoast SEO Premium plugin. -->","yoast_head_json":{"title":"Los trabajadores se movilizan para poner un STOP al trabajo precario - industriall-union","description":"M\u00e1s de 90 afiliados a la IndustriALL Global Union de m\u00e1s de 40 pa\u00edses actuaron mediante manifestaciones masivas, seminarios y campa\u00f1as de sensibilizaci\u00f3n","robots":{"index":"index","follow":"follow","max-snippet":"max-snippet:-1","max-image-preview":"max-image-preview:large","max-video-preview":"max-video-preview:-1"},"canonical":"https:\/\/admin.industriall-union.org\/es\/los-trabajadores-se-movilizan-para-poner-un-stop-al-trabajo-precario\/","og_locale":"es_ES","og_type":"article","og_title":"Los trabajadores se movilizan para poner un STOP al trabajo precario","og_description":"M\u00e1s de 90 afiliados a la IndustriALL Global Union de m\u00e1s de 40 pa\u00edses actuaron mediante manifestaciones masivas, seminarios y campa\u00f1as de sensibilizaci\u00f3n","og_url":"https:\/\/admin.industriall-union.org\/es\/los-trabajadores-se-movilizan-para-poner-un-stop-al-trabajo-precario\/","og_site_name":"industriall-union","article_modified_time":"2025-02-07T20:48:24+00:00","twitter_card":"summary_large_image","twitter_misc":{"Est. reading time":"2 minutes"},"schema":{"@context":"https:\/\/schema.org","@graph":[{"@type":"WebPage","@id":"https:\/\/admin.industriall-union.org\/es\/los-trabajadores-se-movilizan-para-poner-un-stop-al-trabajo-precario\/","url":"https:\/\/admin.industriall-union.org\/es\/los-trabajadores-se-movilizan-para-poner-un-stop-al-trabajo-precario\/","name":"Los trabajadores se movilizan para poner un STOP al trabajo precario - industriall-union","isPartOf":{"@id":"https:\/\/admin.industriall-union.org\/#website"},"datePublished":"2014-10-09T13:45:37+00:00","dateModified":"2025-02-07T20:48:24+00:00","description":"M\u00e1s de 90 afiliados a la IndustriALL Global Union de m\u00e1s de 40 pa\u00edses actuaron mediante manifestaciones masivas, seminarios y campa\u00f1as de sensibilizaci\u00f3n","breadcrumb":{"@id":"https:\/\/admin.industriall-union.org\/es\/los-trabajadores-se-movilizan-para-poner-un-stop-al-trabajo-precario\/#breadcrumb"},"inLanguage":"es-ES","potentialAction":[{"@type":"ReadAction","target":["https:\/\/admin.industriall-union.org\/es\/los-trabajadores-se-movilizan-para-poner-un-stop-al-trabajo-precario\/"]}]},{"@type":"BreadcrumbList","@id":"https:\/\/admin.industriall-union.org\/es\/los-trabajadores-se-movilizan-para-poner-un-stop-al-trabajo-precario\/#breadcrumb","itemListElement":[{"@type":"ListItem","position":1,"name":"Home","item":"https:\/\/admin.industriall-union.org\/"},{"@type":"ListItem","position":2,"name":"Articles","item":"https:\/\/admin.industriall-union.org\/article\/"},{"@type":"ListItem","position":3,"name":"Los trabajadores se movilizan para poner un STOP al trabajo precario"}]},{"@type":"WebSite","@id":"https:\/\/admin.industriall-union.org\/#website","url":"https:\/\/admin.industriall-union.org\/","name":"industriall-union","description":"","potentialAction":[{"@type":"SearchAction","target":{"@type":"EntryPoint","urlTemplate":"https:\/\/admin.industriall-union.org\/?s={search_term_string}"},"query-input":{"@type":"PropertyValueSpecification","valueRequired":true,"valueName":"search_term_string"}}],"inLanguage":"es-ES"}]}},"_links":{"self":[{"href":"https:\/\/admin.industriall-union.org\/es\/wp-json\/wp\/v2\/article\/171207","targetHints":{"allow":["GET"]}}],"collection":[{"href":"https:\/\/admin.industriall-union.org\/es\/wp-json\/wp\/v2\/article"}],"about":[{"href":"https:\/\/admin.industriall-union.org\/es\/wp-json\/wp\/v2\/types\/article"}],"wp:attachment":[{"href":"https:\/\/admin.industriall-union.org\/es\/wp-json\/wp\/v2\/media?parent=171207"}],"wp:term":[{"taxonomy":"issues","embeddable":true,"href":"https:\/\/admin.industriall-union.org\/es\/wp-json\/wp\/v2\/issues?post=171207"},{"taxonomy":"companies","embeddable":true,"href":"https:\/\/admin.industriall-union.org\/es\/wp-json\/wp\/v2\/companies?post=171207"},{"taxonomy":"regions","embeddable":true,"href":"https:\/\/admin.industriall-union.org\/es\/wp-json\/wp\/v2\/regions?post=171207"},{"taxonomy":"sectors","embeddable":true,"href":"https:\/\/admin.industriall-union.org\/es\/wp-json\/wp\/v2\/sectors?post=171207"},{"taxonomy":"article_tags","embeddable":true,"href":"https:\/\/admin.industriall-union.org\/es\/wp-json\/wp\/v2\/article_tags?post=171207"}],"curies":[{"name":"wp","href":"https:\/\/api.w.org\/{rel}","templated":true}]}}