{"id":171157,"date":"2014-10-23T15:57:05","date_gmt":"2014-10-23T15:57:05","guid":{"rendered":"https:\/\/admin.industriall-union.org\/director-general-de-ibm-renuncia-al-plan-roadmap-2015\/"},"modified":"2025-02-07T20:14:09","modified_gmt":"2025-02-07T20:14:09","slug":"director-general-de-ibm-renuncia-al-plan-roadmap-2015","status":"publish","type":"article","link":"https:\/\/admin.industriall-union.org\/es\/director-general-de-ibm-renuncia-al-plan-roadmap-2015\/","title":{"rendered":"Director General de IBM renuncia al plan \u201cRoadmap 2015\u201d"},"content":{"rendered":"<p>Debido a que IBM centraba su atenci\u00f3n en lograr los objetivos impr\u00e1cticos y fuera de toda realidad del &ldquo;Roadmap&rdquo;, los trabajadores, y tambi\u00e9n a la empresa misma resultaron seriamente perjudicados:<\/p><ul><li>En diferentes partes del mundo, se eliminaron los contratos de trabajo de decenas de miles de empleados por supuestas razones de &ldquo;economizar recursos&rdquo;.<\/li><li>Recortes salariales y de prestaciones sociales y la falta de aumentos salariales han impactado gravemente en los medios de subsistencia de los empleados.<\/li><li>Diversas unidades de la empresa, con sus empleados incluidos, han sido vendidos a otras compa\u00f1\u00edas, y en algunos casos, IBM ha pagado, incluso, para que otras empresas, tales como Global Foundries, se encarguen de sus operaciones.<\/li><li>La reducci\u00f3n irracional de los gastos ha afectado las necesidades financieras diarias de los empleados.<\/li><li>Una gran cantidad de empleados ha debido renunciar a su trabajo debido a la toxicidad del ambiente de trabajo.<\/li><li>Se ha trasladado la producci\u00f3n a otros pa\u00edses, diezmando el n\u00famero de empleados en pa\u00edses como EE.UU. y Australia.<\/li><li>Los clientes han perdido confianza en la empresa.<\/li><li>La moral de los empleados de IBM est\u00e1 en el suelo.<\/li><\/ul><p>Aunque ya se abandon\u00f3 el plan &quot;Roadmap 2015&quot;, es probable que contin\u00fae el sacrificio de los empleados de IBM, debido a los recortes de puestos de trabajo, reducci\u00f3n salarial y la toxicidad del ambiente de trabajo.<\/p><p>Los <a href=\"http:\/\/www.industriall-union.org\/es\/trabajadores-de-ibm-acuerdan-estrategia-mundial-para-combatir-cortes-de-puestos-de-trabajo\">sindicatos afiliados<\/a> a la Alianza Sindical Mundial de IBM, entre los cuales figura IndustriALL Global Union, se opusieron tenazmente al plan Roadmap 2015, y continuar\u00e1n luchando contra los recortes de empleos y otras medidas perjudiciales para los empleados de IBM. La Alianza exhorta a los ejecutivos de IBM para que escuchen a sus empleados y a los sindicatos, antes de que esta otrora gran empresa se \u200b\u200bhunda debido a la codicia e ineptitud patronales.<\/p>","protected":false},"featured_media":0,"template":"","issues":[406],"companies":[74],"regions":[],"sectors":[493],"article_tags":[],"class_list":["post-171157","article","type-article","status-publish","hentry","issues-confronting-global-capital","companies-ibm","sectors-ict"],"acf":[],"yoast_head":"<!-- This site is optimized with the Yoast SEO Premium plugin v27.1 (Yoast SEO v27.1) - https:\/\/yoast.com\/product\/yoast-seo-premium-wordpress\/ -->\n<title>Director General de IBM renuncia al plan \u201cRoadmap 2015\u201d - industriall-union<\/title>\n<meta name=\"description\" content=\"Debido a que IBM centraba su atenci\u00f3n en lograr los objetivos impr\u00e1cticos y fuera de toda realidad del &ldquo;Roadmap&rdquo;, los trabajadores, y tambi\u00e9n\" \/>\n<meta name=\"robots\" content=\"index, follow, max-snippet:-1, max-image-preview:large, max-video-preview:-1\" \/>\n<link rel=\"canonical\" href=\"https:\/\/admin.industriall-union.org\/es\/director-general-de-ibm-renuncia-al-plan-roadmap-2015\/\" \/>\n<meta property=\"og:locale\" content=\"es_ES\" \/>\n<meta property=\"og:type\" content=\"article\" \/>\n<meta property=\"og:title\" content=\"Director General de IBM renuncia al plan \u201cRoadmap 2015\u201d\" \/>\n<meta property=\"og:description\" content=\"Debido a que IBM centraba su atenci\u00f3n en lograr los objetivos impr\u00e1cticos y fuera de toda realidad del &ldquo;Roadmap&rdquo;, los trabajadores, y tambi\u00e9n\" \/>\n<meta property=\"og:url\" content=\"https:\/\/admin.industriall-union.org\/es\/director-general-de-ibm-renuncia-al-plan-roadmap-2015\/\" \/>\n<meta property=\"og:site_name\" content=\"industriall-union\" \/>\n<meta property=\"article:modified_time\" content=\"2025-02-07T20:14:09+00:00\" \/>\n<meta name=\"twitter:card\" content=\"summary_large_image\" \/>\n<meta name=\"twitter:label1\" content=\"Est. reading time\" \/>\n\t<meta name=\"twitter:data1\" content=\"2 minutes\" \/>\n<script type=\"application\/ld+json\" class=\"yoast-schema-graph\">{\"@context\":\"https:\/\/schema.org\",\"@graph\":[{\"@type\":\"WebPage\",\"@id\":\"https:\/\/admin.industriall-union.org\/es\/director-general-de-ibm-renuncia-al-plan-roadmap-2015\/\",\"url\":\"https:\/\/admin.industriall-union.org\/es\/director-general-de-ibm-renuncia-al-plan-roadmap-2015\/\",\"name\":\"Director General de IBM renuncia al plan \u201cRoadmap 2015\u201d - industriall-union\",\"isPartOf\":{\"@id\":\"https:\/\/admin.industriall-union.org\/#website\"},\"datePublished\":\"2014-10-23T15:57:05+00:00\",\"dateModified\":\"2025-02-07T20:14:09+00:00\",\"description\":\"Debido a que IBM centraba su atenci\u00f3n en lograr los objetivos impr\u00e1cticos y fuera de toda realidad del &ldquo;Roadmap&rdquo;, los trabajadores, y tambi\u00e9n\",\"breadcrumb\":{\"@id\":\"https:\/\/admin.industriall-union.org\/es\/director-general-de-ibm-renuncia-al-plan-roadmap-2015\/#breadcrumb\"},\"inLanguage\":\"es-ES\",\"potentialAction\":[{\"@type\":\"ReadAction\",\"target\":[\"https:\/\/admin.industriall-union.org\/es\/director-general-de-ibm-renuncia-al-plan-roadmap-2015\/\"]}]},{\"@type\":\"BreadcrumbList\",\"@id\":\"https:\/\/admin.industriall-union.org\/es\/director-general-de-ibm-renuncia-al-plan-roadmap-2015\/#breadcrumb\",\"itemListElement\":[{\"@type\":\"ListItem\",\"position\":1,\"name\":\"Home\",\"item\":\"https:\/\/admin.industriall-union.org\/\"},{\"@type\":\"ListItem\",\"position\":2,\"name\":\"Articles\",\"item\":\"https:\/\/admin.industriall-union.org\/article\/\"},{\"@type\":\"ListItem\",\"position\":3,\"name\":\"Director General de IBM renuncia al plan \u201cRoadmap 2015\u201d\"}]},{\"@type\":\"WebSite\",\"@id\":\"https:\/\/admin.industriall-union.org\/#website\",\"url\":\"https:\/\/admin.industriall-union.org\/\",\"name\":\"industriall-union\",\"description\":\"\",\"potentialAction\":[{\"@type\":\"SearchAction\",\"target\":{\"@type\":\"EntryPoint\",\"urlTemplate\":\"https:\/\/admin.industriall-union.org\/?s={search_term_string}\"},\"query-input\":{\"@type\":\"PropertyValueSpecification\",\"valueRequired\":true,\"valueName\":\"search_term_string\"}}],\"inLanguage\":\"es-ES\"}]}<\/script>\n<!-- \/ Yoast SEO Premium plugin. -->","yoast_head_json":{"title":"Director General de IBM renuncia al plan \u201cRoadmap 2015\u201d - industriall-union","description":"Debido a que IBM centraba su atenci\u00f3n en lograr los objetivos impr\u00e1cticos y fuera de toda realidad del &ldquo;Roadmap&rdquo;, los trabajadores, y tambi\u00e9n","robots":{"index":"index","follow":"follow","max-snippet":"max-snippet:-1","max-image-preview":"max-image-preview:large","max-video-preview":"max-video-preview:-1"},"canonical":"https:\/\/admin.industriall-union.org\/es\/director-general-de-ibm-renuncia-al-plan-roadmap-2015\/","og_locale":"es_ES","og_type":"article","og_title":"Director General de IBM renuncia al plan \u201cRoadmap 2015\u201d","og_description":"Debido a que IBM centraba su atenci\u00f3n en lograr los objetivos impr\u00e1cticos y fuera de toda realidad del &ldquo;Roadmap&rdquo;, los trabajadores, y tambi\u00e9n","og_url":"https:\/\/admin.industriall-union.org\/es\/director-general-de-ibm-renuncia-al-plan-roadmap-2015\/","og_site_name":"industriall-union","article_modified_time":"2025-02-07T20:14:09+00:00","twitter_card":"summary_large_image","twitter_misc":{"Est. reading time":"2 minutes"},"schema":{"@context":"https:\/\/schema.org","@graph":[{"@type":"WebPage","@id":"https:\/\/admin.industriall-union.org\/es\/director-general-de-ibm-renuncia-al-plan-roadmap-2015\/","url":"https:\/\/admin.industriall-union.org\/es\/director-general-de-ibm-renuncia-al-plan-roadmap-2015\/","name":"Director General de IBM renuncia al plan \u201cRoadmap 2015\u201d - industriall-union","isPartOf":{"@id":"https:\/\/admin.industriall-union.org\/#website"},"datePublished":"2014-10-23T15:57:05+00:00","dateModified":"2025-02-07T20:14:09+00:00","description":"Debido a que IBM centraba su atenci\u00f3n en lograr los objetivos impr\u00e1cticos y fuera de toda realidad del &ldquo;Roadmap&rdquo;, los trabajadores, y tambi\u00e9n","breadcrumb":{"@id":"https:\/\/admin.industriall-union.org\/es\/director-general-de-ibm-renuncia-al-plan-roadmap-2015\/#breadcrumb"},"inLanguage":"es-ES","potentialAction":[{"@type":"ReadAction","target":["https:\/\/admin.industriall-union.org\/es\/director-general-de-ibm-renuncia-al-plan-roadmap-2015\/"]}]},{"@type":"BreadcrumbList","@id":"https:\/\/admin.industriall-union.org\/es\/director-general-de-ibm-renuncia-al-plan-roadmap-2015\/#breadcrumb","itemListElement":[{"@type":"ListItem","position":1,"name":"Home","item":"https:\/\/admin.industriall-union.org\/"},{"@type":"ListItem","position":2,"name":"Articles","item":"https:\/\/admin.industriall-union.org\/article\/"},{"@type":"ListItem","position":3,"name":"Director General de IBM renuncia al plan \u201cRoadmap 2015\u201d"}]},{"@type":"WebSite","@id":"https:\/\/admin.industriall-union.org\/#website","url":"https:\/\/admin.industriall-union.org\/","name":"industriall-union","description":"","potentialAction":[{"@type":"SearchAction","target":{"@type":"EntryPoint","urlTemplate":"https:\/\/admin.industriall-union.org\/?s={search_term_string}"},"query-input":{"@type":"PropertyValueSpecification","valueRequired":true,"valueName":"search_term_string"}}],"inLanguage":"es-ES"}]}},"_links":{"self":[{"href":"https:\/\/admin.industriall-union.org\/es\/wp-json\/wp\/v2\/article\/171157","targetHints":{"allow":["GET"]}}],"collection":[{"href":"https:\/\/admin.industriall-union.org\/es\/wp-json\/wp\/v2\/article"}],"about":[{"href":"https:\/\/admin.industriall-union.org\/es\/wp-json\/wp\/v2\/types\/article"}],"wp:attachment":[{"href":"https:\/\/admin.industriall-union.org\/es\/wp-json\/wp\/v2\/media?parent=171157"}],"wp:term":[{"taxonomy":"issues","embeddable":true,"href":"https:\/\/admin.industriall-union.org\/es\/wp-json\/wp\/v2\/issues?post=171157"},{"taxonomy":"companies","embeddable":true,"href":"https:\/\/admin.industriall-union.org\/es\/wp-json\/wp\/v2\/companies?post=171157"},{"taxonomy":"regions","embeddable":true,"href":"https:\/\/admin.industriall-union.org\/es\/wp-json\/wp\/v2\/regions?post=171157"},{"taxonomy":"sectors","embeddable":true,"href":"https:\/\/admin.industriall-union.org\/es\/wp-json\/wp\/v2\/sectors?post=171157"},{"taxonomy":"article_tags","embeddable":true,"href":"https:\/\/admin.industriall-union.org\/es\/wp-json\/wp\/v2\/article_tags?post=171157"}],"curies":[{"name":"wp","href":"https:\/\/api.w.org\/{rel}","templated":true}]}}