{"id":171032,"date":"2014-11-10T12:56:57","date_gmt":"2014-11-10T12:56:57","guid":{"rendered":"https:\/\/admin.industriall-union.org\/sindicalista-colombiano-dario-cardenas-absuelto-y-libre\/"},"modified":"2025-02-07T19:36:58","modified_gmt":"2025-02-07T19:36:58","slug":"sindicalista-colombiano-dario-cardenas-absuelto-y-libre","status":"publish","type":"article","link":"https:\/\/admin.industriall-union.org\/es\/sindicalista-colombiano-dario-cardenas-absuelto-y-libre\/","title":{"rendered":"\u00a1Sindicalista colombiano Dar\u00edo C\u00e1rdenas absuelto y libre!"},"content":{"rendered":"<p>El 2 de noviembre&nbsp; de 2013 fue detenido en Villavicencio, Meta, Colombia, el compa\u00f1ero C\u00e1rdenas, tras un montaje de una orden judicial emitida por el juzgado primero penal que lo acusaba de obstrucci\u00f3n a las v\u00edas p\u00fablicas, da\u00f1os en recursos naturales y da\u00f1o en bien ajeno agravado.<\/p><p>La USO, sindicato colombiano afiliado a IndustriALL declar\u00f3 que &ldquo;de esta manera se detiene la criminalizaci\u00f3n y desprestigio contra los dirigentes sindicales de la Uni\u00f3n Sindical Obrera (USO), a quienes les quieren indilgar delitos por las jornadas de protesta por mejores condiciones labores y de vida contra las multinacionales petroleras, en particular Pacific Rubiales Energy en Puerto Gait\u00e1n (Meta) en el a\u00f1o 2011 y 2012&quot;.<\/p><p>IndustriALL felicita a los compa\u00f1eros de la USO, por la lucha demandada en todo este a\u00f1o, desde que se cometieron estas injusticias, los montajes judiciales que solo pretenden atacar y amedrentar a las organizaciones sindicales, y a quienes solidarizan con ellas.<\/p><p>Cabe recordar que &nbsp;Fernando Lopes, secretario general adjunto de IndustriALL visit\u00f3, en el mes de mayo de este a\u00f1o, a Dar\u00edo C\u00e1rdenas en la C\u00e1rcel de Villavicencio, instancia en la que le demostraron el apoyo y solidaridad.<\/p><p>En su declaraci\u00f3n la USO se\u00f1ala que &ldquo;este fallo nos motiva a seguir trabajando, igualmente a insistir en que cese la persecuci\u00f3n del Estado contra los trabajadores petroleros y contra el movimiento sindical y social en el pa\u00eds. La soberan\u00eda de la justicia colombiana frente a los intereses trasnacionales. El reconocimiento a las libertades sindicales y los derechos de los trabajadores. La derogatoria del &ldquo;Estatuto de seguridad Ciudadana&rdquo; y dem\u00e1s normas arbitrarias que judicializan la movilizaci\u00f3n social y pisotean los derechos, configurando una dictadura civil en el pa\u00eds&rdquo;.<br \/><br \/>IndustriALL ha manifestado en innumerables ocasiones su preocupaci\u00f3n por la persecuci\u00f3n al movimiento sindical que se vive en Colombia. Cabe se\u00f1alar que continuar\u00e1 junto a la USO luchando por la libertad del dirigente de la USO Subdirectiva Centro, Rafael Rodr\u00edguez Moros, quien a\u00fan continua detenido.<\/p>","protected":false},"featured_media":0,"template":"","issues":[],"companies":[],"regions":[264],"sectors":[483],"article_tags":[],"class_list":["post-171032","article","type-article","status-publish","hentry","regions-colombia","sectors-energy-oil-gas-electricity-and-nuclear"],"acf":[],"yoast_head":"<!-- This site is optimized with the Yoast SEO Premium plugin v27.1 (Yoast SEO v27.1) - https:\/\/yoast.com\/product\/yoast-seo-premium-wordpress\/ -->\n<title>\u00a1Sindicalista colombiano Dar\u00edo C\u00e1rdenas absuelto y libre! - industriall-union<\/title>\n<meta name=\"description\" content=\"El 2 de noviembre&nbsp; de 2013 fue detenido en Villavicencio, Meta, Colombia, el compa\u00f1ero C\u00e1rdenas, tras un montaje de una orden judicial emitida por el\" \/>\n<meta name=\"robots\" content=\"index, follow, max-snippet:-1, max-image-preview:large, max-video-preview:-1\" \/>\n<link rel=\"canonical\" href=\"https:\/\/admin.industriall-union.org\/es\/sindicalista-colombiano-dario-cardenas-absuelto-y-libre\/\" \/>\n<meta property=\"og:locale\" content=\"es_ES\" \/>\n<meta property=\"og:type\" content=\"article\" \/>\n<meta property=\"og:title\" content=\"\u00a1Sindicalista colombiano Dar\u00edo C\u00e1rdenas absuelto y libre!\" \/>\n<meta property=\"og:description\" content=\"El 2 de noviembre&nbsp; de 2013 fue detenido en Villavicencio, Meta, Colombia, el compa\u00f1ero C\u00e1rdenas, tras un montaje de una orden judicial emitida por el\" \/>\n<meta property=\"og:url\" content=\"https:\/\/admin.industriall-union.org\/es\/sindicalista-colombiano-dario-cardenas-absuelto-y-libre\/\" \/>\n<meta property=\"og:site_name\" content=\"industriall-union\" \/>\n<meta property=\"article:modified_time\" content=\"2025-02-07T19:36:58+00:00\" \/>\n<meta name=\"twitter:card\" content=\"summary_large_image\" \/>\n<meta name=\"twitter:label1\" content=\"Est. reading time\" \/>\n\t<meta name=\"twitter:data1\" content=\"2 minutes\" \/>\n<script type=\"application\/ld+json\" class=\"yoast-schema-graph\">{\"@context\":\"https:\/\/schema.org\",\"@graph\":[{\"@type\":\"WebPage\",\"@id\":\"https:\/\/admin.industriall-union.org\/es\/sindicalista-colombiano-dario-cardenas-absuelto-y-libre\/\",\"url\":\"https:\/\/admin.industriall-union.org\/es\/sindicalista-colombiano-dario-cardenas-absuelto-y-libre\/\",\"name\":\"\u00a1Sindicalista colombiano Dar\u00edo C\u00e1rdenas absuelto y libre! - industriall-union\",\"isPartOf\":{\"@id\":\"https:\/\/admin.industriall-union.org\/#website\"},\"datePublished\":\"2014-11-10T12:56:57+00:00\",\"dateModified\":\"2025-02-07T19:36:58+00:00\",\"description\":\"El 2 de noviembre&nbsp; de 2013 fue detenido en Villavicencio, Meta, Colombia, el compa\u00f1ero C\u00e1rdenas, tras un montaje de una orden judicial emitida por el\",\"breadcrumb\":{\"@id\":\"https:\/\/admin.industriall-union.org\/es\/sindicalista-colombiano-dario-cardenas-absuelto-y-libre\/#breadcrumb\"},\"inLanguage\":\"es-ES\",\"potentialAction\":[{\"@type\":\"ReadAction\",\"target\":[\"https:\/\/admin.industriall-union.org\/es\/sindicalista-colombiano-dario-cardenas-absuelto-y-libre\/\"]}]},{\"@type\":\"BreadcrumbList\",\"@id\":\"https:\/\/admin.industriall-union.org\/es\/sindicalista-colombiano-dario-cardenas-absuelto-y-libre\/#breadcrumb\",\"itemListElement\":[{\"@type\":\"ListItem\",\"position\":1,\"name\":\"Home\",\"item\":\"https:\/\/admin.industriall-union.org\/\"},{\"@type\":\"ListItem\",\"position\":2,\"name\":\"Articles\",\"item\":\"https:\/\/admin.industriall-union.org\/article\/\"},{\"@type\":\"ListItem\",\"position\":3,\"name\":\"\u00a1Sindicalista colombiano Dar\u00edo C\u00e1rdenas absuelto y libre!\"}]},{\"@type\":\"WebSite\",\"@id\":\"https:\/\/admin.industriall-union.org\/#website\",\"url\":\"https:\/\/admin.industriall-union.org\/\",\"name\":\"industriall-union\",\"description\":\"\",\"potentialAction\":[{\"@type\":\"SearchAction\",\"target\":{\"@type\":\"EntryPoint\",\"urlTemplate\":\"https:\/\/admin.industriall-union.org\/?s={search_term_string}\"},\"query-input\":{\"@type\":\"PropertyValueSpecification\",\"valueRequired\":true,\"valueName\":\"search_term_string\"}}],\"inLanguage\":\"es-ES\"}]}<\/script>\n<!-- \/ Yoast SEO Premium plugin. -->","yoast_head_json":{"title":"\u00a1Sindicalista colombiano Dar\u00edo C\u00e1rdenas absuelto y libre! - industriall-union","description":"El 2 de noviembre&nbsp; de 2013 fue detenido en Villavicencio, Meta, Colombia, el compa\u00f1ero C\u00e1rdenas, tras un montaje de una orden judicial emitida por el","robots":{"index":"index","follow":"follow","max-snippet":"max-snippet:-1","max-image-preview":"max-image-preview:large","max-video-preview":"max-video-preview:-1"},"canonical":"https:\/\/admin.industriall-union.org\/es\/sindicalista-colombiano-dario-cardenas-absuelto-y-libre\/","og_locale":"es_ES","og_type":"article","og_title":"\u00a1Sindicalista colombiano Dar\u00edo C\u00e1rdenas absuelto y libre!","og_description":"El 2 de noviembre&nbsp; de 2013 fue detenido en Villavicencio, Meta, Colombia, el compa\u00f1ero C\u00e1rdenas, tras un montaje de una orden judicial emitida por el","og_url":"https:\/\/admin.industriall-union.org\/es\/sindicalista-colombiano-dario-cardenas-absuelto-y-libre\/","og_site_name":"industriall-union","article_modified_time":"2025-02-07T19:36:58+00:00","twitter_card":"summary_large_image","twitter_misc":{"Est. reading time":"2 minutes"},"schema":{"@context":"https:\/\/schema.org","@graph":[{"@type":"WebPage","@id":"https:\/\/admin.industriall-union.org\/es\/sindicalista-colombiano-dario-cardenas-absuelto-y-libre\/","url":"https:\/\/admin.industriall-union.org\/es\/sindicalista-colombiano-dario-cardenas-absuelto-y-libre\/","name":"\u00a1Sindicalista colombiano Dar\u00edo C\u00e1rdenas absuelto y libre! - industriall-union","isPartOf":{"@id":"https:\/\/admin.industriall-union.org\/#website"},"datePublished":"2014-11-10T12:56:57+00:00","dateModified":"2025-02-07T19:36:58+00:00","description":"El 2 de noviembre&nbsp; de 2013 fue detenido en Villavicencio, Meta, Colombia, el compa\u00f1ero C\u00e1rdenas, tras un montaje de una orden judicial emitida por el","breadcrumb":{"@id":"https:\/\/admin.industriall-union.org\/es\/sindicalista-colombiano-dario-cardenas-absuelto-y-libre\/#breadcrumb"},"inLanguage":"es-ES","potentialAction":[{"@type":"ReadAction","target":["https:\/\/admin.industriall-union.org\/es\/sindicalista-colombiano-dario-cardenas-absuelto-y-libre\/"]}]},{"@type":"BreadcrumbList","@id":"https:\/\/admin.industriall-union.org\/es\/sindicalista-colombiano-dario-cardenas-absuelto-y-libre\/#breadcrumb","itemListElement":[{"@type":"ListItem","position":1,"name":"Home","item":"https:\/\/admin.industriall-union.org\/"},{"@type":"ListItem","position":2,"name":"Articles","item":"https:\/\/admin.industriall-union.org\/article\/"},{"@type":"ListItem","position":3,"name":"\u00a1Sindicalista colombiano Dar\u00edo C\u00e1rdenas absuelto y libre!"}]},{"@type":"WebSite","@id":"https:\/\/admin.industriall-union.org\/#website","url":"https:\/\/admin.industriall-union.org\/","name":"industriall-union","description":"","potentialAction":[{"@type":"SearchAction","target":{"@type":"EntryPoint","urlTemplate":"https:\/\/admin.industriall-union.org\/?s={search_term_string}"},"query-input":{"@type":"PropertyValueSpecification","valueRequired":true,"valueName":"search_term_string"}}],"inLanguage":"es-ES"}]}},"_links":{"self":[{"href":"https:\/\/admin.industriall-union.org\/es\/wp-json\/wp\/v2\/article\/171032","targetHints":{"allow":["GET"]}}],"collection":[{"href":"https:\/\/admin.industriall-union.org\/es\/wp-json\/wp\/v2\/article"}],"about":[{"href":"https:\/\/admin.industriall-union.org\/es\/wp-json\/wp\/v2\/types\/article"}],"wp:attachment":[{"href":"https:\/\/admin.industriall-union.org\/es\/wp-json\/wp\/v2\/media?parent=171032"}],"wp:term":[{"taxonomy":"issues","embeddable":true,"href":"https:\/\/admin.industriall-union.org\/es\/wp-json\/wp\/v2\/issues?post=171032"},{"taxonomy":"companies","embeddable":true,"href":"https:\/\/admin.industriall-union.org\/es\/wp-json\/wp\/v2\/companies?post=171032"},{"taxonomy":"regions","embeddable":true,"href":"https:\/\/admin.industriall-union.org\/es\/wp-json\/wp\/v2\/regions?post=171032"},{"taxonomy":"sectors","embeddable":true,"href":"https:\/\/admin.industriall-union.org\/es\/wp-json\/wp\/v2\/sectors?post=171032"},{"taxonomy":"article_tags","embeddable":true,"href":"https:\/\/admin.industriall-union.org\/es\/wp-json\/wp\/v2\/article_tags?post=171032"}],"curies":[{"name":"wp","href":"https:\/\/api.w.org\/{rel}","templated":true}]}}