{"id":170988,"date":"2014-11-12T23:00:22","date_gmt":"2014-11-12T23:00:22","guid":{"rendered":"https:\/\/admin.industriall-union.org\/en-brasil-mayor-compromiso-de-los-jovenes-de-industriall-con-el-tema-de-juventud-y-genero\/"},"modified":"2025-02-07T19:32:29","modified_gmt":"2025-02-07T19:32:29","slug":"en-brasil-mayor-compromiso-de-los-jovenes-de-industriall-con-el-tema-de-juventud-y-genero","status":"publish","type":"article","link":"https:\/\/admin.industriall-union.org\/es\/en-brasil-mayor-compromiso-de-los-jovenes-de-industriall-con-el-tema-de-juventud-y-genero\/","title":{"rendered":"En Brasil mayor compromiso de los j\u00f3venes de IndustriALL con el tema de juventud y g\u00e9nero"},"content":{"rendered":"<p>Los d\u00edas 4 y 5 de noviembre el encuentro -realizado en &nbsp;la Colonia de &ldquo;Vacaciones&rdquo; &nbsp;del Sindicato de las Costureras de S\u00e3o Paulo-, &nbsp;se inici\u00f3 con la intervenci\u00f3n de Francisca Trajano CNTV\/CUT, Edson Bicalho de FEQUINFAR\/FS &nbsp;Brasil&nbsp; y&nbsp; de Eunice Cabral de &nbsp;CONACOVEST\/FS, quien tambi\u00e9n es parte del comit\u00e9 ejecutivo de IndustriALL para Am\u00e9rica Latina y caribe.&nbsp;<\/p><p>Dichas intervenciones&nbsp;&nbsp; resaltaron el compromiso de sus organizaciones y de IndustriALL con el tema de g\u00e9nero y juventud en la regi\u00f3n &nbsp;y se comprometieron a cumplir las resoluciones de la Conferencia Regional de IndustriALL en estas tem\u00e1ticas. Asimismo se destacaron los desaf\u00edos para la clase trabajadora en los pr\u00f3ximos a\u00f1os en Brasil &nbsp;despu\u00e9s de las elecciones &nbsp;generales&nbsp; realizadas en octubre, puesto que -seg\u00fan Edson Bicalho- el congreso de diputados &nbsp;electo estar\u00e1 compuesto con menos dirigentes sindicales, con m\u00e1s empresarios y&nbsp; granjeros.<\/p><p>La actividad tambi\u00e9n se enfoc\u00f3 en los objetivos del proyecto y se debati\u00f3 sobre qu\u00e9 es una pol\u00edtica, c\u00f3mo se constituye y quien puede desarrollarla, adem\u00e1s del rol de los sindicatos en la construcci\u00f3n de pol\u00edticas para la juventud y mujeres, &nbsp;y c\u00f3mo \u00e9sta act\u00faa en los sindicatos.<\/p><p>Los j\u00f3venes &nbsp;presentaron &nbsp;e intercambiaron sus modelos de estructuras y espacios, as\u00ed como los desaf\u00edos para mejorar las pol\u00edticas en estos temas dentro de sus organizaciones nacionales,&nbsp; &nbsp;en las confederaciones de trabajadores de la industria en Brasil afiliadas de las centrales sindicales CUT y la For\u00e7a Sindical, y dentro de IndustriALL.<\/p><p>Por \u00faltimo, &nbsp;analizaron sus planes de&nbsp; acciones, el PAS, Plan de acci\u00f3n sindical de los j\u00f3venes asistentes para con sus bases. El debate contribuy\u00f3 a que los j\u00f3venes consoliden &nbsp;e intercambien las formas y diferentes estrategias de trabajo con la juventud.&nbsp;&nbsp;<\/p><p>Si bien en Brasil hay entre las afiliadas de IndustriALL un avance en t\u00e9rminos de estructura sindical y espacios para j\u00f3venes y mujeres en comparaci\u00f3n a los otros pa\u00edses que est\u00e1n en este proyecto, como lo son los j\u00f3venes sindicalistas&nbsp; de M\u00e9xico, Nicaragua, Colombia y Uruguay, en el seminario se consider\u00f3 importante fortalecer las actuales pol\u00edticas, las estructuras, y las acciones, por ejemplo trabajando en programas de educaci\u00f3n, en comunicaciones,&nbsp; pol\u00edticas sindicales, etc.<\/p><p>Estos&nbsp; planes de acciones son la contrapartida de los j\u00f3venes para con los compromisos y los objetivos del proyecto la estrategia de IndustriALL en fortalecer los sindicatos nacionales con m\u00e1s j\u00f3venes, mujeres para combatir el trabajo precario en estos dos actores que son los m\u00e1s vulnerable y que m\u00e1s sufren con la precarizaci\u00f3n del trabajo.<\/p>","protected":false},"featured_media":0,"template":"","issues":[401],"companies":[],"regions":[261],"sectors":[],"article_tags":[511,536],"class_list":["post-170988","article","type-article","status-publish","hentry","issues-projects","regions-brazil","article_tags-industriall","article_tags-youth"],"acf":[],"yoast_head":"<!-- This site is optimized with the Yoast SEO Premium plugin v27.1 (Yoast SEO v27.1) - https:\/\/yoast.com\/product\/yoast-seo-premium-wordpress\/ -->\n<title>En Brasil mayor compromiso de los j\u00f3venes de IndustriALL con el tema de juventud y g\u00e9nero - industriall-union<\/title>\n<meta name=\"description\" content=\"Los d\u00edas 4 y 5 de noviembre el encuentro -realizado en &nbsp;la Colonia de &ldquo;Vacaciones&rdquo; &nbsp;del Sindicato de las Costureras de S\u00e3o\" \/>\n<meta name=\"robots\" content=\"index, follow, max-snippet:-1, max-image-preview:large, max-video-preview:-1\" \/>\n<link rel=\"canonical\" href=\"https:\/\/admin.industriall-union.org\/es\/en-brasil-mayor-compromiso-de-los-jovenes-de-industriall-con-el-tema-de-juventud-y-genero\/\" \/>\n<meta property=\"og:locale\" content=\"es_ES\" \/>\n<meta property=\"og:type\" content=\"article\" \/>\n<meta property=\"og:title\" content=\"En Brasil mayor compromiso de los j\u00f3venes de IndustriALL con el tema de juventud y g\u00e9nero\" \/>\n<meta property=\"og:description\" content=\"Los d\u00edas 4 y 5 de noviembre el encuentro -realizado en &nbsp;la Colonia de &ldquo;Vacaciones&rdquo; &nbsp;del Sindicato de las Costureras de S\u00e3o\" \/>\n<meta property=\"og:url\" content=\"https:\/\/admin.industriall-union.org\/es\/en-brasil-mayor-compromiso-de-los-jovenes-de-industriall-con-el-tema-de-juventud-y-genero\/\" \/>\n<meta property=\"og:site_name\" content=\"industriall-union\" \/>\n<meta property=\"article:modified_time\" content=\"2025-02-07T19:32:29+00:00\" \/>\n<meta name=\"twitter:card\" content=\"summary_large_image\" \/>\n<meta name=\"twitter:label1\" content=\"Est. reading time\" \/>\n\t<meta name=\"twitter:data1\" content=\"2 minutes\" \/>\n<script type=\"application\/ld+json\" class=\"yoast-schema-graph\">{\"@context\":\"https:\/\/schema.org\",\"@graph\":[{\"@type\":\"WebPage\",\"@id\":\"https:\/\/admin.industriall-union.org\/es\/en-brasil-mayor-compromiso-de-los-jovenes-de-industriall-con-el-tema-de-juventud-y-genero\/\",\"url\":\"https:\/\/admin.industriall-union.org\/es\/en-brasil-mayor-compromiso-de-los-jovenes-de-industriall-con-el-tema-de-juventud-y-genero\/\",\"name\":\"En Brasil mayor compromiso de los j\u00f3venes de IndustriALL con el tema de juventud y g\u00e9nero - industriall-union\",\"isPartOf\":{\"@id\":\"https:\/\/admin.industriall-union.org\/#website\"},\"datePublished\":\"2014-11-12T23:00:22+00:00\",\"dateModified\":\"2025-02-07T19:32:29+00:00\",\"description\":\"Los d\u00edas 4 y 5 de noviembre el encuentro -realizado en &nbsp;la Colonia de &ldquo;Vacaciones&rdquo; &nbsp;del Sindicato de las Costureras de S\u00e3o\",\"breadcrumb\":{\"@id\":\"https:\/\/admin.industriall-union.org\/es\/en-brasil-mayor-compromiso-de-los-jovenes-de-industriall-con-el-tema-de-juventud-y-genero\/#breadcrumb\"},\"inLanguage\":\"es-ES\",\"potentialAction\":[{\"@type\":\"ReadAction\",\"target\":[\"https:\/\/admin.industriall-union.org\/es\/en-brasil-mayor-compromiso-de-los-jovenes-de-industriall-con-el-tema-de-juventud-y-genero\/\"]}]},{\"@type\":\"BreadcrumbList\",\"@id\":\"https:\/\/admin.industriall-union.org\/es\/en-brasil-mayor-compromiso-de-los-jovenes-de-industriall-con-el-tema-de-juventud-y-genero\/#breadcrumb\",\"itemListElement\":[{\"@type\":\"ListItem\",\"position\":1,\"name\":\"Home\",\"item\":\"https:\/\/admin.industriall-union.org\/\"},{\"@type\":\"ListItem\",\"position\":2,\"name\":\"Articles\",\"item\":\"https:\/\/admin.industriall-union.org\/article\/\"},{\"@type\":\"ListItem\",\"position\":3,\"name\":\"En Brasil mayor compromiso de los j\u00f3venes de IndustriALL con el tema de juventud y g\u00e9nero\"}]},{\"@type\":\"WebSite\",\"@id\":\"https:\/\/admin.industriall-union.org\/#website\",\"url\":\"https:\/\/admin.industriall-union.org\/\",\"name\":\"industriall-union\",\"description\":\"\",\"potentialAction\":[{\"@type\":\"SearchAction\",\"target\":{\"@type\":\"EntryPoint\",\"urlTemplate\":\"https:\/\/admin.industriall-union.org\/?s={search_term_string}\"},\"query-input\":{\"@type\":\"PropertyValueSpecification\",\"valueRequired\":true,\"valueName\":\"search_term_string\"}}],\"inLanguage\":\"es-ES\"}]}<\/script>\n<!-- \/ Yoast SEO Premium plugin. -->","yoast_head_json":{"title":"En Brasil mayor compromiso de los j\u00f3venes de IndustriALL con el tema de juventud y g\u00e9nero - industriall-union","description":"Los d\u00edas 4 y 5 de noviembre el encuentro -realizado en &nbsp;la Colonia de &ldquo;Vacaciones&rdquo; &nbsp;del Sindicato de las Costureras de S\u00e3o","robots":{"index":"index","follow":"follow","max-snippet":"max-snippet:-1","max-image-preview":"max-image-preview:large","max-video-preview":"max-video-preview:-1"},"canonical":"https:\/\/admin.industriall-union.org\/es\/en-brasil-mayor-compromiso-de-los-jovenes-de-industriall-con-el-tema-de-juventud-y-genero\/","og_locale":"es_ES","og_type":"article","og_title":"En Brasil mayor compromiso de los j\u00f3venes de IndustriALL con el tema de juventud y g\u00e9nero","og_description":"Los d\u00edas 4 y 5 de noviembre el encuentro -realizado en &nbsp;la Colonia de &ldquo;Vacaciones&rdquo; &nbsp;del Sindicato de las Costureras de S\u00e3o","og_url":"https:\/\/admin.industriall-union.org\/es\/en-brasil-mayor-compromiso-de-los-jovenes-de-industriall-con-el-tema-de-juventud-y-genero\/","og_site_name":"industriall-union","article_modified_time":"2025-02-07T19:32:29+00:00","twitter_card":"summary_large_image","twitter_misc":{"Est. reading time":"2 minutes"},"schema":{"@context":"https:\/\/schema.org","@graph":[{"@type":"WebPage","@id":"https:\/\/admin.industriall-union.org\/es\/en-brasil-mayor-compromiso-de-los-jovenes-de-industriall-con-el-tema-de-juventud-y-genero\/","url":"https:\/\/admin.industriall-union.org\/es\/en-brasil-mayor-compromiso-de-los-jovenes-de-industriall-con-el-tema-de-juventud-y-genero\/","name":"En Brasil mayor compromiso de los j\u00f3venes de IndustriALL con el tema de juventud y g\u00e9nero - industriall-union","isPartOf":{"@id":"https:\/\/admin.industriall-union.org\/#website"},"datePublished":"2014-11-12T23:00:22+00:00","dateModified":"2025-02-07T19:32:29+00:00","description":"Los d\u00edas 4 y 5 de noviembre el encuentro -realizado en &nbsp;la Colonia de &ldquo;Vacaciones&rdquo; &nbsp;del Sindicato de las Costureras de S\u00e3o","breadcrumb":{"@id":"https:\/\/admin.industriall-union.org\/es\/en-brasil-mayor-compromiso-de-los-jovenes-de-industriall-con-el-tema-de-juventud-y-genero\/#breadcrumb"},"inLanguage":"es-ES","potentialAction":[{"@type":"ReadAction","target":["https:\/\/admin.industriall-union.org\/es\/en-brasil-mayor-compromiso-de-los-jovenes-de-industriall-con-el-tema-de-juventud-y-genero\/"]}]},{"@type":"BreadcrumbList","@id":"https:\/\/admin.industriall-union.org\/es\/en-brasil-mayor-compromiso-de-los-jovenes-de-industriall-con-el-tema-de-juventud-y-genero\/#breadcrumb","itemListElement":[{"@type":"ListItem","position":1,"name":"Home","item":"https:\/\/admin.industriall-union.org\/"},{"@type":"ListItem","position":2,"name":"Articles","item":"https:\/\/admin.industriall-union.org\/article\/"},{"@type":"ListItem","position":3,"name":"En Brasil mayor compromiso de los j\u00f3venes de IndustriALL con el tema de juventud y g\u00e9nero"}]},{"@type":"WebSite","@id":"https:\/\/admin.industriall-union.org\/#website","url":"https:\/\/admin.industriall-union.org\/","name":"industriall-union","description":"","potentialAction":[{"@type":"SearchAction","target":{"@type":"EntryPoint","urlTemplate":"https:\/\/admin.industriall-union.org\/?s={search_term_string}"},"query-input":{"@type":"PropertyValueSpecification","valueRequired":true,"valueName":"search_term_string"}}],"inLanguage":"es-ES"}]}},"_links":{"self":[{"href":"https:\/\/admin.industriall-union.org\/es\/wp-json\/wp\/v2\/article\/170988","targetHints":{"allow":["GET"]}}],"collection":[{"href":"https:\/\/admin.industriall-union.org\/es\/wp-json\/wp\/v2\/article"}],"about":[{"href":"https:\/\/admin.industriall-union.org\/es\/wp-json\/wp\/v2\/types\/article"}],"wp:attachment":[{"href":"https:\/\/admin.industriall-union.org\/es\/wp-json\/wp\/v2\/media?parent=170988"}],"wp:term":[{"taxonomy":"issues","embeddable":true,"href":"https:\/\/admin.industriall-union.org\/es\/wp-json\/wp\/v2\/issues?post=170988"},{"taxonomy":"companies","embeddable":true,"href":"https:\/\/admin.industriall-union.org\/es\/wp-json\/wp\/v2\/companies?post=170988"},{"taxonomy":"regions","embeddable":true,"href":"https:\/\/admin.industriall-union.org\/es\/wp-json\/wp\/v2\/regions?post=170988"},{"taxonomy":"sectors","embeddable":true,"href":"https:\/\/admin.industriall-union.org\/es\/wp-json\/wp\/v2\/sectors?post=170988"},{"taxonomy":"article_tags","embeddable":true,"href":"https:\/\/admin.industriall-union.org\/es\/wp-json\/wp\/v2\/article_tags?post=170988"}],"curies":[{"name":"wp","href":"https:\/\/api.w.org\/{rel}","templated":true}]}}