{"id":170956,"date":"2014-11-24T12:42:16","date_gmt":"2014-11-24T12:42:16","guid":{"rendered":"https:\/\/admin.industriall-union.org\/nuevas-amenazas-a-dirigentes-colombianos-de-sintracarbon\/"},"modified":"2025-02-07T19:25:17","modified_gmt":"2025-02-07T19:25:17","slug":"nuevas-amenazas-a-dirigentes-colombianos-de-sintracarbon","status":"publish","type":"article","link":"https:\/\/admin.industriall-union.org\/es\/nuevas-amenazas-a-dirigentes-colombianos-de-sintracarbon\/","title":{"rendered":"Nuevas  amenazas a dirigentes colombianos de Sintracarb\u00f3n"},"content":{"rendered":"<p>Una supuesta organizaci\u00f3n criminal que se autodenomina como Comando Urbano Conjunto de Los Rastrojos y las \u00c1guilas Negras (Urabe\u00f1os), sentenci\u00f3 a muerte a los directivos de los sindicatos Sintracarb\u00f3n, Sintrabienestar y Sindesena &nbsp;de la Guajira, porque, seg\u00fan ellos, son guerrilleros.&nbsp;&nbsp;<\/p><p>Sintracarb\u00f3n,&nbsp; denunci\u00f3 p\u00fablicamente esta informaci\u00f3n &ldquo;para que las autoridades competentes del Estado tomen las acciones pertinentes a fin de garantizar la vida y dem\u00e1s derechos inalienables de nuestros directivos amenazados. A la Fiscal\u00eda General de la Naci\u00f3n, para que se investigue quienes son los autores de las amenazas y sean acusados ante los Jueces de la Rep\u00fablica&rdquo;. Al mismo tiempo hacen un llamado a los administradores de la empresa Cerrej\u00f3n y dem\u00e1s empleadores de su entorno, a disponer las medidas necesarias para la protecci\u00f3n de sus vidas y las garant\u00edas necesarias para el desarrollo de sus actividades sindicales y c\u00edvicas.&nbsp;<\/p><p>Sintracarb\u00f3n&nbsp; deja en claro que su sindicato solo pretende mejores condiciones de vida para sus afiliados, familias y comunidad afectada por la miner\u00eda. &ldquo;Nuestras acciones est\u00e1n siempre enmarcadas en lo que prev\u00e9 la ley, en ejercicio de los derechos a la protesta pac\u00edfica, la sindicalizaci\u00f3n y la negociaci\u00f3n colectiva, consagrados en la Constituci\u00f3n Pol\u00edtica de Colombia&rdquo;.<\/p><p>Reitera que sus l\u00edderes no tienen cuestionamientos de tipo legal: su rol se limita a trabajar para la multinacional Carbones del Cerrej\u00f3n o sus contratistas y a ejercer la tarea sindical. &ldquo;Seguramente nuestro comportamiento, dentro y fuera de la empresa, ha sido suficientemente examinada por los organismos de inteligencia. No hemos tenido ni tendremos relaci\u00f3n alguna con grupos al margen de la ley&rdquo;.<\/p><p>La Uni\u00f3n Sindical Obrera y Sintraelercol, tambi\u00e9n afiliadas a IndustriALL y parte del proyecto de unificaci\u00f3n para creaci\u00f3n de un \u00fanico sindicato minero energ\u00e9tico en Colombia, &nbsp;demuestran su solidaridad exigiendo una respuesta inmediata del gobierno para desmantelar los grupos paramilitares, depurar la fuerza p\u00fablica y garantizar la seguridad de los dirigentes obreros. IndustriALL tambi\u00e9n se adhiere a esta demanda,&nbsp; y una vez m\u00e1s dice No a la persecuci\u00f3n sindical.<\/p>","protected":false},"featured_media":0,"template":"","issues":[420],"companies":[],"regions":[264],"sectors":[],"article_tags":[511],"class_list":["post-170956","article","type-article","status-publish","hentry","issues-solidarity","regions-colombia","article_tags-industriall"],"acf":[],"yoast_head":"<!-- This site is optimized with the Yoast SEO Premium plugin v27.1 (Yoast SEO v27.1) - https:\/\/yoast.com\/product\/yoast-seo-premium-wordpress\/ -->\n<title>Nuevas amenazas a dirigentes colombianos de Sintracarb\u00f3n - industriall-union<\/title>\n<meta name=\"description\" content=\"Una supuesta organizaci\u00f3n criminal que se autodenomina como Comando Urbano Conjunto de Los Rastrojos y las \u00c1guilas Negras (Urabe\u00f1os), sentenci\u00f3 a muerte a\" \/>\n<meta name=\"robots\" content=\"index, follow, max-snippet:-1, max-image-preview:large, max-video-preview:-1\" \/>\n<link rel=\"canonical\" href=\"https:\/\/admin.industriall-union.org\/es\/nuevas-amenazas-a-dirigentes-colombianos-de-sintracarbon\/\" \/>\n<meta property=\"og:locale\" content=\"es_ES\" \/>\n<meta property=\"og:type\" content=\"article\" \/>\n<meta property=\"og:title\" content=\"Nuevas amenazas a dirigentes colombianos de Sintracarb\u00f3n\" \/>\n<meta property=\"og:description\" content=\"Una supuesta organizaci\u00f3n criminal que se autodenomina como Comando Urbano Conjunto de Los Rastrojos y las \u00c1guilas Negras (Urabe\u00f1os), sentenci\u00f3 a muerte a\" \/>\n<meta property=\"og:url\" content=\"https:\/\/admin.industriall-union.org\/es\/nuevas-amenazas-a-dirigentes-colombianos-de-sintracarbon\/\" \/>\n<meta property=\"og:site_name\" content=\"industriall-union\" \/>\n<meta property=\"article:modified_time\" content=\"2025-02-07T19:25:17+00:00\" \/>\n<meta name=\"twitter:card\" content=\"summary_large_image\" \/>\n<meta name=\"twitter:label1\" content=\"Est. reading time\" \/>\n\t<meta name=\"twitter:data1\" content=\"2 minutes\" \/>\n<script type=\"application\/ld+json\" class=\"yoast-schema-graph\">{\"@context\":\"https:\/\/schema.org\",\"@graph\":[{\"@type\":\"WebPage\",\"@id\":\"https:\/\/admin.industriall-union.org\/es\/nuevas-amenazas-a-dirigentes-colombianos-de-sintracarbon\/\",\"url\":\"https:\/\/admin.industriall-union.org\/es\/nuevas-amenazas-a-dirigentes-colombianos-de-sintracarbon\/\",\"name\":\"Nuevas amenazas a dirigentes colombianos de Sintracarb\u00f3n - industriall-union\",\"isPartOf\":{\"@id\":\"https:\/\/admin.industriall-union.org\/#website\"},\"datePublished\":\"2014-11-24T12:42:16+00:00\",\"dateModified\":\"2025-02-07T19:25:17+00:00\",\"description\":\"Una supuesta organizaci\u00f3n criminal que se autodenomina como Comando Urbano Conjunto de Los Rastrojos y las \u00c1guilas Negras (Urabe\u00f1os), sentenci\u00f3 a muerte a\",\"breadcrumb\":{\"@id\":\"https:\/\/admin.industriall-union.org\/es\/nuevas-amenazas-a-dirigentes-colombianos-de-sintracarbon\/#breadcrumb\"},\"inLanguage\":\"es-ES\",\"potentialAction\":[{\"@type\":\"ReadAction\",\"target\":[\"https:\/\/admin.industriall-union.org\/es\/nuevas-amenazas-a-dirigentes-colombianos-de-sintracarbon\/\"]}]},{\"@type\":\"BreadcrumbList\",\"@id\":\"https:\/\/admin.industriall-union.org\/es\/nuevas-amenazas-a-dirigentes-colombianos-de-sintracarbon\/#breadcrumb\",\"itemListElement\":[{\"@type\":\"ListItem\",\"position\":1,\"name\":\"Home\",\"item\":\"https:\/\/admin.industriall-union.org\/\"},{\"@type\":\"ListItem\",\"position\":2,\"name\":\"Articles\",\"item\":\"https:\/\/admin.industriall-union.org\/article\/\"},{\"@type\":\"ListItem\",\"position\":3,\"name\":\"Nuevas amenazas a dirigentes colombianos de Sintracarb\u00f3n\"}]},{\"@type\":\"WebSite\",\"@id\":\"https:\/\/admin.industriall-union.org\/#website\",\"url\":\"https:\/\/admin.industriall-union.org\/\",\"name\":\"industriall-union\",\"description\":\"\",\"potentialAction\":[{\"@type\":\"SearchAction\",\"target\":{\"@type\":\"EntryPoint\",\"urlTemplate\":\"https:\/\/admin.industriall-union.org\/?s={search_term_string}\"},\"query-input\":{\"@type\":\"PropertyValueSpecification\",\"valueRequired\":true,\"valueName\":\"search_term_string\"}}],\"inLanguage\":\"es-ES\"}]}<\/script>\n<!-- \/ Yoast SEO Premium plugin. -->","yoast_head_json":{"title":"Nuevas amenazas a dirigentes colombianos de Sintracarb\u00f3n - industriall-union","description":"Una supuesta organizaci\u00f3n criminal que se autodenomina como Comando Urbano Conjunto de Los Rastrojos y las \u00c1guilas Negras (Urabe\u00f1os), sentenci\u00f3 a muerte a","robots":{"index":"index","follow":"follow","max-snippet":"max-snippet:-1","max-image-preview":"max-image-preview:large","max-video-preview":"max-video-preview:-1"},"canonical":"https:\/\/admin.industriall-union.org\/es\/nuevas-amenazas-a-dirigentes-colombianos-de-sintracarbon\/","og_locale":"es_ES","og_type":"article","og_title":"Nuevas amenazas a dirigentes colombianos de Sintracarb\u00f3n","og_description":"Una supuesta organizaci\u00f3n criminal que se autodenomina como Comando Urbano Conjunto de Los Rastrojos y las \u00c1guilas Negras (Urabe\u00f1os), sentenci\u00f3 a muerte a","og_url":"https:\/\/admin.industriall-union.org\/es\/nuevas-amenazas-a-dirigentes-colombianos-de-sintracarbon\/","og_site_name":"industriall-union","article_modified_time":"2025-02-07T19:25:17+00:00","twitter_card":"summary_large_image","twitter_misc":{"Est. reading time":"2 minutes"},"schema":{"@context":"https:\/\/schema.org","@graph":[{"@type":"WebPage","@id":"https:\/\/admin.industriall-union.org\/es\/nuevas-amenazas-a-dirigentes-colombianos-de-sintracarbon\/","url":"https:\/\/admin.industriall-union.org\/es\/nuevas-amenazas-a-dirigentes-colombianos-de-sintracarbon\/","name":"Nuevas amenazas a dirigentes colombianos de Sintracarb\u00f3n - industriall-union","isPartOf":{"@id":"https:\/\/admin.industriall-union.org\/#website"},"datePublished":"2014-11-24T12:42:16+00:00","dateModified":"2025-02-07T19:25:17+00:00","description":"Una supuesta organizaci\u00f3n criminal que se autodenomina como Comando Urbano Conjunto de Los Rastrojos y las \u00c1guilas Negras (Urabe\u00f1os), sentenci\u00f3 a muerte a","breadcrumb":{"@id":"https:\/\/admin.industriall-union.org\/es\/nuevas-amenazas-a-dirigentes-colombianos-de-sintracarbon\/#breadcrumb"},"inLanguage":"es-ES","potentialAction":[{"@type":"ReadAction","target":["https:\/\/admin.industriall-union.org\/es\/nuevas-amenazas-a-dirigentes-colombianos-de-sintracarbon\/"]}]},{"@type":"BreadcrumbList","@id":"https:\/\/admin.industriall-union.org\/es\/nuevas-amenazas-a-dirigentes-colombianos-de-sintracarbon\/#breadcrumb","itemListElement":[{"@type":"ListItem","position":1,"name":"Home","item":"https:\/\/admin.industriall-union.org\/"},{"@type":"ListItem","position":2,"name":"Articles","item":"https:\/\/admin.industriall-union.org\/article\/"},{"@type":"ListItem","position":3,"name":"Nuevas amenazas a dirigentes colombianos de Sintracarb\u00f3n"}]},{"@type":"WebSite","@id":"https:\/\/admin.industriall-union.org\/#website","url":"https:\/\/admin.industriall-union.org\/","name":"industriall-union","description":"","potentialAction":[{"@type":"SearchAction","target":{"@type":"EntryPoint","urlTemplate":"https:\/\/admin.industriall-union.org\/?s={search_term_string}"},"query-input":{"@type":"PropertyValueSpecification","valueRequired":true,"valueName":"search_term_string"}}],"inLanguage":"es-ES"}]}},"_links":{"self":[{"href":"https:\/\/admin.industriall-union.org\/es\/wp-json\/wp\/v2\/article\/170956","targetHints":{"allow":["GET"]}}],"collection":[{"href":"https:\/\/admin.industriall-union.org\/es\/wp-json\/wp\/v2\/article"}],"about":[{"href":"https:\/\/admin.industriall-union.org\/es\/wp-json\/wp\/v2\/types\/article"}],"wp:attachment":[{"href":"https:\/\/admin.industriall-union.org\/es\/wp-json\/wp\/v2\/media?parent=170956"}],"wp:term":[{"taxonomy":"issues","embeddable":true,"href":"https:\/\/admin.industriall-union.org\/es\/wp-json\/wp\/v2\/issues?post=170956"},{"taxonomy":"companies","embeddable":true,"href":"https:\/\/admin.industriall-union.org\/es\/wp-json\/wp\/v2\/companies?post=170956"},{"taxonomy":"regions","embeddable":true,"href":"https:\/\/admin.industriall-union.org\/es\/wp-json\/wp\/v2\/regions?post=170956"},{"taxonomy":"sectors","embeddable":true,"href":"https:\/\/admin.industriall-union.org\/es\/wp-json\/wp\/v2\/sectors?post=170956"},{"taxonomy":"article_tags","embeddable":true,"href":"https:\/\/admin.industriall-union.org\/es\/wp-json\/wp\/v2\/article_tags?post=170956"}],"curies":[{"name":"wp","href":"https:\/\/api.w.org\/{rel}","templated":true}]}}