{"id":170893,"date":"2014-12-03T14:48:46","date_gmt":"2014-12-03T14:48:46","guid":{"rendered":"https:\/\/admin.industriall-union.org\/creacion-del-sindicato-de-industrias-de-chile-el-sueno-se-transformo-en-realidad\/"},"modified":"2025-02-07T19:00:24","modified_gmt":"2025-02-07T19:00:24","slug":"creacion-del-sindicato-de-industrias-de-chile-el-sueno-se-transformo-en-realidad","status":"publish","type":"article","link":"https:\/\/admin.industriall-union.org\/es\/creacion-del-sindicato-de-industrias-de-chile-el-sueno-se-transformo-en-realidad\/","title":{"rendered":"Creaci\u00f3n del sindicato de industrias de Chile: \u201cel sue\u00f1o se transform\u00f3 en realidad\u201d"},"content":{"rendered":"<p>Ante la necesidad de una organizaci\u00f3n que unifique y afile a todos los trabajadores de los sectores industriales el pasado 28 de noviembre se constituy\u00f3 el Sindicato Nacional de la Industria Manufacturera, Miner\u00eda, Qu\u00edmica y Energ\u00eda (INDUSTRIALL CHILE). &ldquo;Se cierra una etapa&rdquo;, se\u00f1al\u00f3 Miguel Soto, secretario general del sindicato, al culminar el octavo congreso de la ex Confederaci\u00f3n nacional de trabajadores metal\u00fargicos.<\/p><p>El cierre de esta etapa, se debe a los cuatro a\u00f1os que gener\u00f3 el proceso de conformaci\u00f3n del sindicato de las industrias, el cual culmin\u00f3 con el Congreso, donde los afiliados consolidaron un importante e hist\u00f3rico avance en el sindicalismo chileno. Donde discutieron cambios en la estructura y en los procesos de negociaci\u00f3n colectiva, invitando a organizaciones hermanas a ser parte de este debate, y siendo parte de un proyecto de IndustriALL Global Union junto al apoyo y solidaridad de los compa\u00f1eros de LO-TCO de Suecia.<\/p><p>La labor que ha realizado Constramet justo en \u00e9poca de demandas y discusiones&nbsp; laborales importantes en el pa\u00eds, fue valorada por las autoridades presentes en la inauguraci\u00f3n del Congreso. La presidenta de la CUT, B\u00e1rbara Figueroa, valor\u00f3 las instancias de debate sindical, sobre todo en \u00e9poca de reforma laboral, llamando a todos los dirigentes presentes a participar de las pol\u00edticas del pa\u00eds.&nbsp; En tanto,&nbsp; la Ministra del Trabajo, Javiera Blanco, se\u00f1al\u00f3 que a trav\u00e9s del &ldquo;fortalecimiento de la negociaci\u00f3n colectiva y de los sindicatos lograremos un&nbsp; mejor ambiente laboral, lo que genera mayor entendimiento y dialogo social&rdquo;.<\/p><p>El encuentro&nbsp; cont\u00f3 con la presencia de una delegaci\u00f3n de IndustriALL de la sede en Ginebra y de Uruguay, liderada por el secretario general adjunto de IndustriALL, Fernando Lopes, junto a ellos acompa\u00f1ados de delegaciones sindicales extranjeras, representantes de sindicatos afiliados de Argentina, M\u00e9xico, Colombia, Brasil y Uruguay, quienes alabaron este paso a la construcci\u00f3n de un sindicato de industrias, el cual va permitir mayor fuerza en la lucha contra la precarizaci\u00f3n del trabajo, y contra los abusos a los derechos de los y las trabajadoras.<\/p><p>En el Congreso determinaron el camino a seguir para que la creaci\u00f3n del sindicato de industrias no solo sea de hecho sino en forma legal. Por ello &nbsp;analizaron los art\u00edculos de los estatutos de la Confederaci\u00f3n que posteriormente cuando la ley lo permita pasar\u00e1 a llamarse Industrial Chile.<\/p><p>Asimismo aprobaron un plan de acci\u00f3n, oportunidad en la que Miguel Soto,&nbsp; resalt\u00f3 la misi\u00f3n importante de terminar con la gran cantidad de sindicatos que existen dentro de una misma empresa. &ldquo;Con capacitaci\u00f3n y fortalecimiento, incorporando a la mujer y a los sindicatos regionales, debemos lograrlo&rdquo;.<\/p><p>Se comprometieron a cumplir el plan acordado en las reuniones que antecedieron al Congreso, el cual &nbsp;contempla seminarios y encuentros en las zonales (norte, centro y sur), donde se construir\u00e1 una plataforma para cada una de las regiones, y adem\u00e1s se pondr\u00e1 \u00e9nfasis en un plan de capacitaci\u00f3n exigente donde la prioridad sea la UNIDAD, y terminar con la imagen del sindicato de&nbsp; beneficio propio.<\/p><p>Horacio Fuentes, presidente del sindicato, al concluir el Congreso, llam\u00f3 al grado de responsabilidad en este proceso de cambio, de fortalecimiento de la organizaci\u00f3n en la lucha contra la atomizaci\u00f3n. &ldquo;tenemos que ser autocr\u00edticos, sabemos que es complejo construir una organizaci\u00f3n como esta, pero sabemos que es posible y es necesaria. Para ello debemos ser m\u00e1s incidentes en las pol\u00edticas del pa\u00eds, puesto que queremos construir este sindicato como un aporte a la pol\u00edtica de fortalecimiento sindical&rdquo;.<\/p><p>&ldquo;Insto a seguir luchando por esta larga tarea&rdquo;, concluy\u00f3 el presidente de Industrial Chile.<\/p>","protected":false},"featured_media":0,"template":"","issues":[401,399],"companies":[],"regions":[263],"sectors":[],"article_tags":[511],"class_list":["post-170893","article","type-article","status-publish","hentry","issues-projects","issues-union-building","regions-chile","article_tags-industriall"],"acf":[],"yoast_head":"<!-- This site is optimized with the Yoast SEO Premium plugin v27.1 (Yoast SEO v27.1) - https:\/\/yoast.com\/product\/yoast-seo-premium-wordpress\/ -->\n<title>Creaci\u00f3n del sindicato de industrias de Chile: \u201cel sue\u00f1o se transform\u00f3 en realidad\u201d - industriall-union<\/title>\n<meta name=\"description\" content=\"Ante la necesidad de una organizaci\u00f3n que unifique y afile a todos los trabajadores de los sectores industriales el pasado 28 de noviembre se constituy\u00f3\" \/>\n<meta name=\"robots\" content=\"index, follow, max-snippet:-1, max-image-preview:large, max-video-preview:-1\" \/>\n<link rel=\"canonical\" href=\"https:\/\/admin.industriall-union.org\/es\/creacion-del-sindicato-de-industrias-de-chile-el-sueno-se-transformo-en-realidad\/\" \/>\n<meta property=\"og:locale\" content=\"es_ES\" \/>\n<meta property=\"og:type\" content=\"article\" \/>\n<meta property=\"og:title\" content=\"Creaci\u00f3n del sindicato de industrias de Chile: \u201cel sue\u00f1o se transform\u00f3 en realidad\u201d\" \/>\n<meta property=\"og:description\" content=\"Ante la necesidad de una organizaci\u00f3n que unifique y afile a todos los trabajadores de los sectores industriales el pasado 28 de noviembre se constituy\u00f3\" \/>\n<meta property=\"og:url\" content=\"https:\/\/admin.industriall-union.org\/es\/creacion-del-sindicato-de-industrias-de-chile-el-sueno-se-transformo-en-realidad\/\" \/>\n<meta property=\"og:site_name\" content=\"industriall-union\" \/>\n<meta property=\"article:modified_time\" content=\"2025-02-07T19:00:24+00:00\" \/>\n<meta name=\"twitter:card\" content=\"summary_large_image\" \/>\n<meta name=\"twitter:label1\" content=\"Est. reading time\" \/>\n\t<meta name=\"twitter:data1\" content=\"3 minutes\" \/>\n<script type=\"application\/ld+json\" class=\"yoast-schema-graph\">{\"@context\":\"https:\/\/schema.org\",\"@graph\":[{\"@type\":\"WebPage\",\"@id\":\"https:\/\/admin.industriall-union.org\/es\/creacion-del-sindicato-de-industrias-de-chile-el-sueno-se-transformo-en-realidad\/\",\"url\":\"https:\/\/admin.industriall-union.org\/es\/creacion-del-sindicato-de-industrias-de-chile-el-sueno-se-transformo-en-realidad\/\",\"name\":\"Creaci\u00f3n del sindicato de industrias de Chile: \u201cel sue\u00f1o se transform\u00f3 en realidad\u201d - industriall-union\",\"isPartOf\":{\"@id\":\"https:\/\/admin.industriall-union.org\/#website\"},\"datePublished\":\"2014-12-03T14:48:46+00:00\",\"dateModified\":\"2025-02-07T19:00:24+00:00\",\"description\":\"Ante la necesidad de una organizaci\u00f3n que unifique y afile a todos los trabajadores de los sectores industriales el pasado 28 de noviembre se constituy\u00f3\",\"breadcrumb\":{\"@id\":\"https:\/\/admin.industriall-union.org\/es\/creacion-del-sindicato-de-industrias-de-chile-el-sueno-se-transformo-en-realidad\/#breadcrumb\"},\"inLanguage\":\"es-ES\",\"potentialAction\":[{\"@type\":\"ReadAction\",\"target\":[\"https:\/\/admin.industriall-union.org\/es\/creacion-del-sindicato-de-industrias-de-chile-el-sueno-se-transformo-en-realidad\/\"]}]},{\"@type\":\"BreadcrumbList\",\"@id\":\"https:\/\/admin.industriall-union.org\/es\/creacion-del-sindicato-de-industrias-de-chile-el-sueno-se-transformo-en-realidad\/#breadcrumb\",\"itemListElement\":[{\"@type\":\"ListItem\",\"position\":1,\"name\":\"Home\",\"item\":\"https:\/\/admin.industriall-union.org\/\"},{\"@type\":\"ListItem\",\"position\":2,\"name\":\"Articles\",\"item\":\"https:\/\/admin.industriall-union.org\/article\/\"},{\"@type\":\"ListItem\",\"position\":3,\"name\":\"Creaci\u00f3n del sindicato de industrias de Chile: \u201cel sue\u00f1o se transform\u00f3 en realidad\u201d\"}]},{\"@type\":\"WebSite\",\"@id\":\"https:\/\/admin.industriall-union.org\/#website\",\"url\":\"https:\/\/admin.industriall-union.org\/\",\"name\":\"industriall-union\",\"description\":\"\",\"potentialAction\":[{\"@type\":\"SearchAction\",\"target\":{\"@type\":\"EntryPoint\",\"urlTemplate\":\"https:\/\/admin.industriall-union.org\/?s={search_term_string}\"},\"query-input\":{\"@type\":\"PropertyValueSpecification\",\"valueRequired\":true,\"valueName\":\"search_term_string\"}}],\"inLanguage\":\"es-ES\"}]}<\/script>\n<!-- \/ Yoast SEO Premium plugin. -->","yoast_head_json":{"title":"Creaci\u00f3n del sindicato de industrias de Chile: \u201cel sue\u00f1o se transform\u00f3 en realidad\u201d - industriall-union","description":"Ante la necesidad de una organizaci\u00f3n que unifique y afile a todos los trabajadores de los sectores industriales el pasado 28 de noviembre se constituy\u00f3","robots":{"index":"index","follow":"follow","max-snippet":"max-snippet:-1","max-image-preview":"max-image-preview:large","max-video-preview":"max-video-preview:-1"},"canonical":"https:\/\/admin.industriall-union.org\/es\/creacion-del-sindicato-de-industrias-de-chile-el-sueno-se-transformo-en-realidad\/","og_locale":"es_ES","og_type":"article","og_title":"Creaci\u00f3n del sindicato de industrias de Chile: \u201cel sue\u00f1o se transform\u00f3 en realidad\u201d","og_description":"Ante la necesidad de una organizaci\u00f3n que unifique y afile a todos los trabajadores de los sectores industriales el pasado 28 de noviembre se constituy\u00f3","og_url":"https:\/\/admin.industriall-union.org\/es\/creacion-del-sindicato-de-industrias-de-chile-el-sueno-se-transformo-en-realidad\/","og_site_name":"industriall-union","article_modified_time":"2025-02-07T19:00:24+00:00","twitter_card":"summary_large_image","twitter_misc":{"Est. reading time":"3 minutes"},"schema":{"@context":"https:\/\/schema.org","@graph":[{"@type":"WebPage","@id":"https:\/\/admin.industriall-union.org\/es\/creacion-del-sindicato-de-industrias-de-chile-el-sueno-se-transformo-en-realidad\/","url":"https:\/\/admin.industriall-union.org\/es\/creacion-del-sindicato-de-industrias-de-chile-el-sueno-se-transformo-en-realidad\/","name":"Creaci\u00f3n del sindicato de industrias de Chile: \u201cel sue\u00f1o se transform\u00f3 en realidad\u201d - industriall-union","isPartOf":{"@id":"https:\/\/admin.industriall-union.org\/#website"},"datePublished":"2014-12-03T14:48:46+00:00","dateModified":"2025-02-07T19:00:24+00:00","description":"Ante la necesidad de una organizaci\u00f3n que unifique y afile a todos los trabajadores de los sectores industriales el pasado 28 de noviembre se constituy\u00f3","breadcrumb":{"@id":"https:\/\/admin.industriall-union.org\/es\/creacion-del-sindicato-de-industrias-de-chile-el-sueno-se-transformo-en-realidad\/#breadcrumb"},"inLanguage":"es-ES","potentialAction":[{"@type":"ReadAction","target":["https:\/\/admin.industriall-union.org\/es\/creacion-del-sindicato-de-industrias-de-chile-el-sueno-se-transformo-en-realidad\/"]}]},{"@type":"BreadcrumbList","@id":"https:\/\/admin.industriall-union.org\/es\/creacion-del-sindicato-de-industrias-de-chile-el-sueno-se-transformo-en-realidad\/#breadcrumb","itemListElement":[{"@type":"ListItem","position":1,"name":"Home","item":"https:\/\/admin.industriall-union.org\/"},{"@type":"ListItem","position":2,"name":"Articles","item":"https:\/\/admin.industriall-union.org\/article\/"},{"@type":"ListItem","position":3,"name":"Creaci\u00f3n del sindicato de industrias de Chile: \u201cel sue\u00f1o se transform\u00f3 en realidad\u201d"}]},{"@type":"WebSite","@id":"https:\/\/admin.industriall-union.org\/#website","url":"https:\/\/admin.industriall-union.org\/","name":"industriall-union","description":"","potentialAction":[{"@type":"SearchAction","target":{"@type":"EntryPoint","urlTemplate":"https:\/\/admin.industriall-union.org\/?s={search_term_string}"},"query-input":{"@type":"PropertyValueSpecification","valueRequired":true,"valueName":"search_term_string"}}],"inLanguage":"es-ES"}]}},"_links":{"self":[{"href":"https:\/\/admin.industriall-union.org\/es\/wp-json\/wp\/v2\/article\/170893","targetHints":{"allow":["GET"]}}],"collection":[{"href":"https:\/\/admin.industriall-union.org\/es\/wp-json\/wp\/v2\/article"}],"about":[{"href":"https:\/\/admin.industriall-union.org\/es\/wp-json\/wp\/v2\/types\/article"}],"wp:attachment":[{"href":"https:\/\/admin.industriall-union.org\/es\/wp-json\/wp\/v2\/media?parent=170893"}],"wp:term":[{"taxonomy":"issues","embeddable":true,"href":"https:\/\/admin.industriall-union.org\/es\/wp-json\/wp\/v2\/issues?post=170893"},{"taxonomy":"companies","embeddable":true,"href":"https:\/\/admin.industriall-union.org\/es\/wp-json\/wp\/v2\/companies?post=170893"},{"taxonomy":"regions","embeddable":true,"href":"https:\/\/admin.industriall-union.org\/es\/wp-json\/wp\/v2\/regions?post=170893"},{"taxonomy":"sectors","embeddable":true,"href":"https:\/\/admin.industriall-union.org\/es\/wp-json\/wp\/v2\/sectors?post=170893"},{"taxonomy":"article_tags","embeddable":true,"href":"https:\/\/admin.industriall-union.org\/es\/wp-json\/wp\/v2\/article_tags?post=170893"}],"curies":[{"name":"wp","href":"https:\/\/api.w.org\/{rel}","templated":true}]}}