{"id":170874,"date":"2014-12-05T09:36:49","date_gmt":"2014-12-05T09:36:49","guid":{"rendered":"https:\/\/admin.industriall-union.org\/industriall-y-mineros-de-mexico-repudian-despidos-en-teksid-hierro\/"},"modified":"2025-02-07T18:52:01","modified_gmt":"2025-02-07T18:52:01","slug":"industriall-y-mineros-de-mexico-repudian-despidos-en-teksid-hierro","status":"publish","type":"article","link":"https:\/\/admin.industriall-union.org\/es\/industriall-y-mineros-de-mexico-repudian-despidos-en-teksid-hierro\/","title":{"rendered":"IndustriALL y Mineros de M\u00e9xico repudian despidos en Teksid Hierro"},"content":{"rendered":"<p>Esta huelga <a href=\"http:\/\/www.industriall-union.org\/es\/matones-de-la-ctm-tienden-una-emboscada-y-golpean-a-trabajadores-mexicanos-de-teksid-por-organizarse\" target=\"_self\">duramente reprimida por la empresa <\/a>con el despido de 3 trabajadores, as\u00ed como con el brutal y masivo ataque de matones contratados por la CTM en contra de 11 trabajadores, termin\u00f3 sin embargo con un acuerdo y nuevo convenio firmado por Los Mineros, en donde la empresa se compromet\u00eda a reincorporar a los trabajadores despedidos; realizar el reparto de utilidades y, sobre todo, a respetar el derecho de sus empleados a afiliarse libremente al sindicato de su elecci\u00f3n y a no tomar represalias contra los <a href=\"http:\/\/www.industriall-union.org\/es\/triunfo-de-los-mineros-en-teksid\" target=\"_self\">trabajadores involucrados en la huelga<\/a>.<\/p><p>Sin embargo, por exigir que cumplimiento de estos acuerdos, &nbsp;este 26&nbsp; de noviembre,&nbsp; la empresa Teksid Hierro despidi\u00f3 17 trabajadores, entre ellos la vocera de los trabajadores, Ime Jimenez.<\/p><p>La empresa justific\u00f3 este despido injustificado aduciendo que se acab\u00f3 la producci\u00f3n y que sus contratos son eventuales, pero la verdad es otra, ya que se trata de intimidar a los trabajadores&nbsp; antes del recuento<\/p><p>El Sindicato Minero Mexicano, ha manifestado el rechazo a estos despidos&nbsp; y responsabiliza a la empresa como la responsable de provocar a los trabajadores a que se paralicen como lo hicieron el 19 de abril pasado.<\/p><p>Los trabajadores despedidos explicaron que &ldquo; s\u00ed, hay producci\u00f3n y tenemos derechos a contratos de planta, ya que todos cubrimos los requisitos legales para la planta, pero nos despiden porque somos los que encabezamos el movimiento de la demanda que se interpuso el 19 de mayo para sacar a la CTM de la empresa y &nbsp;para demandar que nos pueda representar legalmente el Sindicato Minero que dirige el Compa\u00f1ero Napole\u00f3n G\u00f3mez Urrutia&rdquo;<\/p><p>La empresa despidi\u00f3 los trabajadores antes de pagarles las prestaciones y salarios queriendo obligarles a recibir su cheque de finiquito o pasar sin dinero las fiestas navide\u00f1as. &nbsp;Imelda Jim\u00e9nez y Joel Silva, rechazaron las mentiras y firmar su liquidaci\u00f3n, y eligieron seguir la lucha. Es importante entender que los trabajadores que no firmen su liquidaci\u00f3n pueden seguir demandando su reinstalaci\u00f3n y salarios ca\u00eddos, y &nbsp;participar en el recuento de votos cuando llegue el momento, para sacar a la CTM.&nbsp;<\/p><p>Imelda cuenta que despu\u00e9s del despido y de no firmar el finiquito, organiz\u00f3 a sus compa\u00f1eros de lucha en una Junta, en la que participaron el delegado nacional y el licenciado Alzaga, abogado del SNTMMSRM, dando el apoyo incondicional de parte de todo el sindicato minero. &ldquo;Metimos demanda por despido injustificado peleando mi reinstalaci\u00f3n y salarios ca\u00eddos. El apoyo de mis compa\u00f1eros ha estado presente y piensan seguir hasta el final, yo pienso seguir con mi postura de lucha muy firme&rdquo;.<\/p><p>Los y las trabajadores saben que este 10 de diciembre est\u00e1 programado en la Junta Laboral una audiencia sobre la demanda de los Mineros por la titularidad del contrato, con el fin de establecer la fecha para un recuento, queda claro por ende que estos despidos tienen la clara intenci\u00f3n de intimidar a las y los trabajadores frente al recuento<\/p><p>Manuel Prince Dur\u00e1n, delegado del Sindicato Minero en Monclova, Coahuila, se\u00f1al\u00f3 que est\u00e1n apoyando a los trabajadores de Teksid y que lo que pretenden es tener un sindicato verdadero que haga algo por ellos, ya que son sumamente explotados, agrega que tambi\u00e9n los trabajadores saben que si el sindicato minero gana el contrato colectivo, apoyar\u00e1 a los trabajadores dimitidos jur\u00eddicamente y econ\u00f3micamente durante todo el proceso de demanda laboral.<\/p><p>&iexcl;Compa\u00f1eros de TEKSID unidos ganaremos la lucha y el recuento! se\u00f1ala el Sindicato &nbsp;Minero Mexicano.<\/p><p>IndustriALL Global Union manifiesta su total rechazo a los despidos injustificados &nbsp;e intimidaci\u00f3n por parte de la empresa Teksid, exigiendo a las autoridades velar por los trabajadores y defender sus derechos sindicales. &nbsp;<\/p>","protected":false},"featured_media":0,"template":"","issues":[425],"companies":[27,49],"regions":[275],"sectors":[482],"article_tags":[529],"class_list":["post-170874","article","type-article","status-publish","hentry","issues-workers-rights","companies-chrysler","companies-fiat","regions-mexico","sectors-automotive","article_tags-strike"],"acf":[],"yoast_head":"<!-- This site is optimized with the Yoast SEO Premium plugin v27.1 (Yoast SEO v27.1) - https:\/\/yoast.com\/product\/yoast-seo-premium-wordpress\/ -->\n<title>IndustriALL y Mineros de M\u00e9xico repudian despidos en Teksid Hierro - industriall-union<\/title>\n<meta name=\"description\" content=\"Esta huelga duramente reprimida por la empresa con el despido de 3 trabajadores, as\u00ed como con el brutal y masivo ataque de matones contratados por la CTM\" \/>\n<meta name=\"robots\" content=\"index, follow, max-snippet:-1, max-image-preview:large, max-video-preview:-1\" \/>\n<link rel=\"canonical\" href=\"https:\/\/admin.industriall-union.org\/es\/industriall-y-mineros-de-mexico-repudian-despidos-en-teksid-hierro\/\" \/>\n<meta property=\"og:locale\" content=\"es_ES\" \/>\n<meta property=\"og:type\" content=\"article\" \/>\n<meta property=\"og:title\" content=\"IndustriALL y Mineros de M\u00e9xico repudian despidos en Teksid Hierro\" \/>\n<meta property=\"og:description\" content=\"Esta huelga duramente reprimida por la empresa con el despido de 3 trabajadores, as\u00ed como con el brutal y masivo ataque de matones contratados por la CTM\" \/>\n<meta property=\"og:url\" content=\"https:\/\/admin.industriall-union.org\/es\/industriall-y-mineros-de-mexico-repudian-despidos-en-teksid-hierro\/\" \/>\n<meta property=\"og:site_name\" content=\"industriall-union\" \/>\n<meta property=\"article:modified_time\" content=\"2025-02-07T18:52:01+00:00\" \/>\n<meta name=\"twitter:card\" content=\"summary_large_image\" \/>\n<meta name=\"twitter:label1\" content=\"Est. reading time\" \/>\n\t<meta name=\"twitter:data1\" content=\"3 minutes\" \/>\n<script type=\"application\/ld+json\" class=\"yoast-schema-graph\">{\"@context\":\"https:\/\/schema.org\",\"@graph\":[{\"@type\":\"WebPage\",\"@id\":\"https:\/\/admin.industriall-union.org\/es\/industriall-y-mineros-de-mexico-repudian-despidos-en-teksid-hierro\/\",\"url\":\"https:\/\/admin.industriall-union.org\/es\/industriall-y-mineros-de-mexico-repudian-despidos-en-teksid-hierro\/\",\"name\":\"IndustriALL y Mineros de M\u00e9xico repudian despidos en Teksid Hierro - industriall-union\",\"isPartOf\":{\"@id\":\"https:\/\/admin.industriall-union.org\/#website\"},\"datePublished\":\"2014-12-05T09:36:49+00:00\",\"dateModified\":\"2025-02-07T18:52:01+00:00\",\"description\":\"Esta huelga duramente reprimida por la empresa con el despido de 3 trabajadores, as\u00ed como con el brutal y masivo ataque de matones contratados por la CTM\",\"breadcrumb\":{\"@id\":\"https:\/\/admin.industriall-union.org\/es\/industriall-y-mineros-de-mexico-repudian-despidos-en-teksid-hierro\/#breadcrumb\"},\"inLanguage\":\"es-ES\",\"potentialAction\":[{\"@type\":\"ReadAction\",\"target\":[\"https:\/\/admin.industriall-union.org\/es\/industriall-y-mineros-de-mexico-repudian-despidos-en-teksid-hierro\/\"]}]},{\"@type\":\"BreadcrumbList\",\"@id\":\"https:\/\/admin.industriall-union.org\/es\/industriall-y-mineros-de-mexico-repudian-despidos-en-teksid-hierro\/#breadcrumb\",\"itemListElement\":[{\"@type\":\"ListItem\",\"position\":1,\"name\":\"Home\",\"item\":\"https:\/\/admin.industriall-union.org\/\"},{\"@type\":\"ListItem\",\"position\":2,\"name\":\"Articles\",\"item\":\"https:\/\/admin.industriall-union.org\/article\/\"},{\"@type\":\"ListItem\",\"position\":3,\"name\":\"IndustriALL y Mineros de M\u00e9xico repudian despidos en Teksid Hierro\"}]},{\"@type\":\"WebSite\",\"@id\":\"https:\/\/admin.industriall-union.org\/#website\",\"url\":\"https:\/\/admin.industriall-union.org\/\",\"name\":\"industriall-union\",\"description\":\"\",\"potentialAction\":[{\"@type\":\"SearchAction\",\"target\":{\"@type\":\"EntryPoint\",\"urlTemplate\":\"https:\/\/admin.industriall-union.org\/?s={search_term_string}\"},\"query-input\":{\"@type\":\"PropertyValueSpecification\",\"valueRequired\":true,\"valueName\":\"search_term_string\"}}],\"inLanguage\":\"es-ES\"}]}<\/script>\n<!-- \/ Yoast SEO Premium plugin. -->","yoast_head_json":{"title":"IndustriALL y Mineros de M\u00e9xico repudian despidos en Teksid Hierro - industriall-union","description":"Esta huelga duramente reprimida por la empresa con el despido de 3 trabajadores, as\u00ed como con el brutal y masivo ataque de matones contratados por la CTM","robots":{"index":"index","follow":"follow","max-snippet":"max-snippet:-1","max-image-preview":"max-image-preview:large","max-video-preview":"max-video-preview:-1"},"canonical":"https:\/\/admin.industriall-union.org\/es\/industriall-y-mineros-de-mexico-repudian-despidos-en-teksid-hierro\/","og_locale":"es_ES","og_type":"article","og_title":"IndustriALL y Mineros de M\u00e9xico repudian despidos en Teksid Hierro","og_description":"Esta huelga duramente reprimida por la empresa con el despido de 3 trabajadores, as\u00ed como con el brutal y masivo ataque de matones contratados por la CTM","og_url":"https:\/\/admin.industriall-union.org\/es\/industriall-y-mineros-de-mexico-repudian-despidos-en-teksid-hierro\/","og_site_name":"industriall-union","article_modified_time":"2025-02-07T18:52:01+00:00","twitter_card":"summary_large_image","twitter_misc":{"Est. reading time":"3 minutes"},"schema":{"@context":"https:\/\/schema.org","@graph":[{"@type":"WebPage","@id":"https:\/\/admin.industriall-union.org\/es\/industriall-y-mineros-de-mexico-repudian-despidos-en-teksid-hierro\/","url":"https:\/\/admin.industriall-union.org\/es\/industriall-y-mineros-de-mexico-repudian-despidos-en-teksid-hierro\/","name":"IndustriALL y Mineros de M\u00e9xico repudian despidos en Teksid Hierro - industriall-union","isPartOf":{"@id":"https:\/\/admin.industriall-union.org\/#website"},"datePublished":"2014-12-05T09:36:49+00:00","dateModified":"2025-02-07T18:52:01+00:00","description":"Esta huelga duramente reprimida por la empresa con el despido de 3 trabajadores, as\u00ed como con el brutal y masivo ataque de matones contratados por la CTM","breadcrumb":{"@id":"https:\/\/admin.industriall-union.org\/es\/industriall-y-mineros-de-mexico-repudian-despidos-en-teksid-hierro\/#breadcrumb"},"inLanguage":"es-ES","potentialAction":[{"@type":"ReadAction","target":["https:\/\/admin.industriall-union.org\/es\/industriall-y-mineros-de-mexico-repudian-despidos-en-teksid-hierro\/"]}]},{"@type":"BreadcrumbList","@id":"https:\/\/admin.industriall-union.org\/es\/industriall-y-mineros-de-mexico-repudian-despidos-en-teksid-hierro\/#breadcrumb","itemListElement":[{"@type":"ListItem","position":1,"name":"Home","item":"https:\/\/admin.industriall-union.org\/"},{"@type":"ListItem","position":2,"name":"Articles","item":"https:\/\/admin.industriall-union.org\/article\/"},{"@type":"ListItem","position":3,"name":"IndustriALL y Mineros de M\u00e9xico repudian despidos en Teksid Hierro"}]},{"@type":"WebSite","@id":"https:\/\/admin.industriall-union.org\/#website","url":"https:\/\/admin.industriall-union.org\/","name":"industriall-union","description":"","potentialAction":[{"@type":"SearchAction","target":{"@type":"EntryPoint","urlTemplate":"https:\/\/admin.industriall-union.org\/?s={search_term_string}"},"query-input":{"@type":"PropertyValueSpecification","valueRequired":true,"valueName":"search_term_string"}}],"inLanguage":"es-ES"}]}},"_links":{"self":[{"href":"https:\/\/admin.industriall-union.org\/es\/wp-json\/wp\/v2\/article\/170874","targetHints":{"allow":["GET"]}}],"collection":[{"href":"https:\/\/admin.industriall-union.org\/es\/wp-json\/wp\/v2\/article"}],"about":[{"href":"https:\/\/admin.industriall-union.org\/es\/wp-json\/wp\/v2\/types\/article"}],"wp:attachment":[{"href":"https:\/\/admin.industriall-union.org\/es\/wp-json\/wp\/v2\/media?parent=170874"}],"wp:term":[{"taxonomy":"issues","embeddable":true,"href":"https:\/\/admin.industriall-union.org\/es\/wp-json\/wp\/v2\/issues?post=170874"},{"taxonomy":"companies","embeddable":true,"href":"https:\/\/admin.industriall-union.org\/es\/wp-json\/wp\/v2\/companies?post=170874"},{"taxonomy":"regions","embeddable":true,"href":"https:\/\/admin.industriall-union.org\/es\/wp-json\/wp\/v2\/regions?post=170874"},{"taxonomy":"sectors","embeddable":true,"href":"https:\/\/admin.industriall-union.org\/es\/wp-json\/wp\/v2\/sectors?post=170874"},{"taxonomy":"article_tags","embeddable":true,"href":"https:\/\/admin.industriall-union.org\/es\/wp-json\/wp\/v2\/article_tags?post=170874"}],"curies":[{"name":"wp","href":"https:\/\/api.w.org\/{rel}","templated":true}]}}