{"id":170866,"date":"2014-10-08T13:39:55","date_gmt":"2014-10-08T13:39:55","guid":{"rendered":"https:\/\/admin.industriall-union.org\/belarus-2\/"},"modified":"2025-02-07T18:51:24","modified_gmt":"2025-02-07T18:51:24","slug":"belarus-2","status":"publish","type":"article","link":"https:\/\/admin.industriall-union.org\/es\/belarus-2\/","title":{"rendered":"BELAR\u00daS"},"content":{"rendered":"<p>Los afiliados de IndustriALL en Belar\u00fas conmemoraron el d\u00eda de acci\u00f3n mundial para detener el trabajo precario con una serie de actividades.<\/p><p>El 7 de octubre los activistas del afiliado de IndustriALL, el Sindicato de Trabajadores de la Radio y la industria electr\u00f3nica de Belar\u00fas (REP), llevaron a cabo acciones durante la Jornada Mundial por el Trabajo Decente.<\/p><p>Los manifestantes repartieron folletos y boletines sindicales en diferentes ciudades de Belar\u00fas, entre ellas Minsk, Gomel, Brest, Vitebsk, Grodno, Mogilev, Bobruisk, Baranovichi, Zhodino, Smalyavichy y Borisov.<\/p><p>Los activistas sindicales distribuyeron folletos y otros materiales cerca de las f\u00e1bricas, en los mercados, en las paradas de autob\u00fas y otros lugares p\u00fablicos con el fin de dar a conocer entre el p\u00fablico el problema del trabajo precario y el d\u00eda acci\u00f3n mundial contra esta pr\u00e1ctica.<\/p><p>El afiliado de IndustriALL, el Sindicato Libre de Trabajadores Metal\u00fargicos (SPM), trat\u00f3 de organizar piquetes en cinco ciudades del pa\u00eds, pero, desafortunadamente, a pesar de haber declarado que ser\u00edan piquetes pac\u00edficos, las autoridades denegaron todos los permisos para celebrarlos. A pesar de la obstrucci\u00f3n de las autoridades el SPM, junto con otros sindicatos independientes, llev\u00f3 a cabo una serie de acciones dedicadas a la Jornada Mundial por el Trabajo Decente.<\/p><p>Los activistas del SPM de Minsk distribuyeron una&nbsp;<a href=\"http:\/\/www.spm-by.org\/uploads\/downloads_files\/slovo_18.pdf\">edici\u00f3n especial del per\u00edodico &lsquo;Rabochee slovo<\/a>&rsquo; (Palabra de trabajador) que describ\u00eda la situaci\u00f3n de los trabajadores en las empresas belarusas, en las que rige la arbitrariedad administrativa y el dominio de los contratos de corto plazo casi ha convertido a los trabajadores en semiesclavos, limitando sus derechos y libertades y sembrando el miedo en todas partes.<\/p><p>En un espacio de 15 a 20 minutos se distribuyeron todos los ejemplares del &#039;Rabochee slovo&#039; a las puertas de la f\u00e1brica de autom\u00f3viles de Minsk, una de las m\u00e1s grandes del pa\u00eds. Al recibir el peri\u00f3dico algunas personas lamentaron que este tipo de acciones no fueran m\u00e1s frecuentes,&nbsp; mientras que otras hicieron declaraciones bastante contundentes contra la direcci\u00f3n de la f\u00e1brica.<\/p><p>Otro afiliado belaruso, el Sindicato Independiente de Mineros de JSC Belaruskali, empresa productora de potasa, celebr\u00f3 una reuni\u00f3n del Consejo de Representantes en la Jornada Mundial por el Trabajo Decente. Valery Kiryenka, director general de Belaruskali, particip\u00f3 en la reuni\u00f3n, que se centr\u00f3 en examinar las condiciones de trabajo y los salarios de la empresa. Belaruskali es uno de los mayores productores y exportadores de fertilizantes de potasa en el mundo.<\/p><p>Para obtener m\u00e1s informaci\u00f3n, siga el enlace correspondiente en la <a href=\"http:\/\/belnp.org\/en\/the-independent-trade-union-of-miners-at-jsc-belaruskali-held-the-council-of-representatives-meeting-on-the-world-day-for-decent-work\/\">web del sindicato<\/a>.&nbsp;<\/p>","protected":false},"featured_media":0,"template":"","issues":[415],"companies":[],"regions":[207],"sectors":[],"article_tags":[],"class_list":["post-170866","article","type-article","status-publish","hentry","issues-stop-precarious-work","regions-belarus"],"acf":[],"yoast_head":"<!-- This site is optimized with the Yoast SEO Premium plugin v27.1 (Yoast SEO v27.1) - https:\/\/yoast.com\/product\/yoast-seo-premium-wordpress\/ -->\n<title>BELAR\u00daS - industriall-union<\/title>\n<meta name=\"description\" content=\"Los afiliados de IndustriALL en Belar\u00fas conmemoraron el d\u00eda de acci\u00f3n mundial para detener el trabajo precario con una serie de actividades.El 7 de\" \/>\n<meta name=\"robots\" content=\"index, follow, max-snippet:-1, max-image-preview:large, max-video-preview:-1\" \/>\n<link rel=\"canonical\" href=\"https:\/\/admin.industriall-union.org\/es\/belarus-2\/\" \/>\n<meta property=\"og:locale\" content=\"es_ES\" \/>\n<meta property=\"og:type\" content=\"article\" \/>\n<meta property=\"og:title\" content=\"BELAR\u00daS\" \/>\n<meta property=\"og:description\" content=\"Los afiliados de IndustriALL en Belar\u00fas conmemoraron el d\u00eda de acci\u00f3n mundial para detener el trabajo precario con una serie de actividades.El 7 de\" \/>\n<meta property=\"og:url\" content=\"https:\/\/admin.industriall-union.org\/es\/belarus-2\/\" \/>\n<meta property=\"og:site_name\" content=\"industriall-union\" \/>\n<meta property=\"article:modified_time\" content=\"2025-02-07T18:51:24+00:00\" \/>\n<meta name=\"twitter:card\" content=\"summary_large_image\" \/>\n<meta name=\"twitter:label1\" content=\"Est. reading time\" \/>\n\t<meta name=\"twitter:data1\" content=\"2 minutes\" \/>\n<script type=\"application\/ld+json\" class=\"yoast-schema-graph\">{\"@context\":\"https:\/\/schema.org\",\"@graph\":[{\"@type\":\"WebPage\",\"@id\":\"https:\/\/admin.industriall-union.org\/es\/belarus-2\/\",\"url\":\"https:\/\/admin.industriall-union.org\/es\/belarus-2\/\",\"name\":\"BELAR\u00daS - industriall-union\",\"isPartOf\":{\"@id\":\"https:\/\/admin.industriall-union.org\/#website\"},\"datePublished\":\"2014-10-08T13:39:55+00:00\",\"dateModified\":\"2025-02-07T18:51:24+00:00\",\"description\":\"Los afiliados de IndustriALL en Belar\u00fas conmemoraron el d\u00eda de acci\u00f3n mundial para detener el trabajo precario con una serie de actividades.El 7 de\",\"breadcrumb\":{\"@id\":\"https:\/\/admin.industriall-union.org\/es\/belarus-2\/#breadcrumb\"},\"inLanguage\":\"es-ES\",\"potentialAction\":[{\"@type\":\"ReadAction\",\"target\":[\"https:\/\/admin.industriall-union.org\/es\/belarus-2\/\"]}]},{\"@type\":\"BreadcrumbList\",\"@id\":\"https:\/\/admin.industriall-union.org\/es\/belarus-2\/#breadcrumb\",\"itemListElement\":[{\"@type\":\"ListItem\",\"position\":1,\"name\":\"Home\",\"item\":\"https:\/\/admin.industriall-union.org\/\"},{\"@type\":\"ListItem\",\"position\":2,\"name\":\"Articles\",\"item\":\"https:\/\/admin.industriall-union.org\/article\/\"},{\"@type\":\"ListItem\",\"position\":3,\"name\":\"BELAR\u00daS\"}]},{\"@type\":\"WebSite\",\"@id\":\"https:\/\/admin.industriall-union.org\/#website\",\"url\":\"https:\/\/admin.industriall-union.org\/\",\"name\":\"industriall-union\",\"description\":\"\",\"potentialAction\":[{\"@type\":\"SearchAction\",\"target\":{\"@type\":\"EntryPoint\",\"urlTemplate\":\"https:\/\/admin.industriall-union.org\/?s={search_term_string}\"},\"query-input\":{\"@type\":\"PropertyValueSpecification\",\"valueRequired\":true,\"valueName\":\"search_term_string\"}}],\"inLanguage\":\"es-ES\"}]}<\/script>\n<!-- \/ Yoast SEO Premium plugin. -->","yoast_head_json":{"title":"BELAR\u00daS - industriall-union","description":"Los afiliados de IndustriALL en Belar\u00fas conmemoraron el d\u00eda de acci\u00f3n mundial para detener el trabajo precario con una serie de actividades.El 7 de","robots":{"index":"index","follow":"follow","max-snippet":"max-snippet:-1","max-image-preview":"max-image-preview:large","max-video-preview":"max-video-preview:-1"},"canonical":"https:\/\/admin.industriall-union.org\/es\/belarus-2\/","og_locale":"es_ES","og_type":"article","og_title":"BELAR\u00daS","og_description":"Los afiliados de IndustriALL en Belar\u00fas conmemoraron el d\u00eda de acci\u00f3n mundial para detener el trabajo precario con una serie de actividades.El 7 de","og_url":"https:\/\/admin.industriall-union.org\/es\/belarus-2\/","og_site_name":"industriall-union","article_modified_time":"2025-02-07T18:51:24+00:00","twitter_card":"summary_large_image","twitter_misc":{"Est. reading time":"2 minutes"},"schema":{"@context":"https:\/\/schema.org","@graph":[{"@type":"WebPage","@id":"https:\/\/admin.industriall-union.org\/es\/belarus-2\/","url":"https:\/\/admin.industriall-union.org\/es\/belarus-2\/","name":"BELAR\u00daS - industriall-union","isPartOf":{"@id":"https:\/\/admin.industriall-union.org\/#website"},"datePublished":"2014-10-08T13:39:55+00:00","dateModified":"2025-02-07T18:51:24+00:00","description":"Los afiliados de IndustriALL en Belar\u00fas conmemoraron el d\u00eda de acci\u00f3n mundial para detener el trabajo precario con una serie de actividades.El 7 de","breadcrumb":{"@id":"https:\/\/admin.industriall-union.org\/es\/belarus-2\/#breadcrumb"},"inLanguage":"es-ES","potentialAction":[{"@type":"ReadAction","target":["https:\/\/admin.industriall-union.org\/es\/belarus-2\/"]}]},{"@type":"BreadcrumbList","@id":"https:\/\/admin.industriall-union.org\/es\/belarus-2\/#breadcrumb","itemListElement":[{"@type":"ListItem","position":1,"name":"Home","item":"https:\/\/admin.industriall-union.org\/"},{"@type":"ListItem","position":2,"name":"Articles","item":"https:\/\/admin.industriall-union.org\/article\/"},{"@type":"ListItem","position":3,"name":"BELAR\u00daS"}]},{"@type":"WebSite","@id":"https:\/\/admin.industriall-union.org\/#website","url":"https:\/\/admin.industriall-union.org\/","name":"industriall-union","description":"","potentialAction":[{"@type":"SearchAction","target":{"@type":"EntryPoint","urlTemplate":"https:\/\/admin.industriall-union.org\/?s={search_term_string}"},"query-input":{"@type":"PropertyValueSpecification","valueRequired":true,"valueName":"search_term_string"}}],"inLanguage":"es-ES"}]}},"_links":{"self":[{"href":"https:\/\/admin.industriall-union.org\/es\/wp-json\/wp\/v2\/article\/170866","targetHints":{"allow":["GET"]}}],"collection":[{"href":"https:\/\/admin.industriall-union.org\/es\/wp-json\/wp\/v2\/article"}],"about":[{"href":"https:\/\/admin.industriall-union.org\/es\/wp-json\/wp\/v2\/types\/article"}],"wp:attachment":[{"href":"https:\/\/admin.industriall-union.org\/es\/wp-json\/wp\/v2\/media?parent=170866"}],"wp:term":[{"taxonomy":"issues","embeddable":true,"href":"https:\/\/admin.industriall-union.org\/es\/wp-json\/wp\/v2\/issues?post=170866"},{"taxonomy":"companies","embeddable":true,"href":"https:\/\/admin.industriall-union.org\/es\/wp-json\/wp\/v2\/companies?post=170866"},{"taxonomy":"regions","embeddable":true,"href":"https:\/\/admin.industriall-union.org\/es\/wp-json\/wp\/v2\/regions?post=170866"},{"taxonomy":"sectors","embeddable":true,"href":"https:\/\/admin.industriall-union.org\/es\/wp-json\/wp\/v2\/sectors?post=170866"},{"taxonomy":"article_tags","embeddable":true,"href":"https:\/\/admin.industriall-union.org\/es\/wp-json\/wp\/v2\/article_tags?post=170866"}],"curies":[{"name":"wp","href":"https:\/\/api.w.org\/{rel}","templated":true}]}}