{"id":170826,"date":"2014-12-05T12:25:49","date_gmt":"2014-12-05T12:25:49","guid":{"rendered":"https:\/\/admin.industriall-union.org\/la-lucha-por-los-recursos-pone-en-peligro-los-derechos-laborales\/"},"modified":"2025-02-07T18:48:31","modified_gmt":"2025-02-07T18:48:31","slug":"la-lucha-por-los-recursos-pone-en-peligro-los-derechos-laborales","status":"publish","type":"article","link":"https:\/\/admin.industriall-union.org\/es\/la-lucha-por-los-recursos-pone-en-peligro-los-derechos-laborales\/","title":{"rendered":"La lucha por los recursos pone en peligro los derechos laborales"},"content":{"rendered":"<p>La transformaci\u00f3n est\u00e1 llegando. La opci\u00f3n que tenemos es si habr\u00e1 una lucha violenta por recursos como el agua, la energ\u00eda y la tierra f\u00e9rtil &#8211; medidas de supervivencia desesperadas de \u00faltima hora que descartan completamente los derechos humanos y la protecci\u00f3n social &ndash; o una transici\u00f3n ordenada y justa que respete y proteja a los trabajadores actuales a la vez que cree trabajo nuevo y decente en industrias sostenibles para ma\u00f1ana.<\/p><p>Esto no es un futuro abstracto. Para algunas personas, ya est\u00e1 sucediendo. El 4 de diciembre, la delegaci\u00f3n sindical en la COP-20 se reuni\u00f3 con las viudas, los hijos y los amigos de los cuatro l\u00edderes ash\u00e1ninka de la comunidad peruana de Saweto, en la frontera con Brasil: Edwin Chota Valera, Leoncio Quincima Mel\u00e9ndez, Jorge R\u00edos P\u00e9rez y Francisco Pinedo of Alto Tamaya, Ucayali. Fueron asesinados por madereros ilegales cuando trataban de proteger sus tierras ancestrales de la destrucci\u00f3n. Como el cambio clim\u00e1tico provoca cada vez m\u00e1s tensiones, esos enfrentamientos aumentar\u00e1n.<\/p><p>Los hombres asesinados eran l\u00edderes de su comunidad. Sus viudas nos pidieron angustiadamente ayuda. Las emociones no pod\u00edan ser mayores.<\/p><p>Una dijo: &ldquo;He venido de muy lejos. Usted no me conoce, pero debe saber que estamos acosados. El Gobierno no reconoce nuestros derechos a la tierra y la est\u00e1 vendiendo a multinacionales. Pero es nuestra tierra ancestral; &iquest;c\u00f3mo pueden venderla? Estoy tan triste. Ahora soy viuda. La gente habla sobre el clima, pero son las multinacionales las que est\u00e1n destruyendo el clima, la tierra y el agua. Nosotros queremos protegerlo.&rdquo;<\/p><p>Otra, la hija de uno de los hombres asesinados, dijo: &ldquo;Ahora somos los \u00fanicos guardianes de nuestro bosque. No se nos trata con respeto. El Estado est\u00e1 destruyendo el lugar en que vivimos. Quiero ser respetada como miembro de la comunidad ind\u00edgena. Es importante que tengamos apoyo para que no se destrocen los \u00e1rboles y no se mate a nuestros hombres. Nosotros protegemos el bosque no s\u00f3lo para nosotros, sino para todos: es la fuente de agua limpia, de aire puro. Por favor, apoyen nuestra lucha.&rdquo;<\/p><p>Una tercera mujer nos dijo: &ldquo;Gracias al apoyo de nuestra familia todav\u00eda estamos aqu\u00ed. Pero sufrimos la constante amenaza de madereros ilegales y narcotraficantes. Tanto Brasil como Per\u00fa deben protegernos. Somos seres humanos, queremos justicia. Yo no quiero matar a los asesinos, quiero justicia. Queremos vivir en paz y armon\u00eda.&rdquo;<\/p><p>Uno de los hombres a\u00f1adi\u00f3: &ldquo;Los gobiernos no entienden que no existen fronteras. Los pueblos ind\u00edgenas no tienen fronteras; que estemos en Per\u00fa o en Brasil es irrelevante. El medio ambiente tampoco conoce fronteras. Los pueblos ind\u00edgenas sufren una lucha aqu\u00ed por sus tierras. Pero es preciso comprender que se trata de un problema para la humanidad. Los explotadores pueden ganar dinero, pero pronto no van a poder comprar el agua, el ox\u00edgeno o la vida con \u00e9l.&rdquo;<\/p>","protected":false},"featured_media":0,"template":"","issues":[418],"companies":[],"regions":[279],"sectors":[],"article_tags":[],"class_list":["post-170826","article","type-article","status-publish","hentry","issues-sustainability","regions-peru"],"acf":[],"yoast_head":"<!-- This site is optimized with the Yoast SEO Premium plugin v27.1 (Yoast SEO v27.1) - https:\/\/yoast.com\/product\/yoast-seo-premium-wordpress\/ -->\n<title>La lucha por los recursos pone en peligro los derechos laborales - industriall-union<\/title>\n<meta name=\"description\" content=\"La transformaci\u00f3n est\u00e1 llegando. La opci\u00f3n que tenemos es si habr\u00e1 una lucha violenta por recursos como el agua, la energ\u00eda y la tierra f\u00e9rtil - medidas\" \/>\n<meta name=\"robots\" content=\"index, follow, max-snippet:-1, max-image-preview:large, max-video-preview:-1\" \/>\n<link rel=\"canonical\" href=\"https:\/\/admin.industriall-union.org\/es\/la-lucha-por-los-recursos-pone-en-peligro-los-derechos-laborales\/\" \/>\n<meta property=\"og:locale\" content=\"es_ES\" \/>\n<meta property=\"og:type\" content=\"article\" \/>\n<meta property=\"og:title\" content=\"La lucha por los recursos pone en peligro los derechos laborales\" \/>\n<meta property=\"og:description\" content=\"La transformaci\u00f3n est\u00e1 llegando. La opci\u00f3n que tenemos es si habr\u00e1 una lucha violenta por recursos como el agua, la energ\u00eda y la tierra f\u00e9rtil - medidas\" \/>\n<meta property=\"og:url\" content=\"https:\/\/admin.industriall-union.org\/es\/la-lucha-por-los-recursos-pone-en-peligro-los-derechos-laborales\/\" \/>\n<meta property=\"og:site_name\" content=\"industriall-union\" \/>\n<meta property=\"article:modified_time\" content=\"2025-02-07T18:48:31+00:00\" \/>\n<meta name=\"twitter:card\" content=\"summary_large_image\" \/>\n<meta name=\"twitter:label1\" content=\"Est. reading time\" \/>\n\t<meta name=\"twitter:data1\" content=\"3 minutes\" \/>\n<script type=\"application\/ld+json\" class=\"yoast-schema-graph\">{\"@context\":\"https:\/\/schema.org\",\"@graph\":[{\"@type\":\"WebPage\",\"@id\":\"https:\/\/admin.industriall-union.org\/es\/la-lucha-por-los-recursos-pone-en-peligro-los-derechos-laborales\/\",\"url\":\"https:\/\/admin.industriall-union.org\/es\/la-lucha-por-los-recursos-pone-en-peligro-los-derechos-laborales\/\",\"name\":\"La lucha por los recursos pone en peligro los derechos laborales - industriall-union\",\"isPartOf\":{\"@id\":\"https:\/\/admin.industriall-union.org\/#website\"},\"datePublished\":\"2014-12-05T12:25:49+00:00\",\"dateModified\":\"2025-02-07T18:48:31+00:00\",\"description\":\"La transformaci\u00f3n est\u00e1 llegando. La opci\u00f3n que tenemos es si habr\u00e1 una lucha violenta por recursos como el agua, la energ\u00eda y la tierra f\u00e9rtil - medidas\",\"breadcrumb\":{\"@id\":\"https:\/\/admin.industriall-union.org\/es\/la-lucha-por-los-recursos-pone-en-peligro-los-derechos-laborales\/#breadcrumb\"},\"inLanguage\":\"es-ES\",\"potentialAction\":[{\"@type\":\"ReadAction\",\"target\":[\"https:\/\/admin.industriall-union.org\/es\/la-lucha-por-los-recursos-pone-en-peligro-los-derechos-laborales\/\"]}]},{\"@type\":\"BreadcrumbList\",\"@id\":\"https:\/\/admin.industriall-union.org\/es\/la-lucha-por-los-recursos-pone-en-peligro-los-derechos-laborales\/#breadcrumb\",\"itemListElement\":[{\"@type\":\"ListItem\",\"position\":1,\"name\":\"Home\",\"item\":\"https:\/\/admin.industriall-union.org\/\"},{\"@type\":\"ListItem\",\"position\":2,\"name\":\"Articles\",\"item\":\"https:\/\/admin.industriall-union.org\/article\/\"},{\"@type\":\"ListItem\",\"position\":3,\"name\":\"La lucha por los recursos pone en peligro los derechos laborales\"}]},{\"@type\":\"WebSite\",\"@id\":\"https:\/\/admin.industriall-union.org\/#website\",\"url\":\"https:\/\/admin.industriall-union.org\/\",\"name\":\"industriall-union\",\"description\":\"\",\"potentialAction\":[{\"@type\":\"SearchAction\",\"target\":{\"@type\":\"EntryPoint\",\"urlTemplate\":\"https:\/\/admin.industriall-union.org\/?s={search_term_string}\"},\"query-input\":{\"@type\":\"PropertyValueSpecification\",\"valueRequired\":true,\"valueName\":\"search_term_string\"}}],\"inLanguage\":\"es-ES\"}]}<\/script>\n<!-- \/ Yoast SEO Premium plugin. -->","yoast_head_json":{"title":"La lucha por los recursos pone en peligro los derechos laborales - industriall-union","description":"La transformaci\u00f3n est\u00e1 llegando. La opci\u00f3n que tenemos es si habr\u00e1 una lucha violenta por recursos como el agua, la energ\u00eda y la tierra f\u00e9rtil - medidas","robots":{"index":"index","follow":"follow","max-snippet":"max-snippet:-1","max-image-preview":"max-image-preview:large","max-video-preview":"max-video-preview:-1"},"canonical":"https:\/\/admin.industriall-union.org\/es\/la-lucha-por-los-recursos-pone-en-peligro-los-derechos-laborales\/","og_locale":"es_ES","og_type":"article","og_title":"La lucha por los recursos pone en peligro los derechos laborales","og_description":"La transformaci\u00f3n est\u00e1 llegando. La opci\u00f3n que tenemos es si habr\u00e1 una lucha violenta por recursos como el agua, la energ\u00eda y la tierra f\u00e9rtil - medidas","og_url":"https:\/\/admin.industriall-union.org\/es\/la-lucha-por-los-recursos-pone-en-peligro-los-derechos-laborales\/","og_site_name":"industriall-union","article_modified_time":"2025-02-07T18:48:31+00:00","twitter_card":"summary_large_image","twitter_misc":{"Est. reading time":"3 minutes"},"schema":{"@context":"https:\/\/schema.org","@graph":[{"@type":"WebPage","@id":"https:\/\/admin.industriall-union.org\/es\/la-lucha-por-los-recursos-pone-en-peligro-los-derechos-laborales\/","url":"https:\/\/admin.industriall-union.org\/es\/la-lucha-por-los-recursos-pone-en-peligro-los-derechos-laborales\/","name":"La lucha por los recursos pone en peligro los derechos laborales - industriall-union","isPartOf":{"@id":"https:\/\/admin.industriall-union.org\/#website"},"datePublished":"2014-12-05T12:25:49+00:00","dateModified":"2025-02-07T18:48:31+00:00","description":"La transformaci\u00f3n est\u00e1 llegando. La opci\u00f3n que tenemos es si habr\u00e1 una lucha violenta por recursos como el agua, la energ\u00eda y la tierra f\u00e9rtil - medidas","breadcrumb":{"@id":"https:\/\/admin.industriall-union.org\/es\/la-lucha-por-los-recursos-pone-en-peligro-los-derechos-laborales\/#breadcrumb"},"inLanguage":"es-ES","potentialAction":[{"@type":"ReadAction","target":["https:\/\/admin.industriall-union.org\/es\/la-lucha-por-los-recursos-pone-en-peligro-los-derechos-laborales\/"]}]},{"@type":"BreadcrumbList","@id":"https:\/\/admin.industriall-union.org\/es\/la-lucha-por-los-recursos-pone-en-peligro-los-derechos-laborales\/#breadcrumb","itemListElement":[{"@type":"ListItem","position":1,"name":"Home","item":"https:\/\/admin.industriall-union.org\/"},{"@type":"ListItem","position":2,"name":"Articles","item":"https:\/\/admin.industriall-union.org\/article\/"},{"@type":"ListItem","position":3,"name":"La lucha por los recursos pone en peligro los derechos laborales"}]},{"@type":"WebSite","@id":"https:\/\/admin.industriall-union.org\/#website","url":"https:\/\/admin.industriall-union.org\/","name":"industriall-union","description":"","potentialAction":[{"@type":"SearchAction","target":{"@type":"EntryPoint","urlTemplate":"https:\/\/admin.industriall-union.org\/?s={search_term_string}"},"query-input":{"@type":"PropertyValueSpecification","valueRequired":true,"valueName":"search_term_string"}}],"inLanguage":"es-ES"}]}},"_links":{"self":[{"href":"https:\/\/admin.industriall-union.org\/es\/wp-json\/wp\/v2\/article\/170826","targetHints":{"allow":["GET"]}}],"collection":[{"href":"https:\/\/admin.industriall-union.org\/es\/wp-json\/wp\/v2\/article"}],"about":[{"href":"https:\/\/admin.industriall-union.org\/es\/wp-json\/wp\/v2\/types\/article"}],"wp:attachment":[{"href":"https:\/\/admin.industriall-union.org\/es\/wp-json\/wp\/v2\/media?parent=170826"}],"wp:term":[{"taxonomy":"issues","embeddable":true,"href":"https:\/\/admin.industriall-union.org\/es\/wp-json\/wp\/v2\/issues?post=170826"},{"taxonomy":"companies","embeddable":true,"href":"https:\/\/admin.industriall-union.org\/es\/wp-json\/wp\/v2\/companies?post=170826"},{"taxonomy":"regions","embeddable":true,"href":"https:\/\/admin.industriall-union.org\/es\/wp-json\/wp\/v2\/regions?post=170826"},{"taxonomy":"sectors","embeddable":true,"href":"https:\/\/admin.industriall-union.org\/es\/wp-json\/wp\/v2\/sectors?post=170826"},{"taxonomy":"article_tags","embeddable":true,"href":"https:\/\/admin.industriall-union.org\/es\/wp-json\/wp\/v2\/article_tags?post=170826"}],"curies":[{"name":"wp","href":"https:\/\/api.w.org\/{rel}","templated":true}]}}