{"id":170704,"date":"2015-01-15T08:29:50","date_gmt":"2015-01-15T08:29:50","guid":{"rendered":"https:\/\/admin.industriall-union.org\/la-campana-sindical-aumenta-la-presion-sobre-lafarge-holcim\/"},"modified":"2025-02-07T18:11:17","modified_gmt":"2025-02-07T18:11:17","slug":"la-campana-sindical-aumenta-la-presion-sobre-lafarge-holcim","status":"publish","type":"article","link":"https:\/\/admin.industriall-union.org\/es\/la-campana-sindical-aumenta-la-presion-sobre-lafarge-holcim\/","title":{"rendered":"La campa\u00f1a sindical aumenta la presi\u00f3n sobre Lafarge-Holcim"},"content":{"rendered":"<p>Con estas acciones se lanza una campa\u00f1a mundial contra el comportamiento de Lafarge y Holcim en el proceso de fusi\u00f3n. La campa\u00f1a la organizan la <a href=\"http:\/\/www.bwint.org\/\">Federaci\u00f3n Internacional de Trabajadores de la Construcci\u00f3n y de la Madera<\/a> (FITCM), la <a href=\"http:\/\/www.efbww.org\/default.asp?Language=EN\">Federaci\u00f3n Europea de Trabajadores de la Construcci\u00f3n y de la Madera<\/a> (FETCM) y la <a href=\"http:\/\/www.industriall-union.org\/\">IndustriALL Global Union<\/a>.<\/p><p>Desde el anuncio el a\u00f1o pasado de sus planes de fusi\u00f3n, Holcim y Lafarge, con sede en Suiza y Francia, se han negado constantemente a discutir seriamente con los sindicatos sobre el impacto de la fusi\u00f3n para los trabajadores. Seg\u00fan diferentes estimaciones, al menos 15.000 trabajadores perder\u00e1n sus empleos como resultado de una importante reestructuraci\u00f3n; sin embargo, las empresas no han sido transparentes ni han dado a conocer el proceso de fusi\u00f3n, dejando a los trabajadores en la incertidumbre sobre su futuro.<\/p><p>Las principales demandas de los sindicatos a Lafarge y Holcim son:<\/p><ul><li>Garant\u00eda de la protecci\u00f3n de las condiciones de los trabajadores en las partes empresariales que se vendan.<\/li><li>Que la nueva empresa fusionada garantice el cumplimiento de todos los convenios colectivos con los trabajadores.<\/li><li>Que se comprometan a mantener el di\u00e1logo social a nivel mundial en que Lafarge ha participado anteriormente con los sindicatos.<\/li><li>Que consulten con los trabajadores y sus sindicatos durante este proceso de fusi\u00f3n.<\/li><\/ul><p>Muchos de los sindicatos de Brasil, Grecia, Pa\u00edses Bajos, Tailandia, Nigeria y Zimbabwe est\u00e1n distribuyendo octavillas y hablando a los trabajadores sobre la manera en que resultar\u00e1n afectados por la fusi\u00f3n. Como muchos trabajadores no han recibido informaci\u00f3n adecuada sobre el proceso de fusi\u00f3n, estas discusiones son fundamentales para mitigar las inquietudes de los trabajadores sobre su futuro. En algunos pa\u00edses, como L\u00edbano, Brasil y Francia, los sindicatos est\u00e1n procediendo a paros laborales en las plantas. En Filipinas, Jordania, Rumania y Alemania, los sindicatos est\u00e1n montando piquetes ante las plantas de Lafarge y Holcim. Habida cuenta del inter\u00e9s de los medios de informaci\u00f3n en la fusi\u00f3n, los sindicatos de Colombia, la India y Serbia est\u00e1n celebrando conferencia de prensa.<\/p><p>Los sindicatos seguir\u00e1n organizando acciones hasta que se atiendan sus demandas.<\/p><p>Con el fin de apoyar las acciones <em>in situ<\/em> y ejercer presi\u00f3n sobre las direcciones de las empresas, la FITCM, la IndustriALL y la FETCM, junto con el sitio web de LabourStart, han lanzado una campa\u00f1a en l\u00ednea. S\u00edgase el enlace para enviar el mensaje de protesta a Holcim y Lafarge a trav\u00e9s de <a href=\"http:\/\/www.labourstart.org\/go\/nomerger\">http:\/\/www.labourstart.org\/go\/nomerger<\/a><\/p>","protected":false},"featured_media":0,"template":"","issues":[406,409,425],"companies":[68,86],"regions":[],"sectors":[485],"article_tags":[],"class_list":["post-170704","article","type-article","status-publish","hentry","issues-confronting-global-capital","issues-multinational-companies-mncs","issues-workers-rights","companies-holcim","companies-lafarge","sectors-cement"],"acf":[],"yoast_head":"<!-- This site is optimized with the Yoast SEO Premium plugin v27.1 (Yoast SEO v27.1) - https:\/\/yoast.com\/product\/yoast-seo-premium-wordpress\/ -->\n<title>La campa\u00f1a sindical aumenta la presi\u00f3n sobre Lafarge-Holcim - industriall-union<\/title>\n<meta name=\"description\" content=\"Con estas acciones se lanza una campa\u00f1a mundial contra el comportamiento de Lafarge y Holcim en el proceso de fusi\u00f3n. La campa\u00f1a la organizan la\" \/>\n<meta name=\"robots\" content=\"index, follow, max-snippet:-1, max-image-preview:large, max-video-preview:-1\" \/>\n<link rel=\"canonical\" href=\"https:\/\/admin.industriall-union.org\/es\/la-campana-sindical-aumenta-la-presion-sobre-lafarge-holcim\/\" \/>\n<meta property=\"og:locale\" content=\"es_ES\" \/>\n<meta property=\"og:type\" content=\"article\" \/>\n<meta property=\"og:title\" content=\"La campa\u00f1a sindical aumenta la presi\u00f3n sobre Lafarge-Holcim\" \/>\n<meta property=\"og:description\" content=\"Con estas acciones se lanza una campa\u00f1a mundial contra el comportamiento de Lafarge y Holcim en el proceso de fusi\u00f3n. La campa\u00f1a la organizan la\" \/>\n<meta property=\"og:url\" content=\"https:\/\/admin.industriall-union.org\/es\/la-campana-sindical-aumenta-la-presion-sobre-lafarge-holcim\/\" \/>\n<meta property=\"og:site_name\" content=\"industriall-union\" \/>\n<meta property=\"article:modified_time\" content=\"2025-02-07T18:11:17+00:00\" \/>\n<meta name=\"twitter:card\" content=\"summary_large_image\" \/>\n<meta name=\"twitter:label1\" content=\"Est. reading time\" \/>\n\t<meta name=\"twitter:data1\" content=\"2 minutes\" \/>\n<script type=\"application\/ld+json\" class=\"yoast-schema-graph\">{\"@context\":\"https:\/\/schema.org\",\"@graph\":[{\"@type\":\"WebPage\",\"@id\":\"https:\/\/admin.industriall-union.org\/es\/la-campana-sindical-aumenta-la-presion-sobre-lafarge-holcim\/\",\"url\":\"https:\/\/admin.industriall-union.org\/es\/la-campana-sindical-aumenta-la-presion-sobre-lafarge-holcim\/\",\"name\":\"La campa\u00f1a sindical aumenta la presi\u00f3n sobre Lafarge-Holcim - industriall-union\",\"isPartOf\":{\"@id\":\"https:\/\/admin.industriall-union.org\/#website\"},\"datePublished\":\"2015-01-15T08:29:50+00:00\",\"dateModified\":\"2025-02-07T18:11:17+00:00\",\"description\":\"Con estas acciones se lanza una campa\u00f1a mundial contra el comportamiento de Lafarge y Holcim en el proceso de fusi\u00f3n. La campa\u00f1a la organizan la\",\"breadcrumb\":{\"@id\":\"https:\/\/admin.industriall-union.org\/es\/la-campana-sindical-aumenta-la-presion-sobre-lafarge-holcim\/#breadcrumb\"},\"inLanguage\":\"es-ES\",\"potentialAction\":[{\"@type\":\"ReadAction\",\"target\":[\"https:\/\/admin.industriall-union.org\/es\/la-campana-sindical-aumenta-la-presion-sobre-lafarge-holcim\/\"]}]},{\"@type\":\"BreadcrumbList\",\"@id\":\"https:\/\/admin.industriall-union.org\/es\/la-campana-sindical-aumenta-la-presion-sobre-lafarge-holcim\/#breadcrumb\",\"itemListElement\":[{\"@type\":\"ListItem\",\"position\":1,\"name\":\"Home\",\"item\":\"https:\/\/admin.industriall-union.org\/\"},{\"@type\":\"ListItem\",\"position\":2,\"name\":\"Articles\",\"item\":\"https:\/\/admin.industriall-union.org\/article\/\"},{\"@type\":\"ListItem\",\"position\":3,\"name\":\"La campa\u00f1a sindical aumenta la presi\u00f3n sobre Lafarge-Holcim\"}]},{\"@type\":\"WebSite\",\"@id\":\"https:\/\/admin.industriall-union.org\/#website\",\"url\":\"https:\/\/admin.industriall-union.org\/\",\"name\":\"industriall-union\",\"description\":\"\",\"potentialAction\":[{\"@type\":\"SearchAction\",\"target\":{\"@type\":\"EntryPoint\",\"urlTemplate\":\"https:\/\/admin.industriall-union.org\/?s={search_term_string}\"},\"query-input\":{\"@type\":\"PropertyValueSpecification\",\"valueRequired\":true,\"valueName\":\"search_term_string\"}}],\"inLanguage\":\"es-ES\"}]}<\/script>\n<!-- \/ Yoast SEO Premium plugin. -->","yoast_head_json":{"title":"La campa\u00f1a sindical aumenta la presi\u00f3n sobre Lafarge-Holcim - industriall-union","description":"Con estas acciones se lanza una campa\u00f1a mundial contra el comportamiento de Lafarge y Holcim en el proceso de fusi\u00f3n. La campa\u00f1a la organizan la","robots":{"index":"index","follow":"follow","max-snippet":"max-snippet:-1","max-image-preview":"max-image-preview:large","max-video-preview":"max-video-preview:-1"},"canonical":"https:\/\/admin.industriall-union.org\/es\/la-campana-sindical-aumenta-la-presion-sobre-lafarge-holcim\/","og_locale":"es_ES","og_type":"article","og_title":"La campa\u00f1a sindical aumenta la presi\u00f3n sobre Lafarge-Holcim","og_description":"Con estas acciones se lanza una campa\u00f1a mundial contra el comportamiento de Lafarge y Holcim en el proceso de fusi\u00f3n. La campa\u00f1a la organizan la","og_url":"https:\/\/admin.industriall-union.org\/es\/la-campana-sindical-aumenta-la-presion-sobre-lafarge-holcim\/","og_site_name":"industriall-union","article_modified_time":"2025-02-07T18:11:17+00:00","twitter_card":"summary_large_image","twitter_misc":{"Est. reading time":"2 minutes"},"schema":{"@context":"https:\/\/schema.org","@graph":[{"@type":"WebPage","@id":"https:\/\/admin.industriall-union.org\/es\/la-campana-sindical-aumenta-la-presion-sobre-lafarge-holcim\/","url":"https:\/\/admin.industriall-union.org\/es\/la-campana-sindical-aumenta-la-presion-sobre-lafarge-holcim\/","name":"La campa\u00f1a sindical aumenta la presi\u00f3n sobre Lafarge-Holcim - industriall-union","isPartOf":{"@id":"https:\/\/admin.industriall-union.org\/#website"},"datePublished":"2015-01-15T08:29:50+00:00","dateModified":"2025-02-07T18:11:17+00:00","description":"Con estas acciones se lanza una campa\u00f1a mundial contra el comportamiento de Lafarge y Holcim en el proceso de fusi\u00f3n. La campa\u00f1a la organizan la","breadcrumb":{"@id":"https:\/\/admin.industriall-union.org\/es\/la-campana-sindical-aumenta-la-presion-sobre-lafarge-holcim\/#breadcrumb"},"inLanguage":"es-ES","potentialAction":[{"@type":"ReadAction","target":["https:\/\/admin.industriall-union.org\/es\/la-campana-sindical-aumenta-la-presion-sobre-lafarge-holcim\/"]}]},{"@type":"BreadcrumbList","@id":"https:\/\/admin.industriall-union.org\/es\/la-campana-sindical-aumenta-la-presion-sobre-lafarge-holcim\/#breadcrumb","itemListElement":[{"@type":"ListItem","position":1,"name":"Home","item":"https:\/\/admin.industriall-union.org\/"},{"@type":"ListItem","position":2,"name":"Articles","item":"https:\/\/admin.industriall-union.org\/article\/"},{"@type":"ListItem","position":3,"name":"La campa\u00f1a sindical aumenta la presi\u00f3n sobre Lafarge-Holcim"}]},{"@type":"WebSite","@id":"https:\/\/admin.industriall-union.org\/#website","url":"https:\/\/admin.industriall-union.org\/","name":"industriall-union","description":"","potentialAction":[{"@type":"SearchAction","target":{"@type":"EntryPoint","urlTemplate":"https:\/\/admin.industriall-union.org\/?s={search_term_string}"},"query-input":{"@type":"PropertyValueSpecification","valueRequired":true,"valueName":"search_term_string"}}],"inLanguage":"es-ES"}]}},"_links":{"self":[{"href":"https:\/\/admin.industriall-union.org\/es\/wp-json\/wp\/v2\/article\/170704","targetHints":{"allow":["GET"]}}],"collection":[{"href":"https:\/\/admin.industriall-union.org\/es\/wp-json\/wp\/v2\/article"}],"about":[{"href":"https:\/\/admin.industriall-union.org\/es\/wp-json\/wp\/v2\/types\/article"}],"wp:attachment":[{"href":"https:\/\/admin.industriall-union.org\/es\/wp-json\/wp\/v2\/media?parent=170704"}],"wp:term":[{"taxonomy":"issues","embeddable":true,"href":"https:\/\/admin.industriall-union.org\/es\/wp-json\/wp\/v2\/issues?post=170704"},{"taxonomy":"companies","embeddable":true,"href":"https:\/\/admin.industriall-union.org\/es\/wp-json\/wp\/v2\/companies?post=170704"},{"taxonomy":"regions","embeddable":true,"href":"https:\/\/admin.industriall-union.org\/es\/wp-json\/wp\/v2\/regions?post=170704"},{"taxonomy":"sectors","embeddable":true,"href":"https:\/\/admin.industriall-union.org\/es\/wp-json\/wp\/v2\/sectors?post=170704"},{"taxonomy":"article_tags","embeddable":true,"href":"https:\/\/admin.industriall-union.org\/es\/wp-json\/wp\/v2\/article_tags?post=170704"}],"curies":[{"name":"wp","href":"https:\/\/api.w.org\/{rel}","templated":true}]}}