{"id":170702,"date":"2015-01-15T09:51:31","date_gmt":"2015-01-15T09:51:31","guid":{"rendered":"https:\/\/admin.industriall-union.org\/2-000-mineros-polacos-protestan-amenaza-de-cierre-de-las-minas\/"},"modified":"2025-02-07T18:08:32","modified_gmt":"2025-02-07T18:08:32","slug":"2-000-mineros-polacos-protestan-amenaza-de-cierre-de-las-minas","status":"publish","type":"article","link":"https:\/\/admin.industriall-union.org\/es\/2-000-mineros-polacos-protestan-amenaza-de-cierre-de-las-minas\/","title":{"rendered":"2.000 mineros polacos protestan amenaza de cierre de las minas"},"content":{"rendered":"<p>Esta decisi\u00f3n de cierre fue dada a conocer por el gobierno el 7 de enero, lo que significa eliminaci\u00f3n de puestos de trabajo, y consecuencias dolorosas para los trabajadores y las comunidades mineras.<\/p><p>Los mineros polacos afirman que las minas de carb\u00f3n podr\u00edan ser rentables, se\u00f1alando que estas minas en cuesti\u00f3n todav\u00eda tienen grandes dep\u00f3sitos de carb\u00f3n; por tanto, exigen profunda reestructuraci\u00f3n de todo el sector del carb\u00f3n que proporciona a Polonia una fuente clave de energ\u00eda, calor y seguridad energ\u00e9tica.<\/p><p>Los mineros, los sindicatos y las autoridades locales se enteraron de la noticia del plan de cierre a trav\u00e9s de los medios de comunicaci\u00f3n. Este plan significar\u00eda la p\u00e9rdida de miles de puestos de trabajo; no hubo consultaci\u00f3n previa sobre este grave problema econ\u00f3mico y social de la zona, ni debate, ni di\u00e1logo social. Adem\u00e1s, en los \u00faltimos dos a\u00f1os, el gobierno parec\u00eda dispuesto a reestructurar la industria del carb\u00f3n; en ning\u00fan momento hab\u00eda mencionado cerrar las minas.<\/p><p>A consecuencia del mencionado comunicado, se produjeron protestas espont\u00e1neas de las cuadrillas mineras afectadas, apoyadas por personal administrativo y sus colegas de todas las dem\u00e1s minas.<\/p><p>La Primera Ministra de Polonia, Ewa Kopacz, viaj\u00f3 a la regi\u00f3n de Silesia para conversar con los mineros que protestaban. Sin embargo, las negociaciones fracasaron, y como no se vislumbra ninguna perspectiva de llegar a un acuerdo, tampoco se sabe cu\u00e1ndo podr\u00edan proseguir las conversaciones.<\/p><p>Glen Mpufane, Director de IndustriALL Global Union para el sector minero, se\u00f1al\u00f3 al respecto:<\/p><blockquote><p>Junto con IndustriALL Europe, apoyamos las protestas de nuestros camaradas de Polonia cuyo futuro est\u00e1 en peligro. Insistiremos ante el gobierno para que llegue a un acuerdo con los sindicatos para proteger miles de puestos de trabajo.<\/p><\/blockquote>","protected":false},"featured_media":0,"template":"","issues":[420,425],"companies":[],"regions":[239],"sectors":[495],"article_tags":[529],"class_list":["post-170702","article","type-article","status-publish","hentry","issues-solidarity","issues-workers-rights","regions-poland","sectors-mining","article_tags-strike"],"acf":[],"yoast_head":"<!-- This site is optimized with the Yoast SEO Premium plugin v27.1 (Yoast SEO v27.1) - https:\/\/yoast.com\/product\/yoast-seo-premium-wordpress\/ -->\n<title>2.000 mineros polacos protestan amenaza de cierre de las minas - industriall-union<\/title>\n<meta name=\"description\" content=\"Esta decisi\u00f3n de cierre fue dada a conocer por el gobierno el 7 de enero, lo que significa eliminaci\u00f3n de puestos de trabajo, y consecuencias dolorosas\" \/>\n<meta name=\"robots\" content=\"index, follow, max-snippet:-1, max-image-preview:large, max-video-preview:-1\" \/>\n<link rel=\"canonical\" href=\"https:\/\/admin.industriall-union.org\/es\/2-000-mineros-polacos-protestan-amenaza-de-cierre-de-las-minas\/\" \/>\n<meta property=\"og:locale\" content=\"es_ES\" \/>\n<meta property=\"og:type\" content=\"article\" \/>\n<meta property=\"og:title\" content=\"2.000 mineros polacos protestan amenaza de cierre de las minas\" \/>\n<meta property=\"og:description\" content=\"Esta decisi\u00f3n de cierre fue dada a conocer por el gobierno el 7 de enero, lo que significa eliminaci\u00f3n de puestos de trabajo, y consecuencias dolorosas\" \/>\n<meta property=\"og:url\" content=\"https:\/\/admin.industriall-union.org\/es\/2-000-mineros-polacos-protestan-amenaza-de-cierre-de-las-minas\/\" \/>\n<meta property=\"og:site_name\" content=\"industriall-union\" \/>\n<meta property=\"article:modified_time\" content=\"2025-02-07T18:08:32+00:00\" \/>\n<meta name=\"twitter:card\" content=\"summary_large_image\" \/>\n<meta name=\"twitter:label1\" content=\"Est. reading time\" \/>\n\t<meta name=\"twitter:data1\" content=\"2 minutes\" \/>\n<script type=\"application\/ld+json\" class=\"yoast-schema-graph\">{\"@context\":\"https:\/\/schema.org\",\"@graph\":[{\"@type\":\"WebPage\",\"@id\":\"https:\/\/admin.industriall-union.org\/es\/2-000-mineros-polacos-protestan-amenaza-de-cierre-de-las-minas\/\",\"url\":\"https:\/\/admin.industriall-union.org\/es\/2-000-mineros-polacos-protestan-amenaza-de-cierre-de-las-minas\/\",\"name\":\"2.000 mineros polacos protestan amenaza de cierre de las minas - industriall-union\",\"isPartOf\":{\"@id\":\"https:\/\/admin.industriall-union.org\/#website\"},\"datePublished\":\"2015-01-15T09:51:31+00:00\",\"dateModified\":\"2025-02-07T18:08:32+00:00\",\"description\":\"Esta decisi\u00f3n de cierre fue dada a conocer por el gobierno el 7 de enero, lo que significa eliminaci\u00f3n de puestos de trabajo, y consecuencias dolorosas\",\"breadcrumb\":{\"@id\":\"https:\/\/admin.industriall-union.org\/es\/2-000-mineros-polacos-protestan-amenaza-de-cierre-de-las-minas\/#breadcrumb\"},\"inLanguage\":\"es-ES\",\"potentialAction\":[{\"@type\":\"ReadAction\",\"target\":[\"https:\/\/admin.industriall-union.org\/es\/2-000-mineros-polacos-protestan-amenaza-de-cierre-de-las-minas\/\"]}]},{\"@type\":\"BreadcrumbList\",\"@id\":\"https:\/\/admin.industriall-union.org\/es\/2-000-mineros-polacos-protestan-amenaza-de-cierre-de-las-minas\/#breadcrumb\",\"itemListElement\":[{\"@type\":\"ListItem\",\"position\":1,\"name\":\"Home\",\"item\":\"https:\/\/admin.industriall-union.org\/\"},{\"@type\":\"ListItem\",\"position\":2,\"name\":\"Articles\",\"item\":\"https:\/\/admin.industriall-union.org\/article\/\"},{\"@type\":\"ListItem\",\"position\":3,\"name\":\"2.000 mineros polacos protestan amenaza de cierre de las minas\"}]},{\"@type\":\"WebSite\",\"@id\":\"https:\/\/admin.industriall-union.org\/#website\",\"url\":\"https:\/\/admin.industriall-union.org\/\",\"name\":\"industriall-union\",\"description\":\"\",\"potentialAction\":[{\"@type\":\"SearchAction\",\"target\":{\"@type\":\"EntryPoint\",\"urlTemplate\":\"https:\/\/admin.industriall-union.org\/?s={search_term_string}\"},\"query-input\":{\"@type\":\"PropertyValueSpecification\",\"valueRequired\":true,\"valueName\":\"search_term_string\"}}],\"inLanguage\":\"es-ES\"}]}<\/script>\n<!-- \/ Yoast SEO Premium plugin. -->","yoast_head_json":{"title":"2.000 mineros polacos protestan amenaza de cierre de las minas - industriall-union","description":"Esta decisi\u00f3n de cierre fue dada a conocer por el gobierno el 7 de enero, lo que significa eliminaci\u00f3n de puestos de trabajo, y consecuencias dolorosas","robots":{"index":"index","follow":"follow","max-snippet":"max-snippet:-1","max-image-preview":"max-image-preview:large","max-video-preview":"max-video-preview:-1"},"canonical":"https:\/\/admin.industriall-union.org\/es\/2-000-mineros-polacos-protestan-amenaza-de-cierre-de-las-minas\/","og_locale":"es_ES","og_type":"article","og_title":"2.000 mineros polacos protestan amenaza de cierre de las minas","og_description":"Esta decisi\u00f3n de cierre fue dada a conocer por el gobierno el 7 de enero, lo que significa eliminaci\u00f3n de puestos de trabajo, y consecuencias dolorosas","og_url":"https:\/\/admin.industriall-union.org\/es\/2-000-mineros-polacos-protestan-amenaza-de-cierre-de-las-minas\/","og_site_name":"industriall-union","article_modified_time":"2025-02-07T18:08:32+00:00","twitter_card":"summary_large_image","twitter_misc":{"Est. reading time":"2 minutes"},"schema":{"@context":"https:\/\/schema.org","@graph":[{"@type":"WebPage","@id":"https:\/\/admin.industriall-union.org\/es\/2-000-mineros-polacos-protestan-amenaza-de-cierre-de-las-minas\/","url":"https:\/\/admin.industriall-union.org\/es\/2-000-mineros-polacos-protestan-amenaza-de-cierre-de-las-minas\/","name":"2.000 mineros polacos protestan amenaza de cierre de las minas - industriall-union","isPartOf":{"@id":"https:\/\/admin.industriall-union.org\/#website"},"datePublished":"2015-01-15T09:51:31+00:00","dateModified":"2025-02-07T18:08:32+00:00","description":"Esta decisi\u00f3n de cierre fue dada a conocer por el gobierno el 7 de enero, lo que significa eliminaci\u00f3n de puestos de trabajo, y consecuencias dolorosas","breadcrumb":{"@id":"https:\/\/admin.industriall-union.org\/es\/2-000-mineros-polacos-protestan-amenaza-de-cierre-de-las-minas\/#breadcrumb"},"inLanguage":"es-ES","potentialAction":[{"@type":"ReadAction","target":["https:\/\/admin.industriall-union.org\/es\/2-000-mineros-polacos-protestan-amenaza-de-cierre-de-las-minas\/"]}]},{"@type":"BreadcrumbList","@id":"https:\/\/admin.industriall-union.org\/es\/2-000-mineros-polacos-protestan-amenaza-de-cierre-de-las-minas\/#breadcrumb","itemListElement":[{"@type":"ListItem","position":1,"name":"Home","item":"https:\/\/admin.industriall-union.org\/"},{"@type":"ListItem","position":2,"name":"Articles","item":"https:\/\/admin.industriall-union.org\/article\/"},{"@type":"ListItem","position":3,"name":"2.000 mineros polacos protestan amenaza de cierre de las minas"}]},{"@type":"WebSite","@id":"https:\/\/admin.industriall-union.org\/#website","url":"https:\/\/admin.industriall-union.org\/","name":"industriall-union","description":"","potentialAction":[{"@type":"SearchAction","target":{"@type":"EntryPoint","urlTemplate":"https:\/\/admin.industriall-union.org\/?s={search_term_string}"},"query-input":{"@type":"PropertyValueSpecification","valueRequired":true,"valueName":"search_term_string"}}],"inLanguage":"es-ES"}]}},"_links":{"self":[{"href":"https:\/\/admin.industriall-union.org\/es\/wp-json\/wp\/v2\/article\/170702","targetHints":{"allow":["GET"]}}],"collection":[{"href":"https:\/\/admin.industriall-union.org\/es\/wp-json\/wp\/v2\/article"}],"about":[{"href":"https:\/\/admin.industriall-union.org\/es\/wp-json\/wp\/v2\/types\/article"}],"wp:attachment":[{"href":"https:\/\/admin.industriall-union.org\/es\/wp-json\/wp\/v2\/media?parent=170702"}],"wp:term":[{"taxonomy":"issues","embeddable":true,"href":"https:\/\/admin.industriall-union.org\/es\/wp-json\/wp\/v2\/issues?post=170702"},{"taxonomy":"companies","embeddable":true,"href":"https:\/\/admin.industriall-union.org\/es\/wp-json\/wp\/v2\/companies?post=170702"},{"taxonomy":"regions","embeddable":true,"href":"https:\/\/admin.industriall-union.org\/es\/wp-json\/wp\/v2\/regions?post=170702"},{"taxonomy":"sectors","embeddable":true,"href":"https:\/\/admin.industriall-union.org\/es\/wp-json\/wp\/v2\/sectors?post=170702"},{"taxonomy":"article_tags","embeddable":true,"href":"https:\/\/admin.industriall-union.org\/es\/wp-json\/wp\/v2\/article_tags?post=170702"}],"curies":[{"name":"wp","href":"https:\/\/api.w.org\/{rel}","templated":true}]}}