{"id":170692,"date":"2015-01-21T12:50:10","date_gmt":"2015-01-21T12:50:10","guid":{"rendered":"https:\/\/admin.industriall-union.org\/mineros-polacos-firman-acuerdo-con-el-gobierno\/"},"modified":"2025-02-07T18:00:30","modified_gmt":"2025-02-07T18:00:30","slug":"mineros-polacos-firman-acuerdo-con-el-gobierno","status":"publish","type":"article","link":"https:\/\/admin.industriall-union.org\/es\/mineros-polacos-firman-acuerdo-con-el-gobierno\/","title":{"rendered":"Mineros polacos firman acuerdo con el gobierno"},"content":{"rendered":"<p>Despu\u00e9s de <a href=\"http:\/\/www.industriall-union.org\/es\/2000-mineros-polacos-protestan-amenaza-de-cierre-de-las-minas\" target=\"_self\">las protestas, que se extendieron por 11 d\u00edas<\/a>, la Primera Ministra de Polonia, Ewa Kopacz, y representantes de todos los sindicatos del sector minero, firmaron finalmente dicho acuerdo. De este modo, se garantizar\u00e1 la participaci\u00f3n del sector de la energ\u00eda en la reestructuraci\u00f3n del sector de la miner\u00eda, la transferencia de cuatro minas a una empresa de reestructuraci\u00f3n de minas, y tambi\u00e9n la posibilidad de vender las minas a inversores.<\/p><p>El acuerdo tambi\u00e9n ofrece la posibilidad de realizar conversaciones sobre un nuevo convenio para el sector minero, subvenci\u00f3n estatal para las industrias de alto consumo energ\u00e9tico, y el desarrollo de un programa de reindustrializaci\u00f3n para la regi\u00f3n de Silesia y Malopolska. Tambi\u00e9n se van a realizar negociaciones sobre el futuro de la industria y el empleo en Polonia.<\/p><p>Continuar\u00e1 el di\u00e1logo social entre el gobierno y los sindicatos.<\/p><p>Por otro lado, Dariusz Trzcionka, Presidente de KADRA, organizaci\u00f3n afiliada a IndustriALL, afirm\u00f3 al respecto:<\/p><p>&quot;El \u00e9xito de las negociaciones no habr\u00eda sido posible sin el apoyo y la solidaridad de los trabajadores, habitantes de la regi\u00f3n, gobiernos locales, sindicatos europeos e internacionales, IndustriALL y los sindicatos polacos. &iexcl;Les damos las gracias por el apoyo que han brindado a los mineros en estos tiempos dif\u00edciles!&quot;<\/p><p>Por su parte, refiri\u00e9ndose al acuerdo, la Primera Ministra Ewa Kopacz dijo lo siguiente:<\/p><p>&quot;Quisiera agradecer el haber alcanzado este entendimiento tan bueno y saludable. Constituye un paso beneficioso no solamente para nosotros, sino tambi\u00e9n para el futuro de la miner\u00eda en Polonia&quot;.<\/p>","protected":false},"featured_media":0,"template":"","issues":[396,420,425],"companies":[],"regions":[239],"sectors":[495],"article_tags":[],"class_list":["post-170692","article","type-article","status-publish","hentry","issues-building-strong-unions","issues-solidarity","issues-workers-rights","regions-poland","sectors-mining"],"acf":[],"yoast_head":"<!-- This site is optimized with the Yoast SEO Premium plugin v27.1 (Yoast SEO v27.1) - https:\/\/yoast.com\/product\/yoast-seo-premium-wordpress\/ -->\n<title>Mineros polacos firman acuerdo con el gobierno - industriall-union<\/title>\n<meta name=\"description\" content=\"Despu\u00e9s de las protestas, que se extendieron por 11 d\u00edas, la Primera Ministra de Polonia, Ewa Kopacz, y representantes de todos los sindicatos del sector\" \/>\n<meta name=\"robots\" content=\"index, follow, max-snippet:-1, max-image-preview:large, max-video-preview:-1\" \/>\n<link rel=\"canonical\" href=\"https:\/\/admin.industriall-union.org\/es\/mineros-polacos-firman-acuerdo-con-el-gobierno\/\" \/>\n<meta property=\"og:locale\" content=\"es_ES\" \/>\n<meta property=\"og:type\" content=\"article\" \/>\n<meta property=\"og:title\" content=\"Mineros polacos firman acuerdo con el gobierno\" \/>\n<meta property=\"og:description\" content=\"Despu\u00e9s de las protestas, que se extendieron por 11 d\u00edas, la Primera Ministra de Polonia, Ewa Kopacz, y representantes de todos los sindicatos del sector\" \/>\n<meta property=\"og:url\" content=\"https:\/\/admin.industriall-union.org\/es\/mineros-polacos-firman-acuerdo-con-el-gobierno\/\" \/>\n<meta property=\"og:site_name\" content=\"industriall-union\" \/>\n<meta property=\"article:modified_time\" content=\"2025-02-07T18:00:30+00:00\" \/>\n<meta name=\"twitter:card\" content=\"summary_large_image\" \/>\n<meta name=\"twitter:label1\" content=\"Est. reading time\" \/>\n\t<meta name=\"twitter:data1\" content=\"1 minute\" \/>\n<script type=\"application\/ld+json\" class=\"yoast-schema-graph\">{\"@context\":\"https:\/\/schema.org\",\"@graph\":[{\"@type\":\"WebPage\",\"@id\":\"https:\/\/admin.industriall-union.org\/es\/mineros-polacos-firman-acuerdo-con-el-gobierno\/\",\"url\":\"https:\/\/admin.industriall-union.org\/es\/mineros-polacos-firman-acuerdo-con-el-gobierno\/\",\"name\":\"Mineros polacos firman acuerdo con el gobierno - industriall-union\",\"isPartOf\":{\"@id\":\"https:\/\/admin.industriall-union.org\/#website\"},\"datePublished\":\"2015-01-21T12:50:10+00:00\",\"dateModified\":\"2025-02-07T18:00:30+00:00\",\"description\":\"Despu\u00e9s de las protestas, que se extendieron por 11 d\u00edas, la Primera Ministra de Polonia, Ewa Kopacz, y representantes de todos los sindicatos del sector\",\"breadcrumb\":{\"@id\":\"https:\/\/admin.industriall-union.org\/es\/mineros-polacos-firman-acuerdo-con-el-gobierno\/#breadcrumb\"},\"inLanguage\":\"es-ES\",\"potentialAction\":[{\"@type\":\"ReadAction\",\"target\":[\"https:\/\/admin.industriall-union.org\/es\/mineros-polacos-firman-acuerdo-con-el-gobierno\/\"]}]},{\"@type\":\"BreadcrumbList\",\"@id\":\"https:\/\/admin.industriall-union.org\/es\/mineros-polacos-firman-acuerdo-con-el-gobierno\/#breadcrumb\",\"itemListElement\":[{\"@type\":\"ListItem\",\"position\":1,\"name\":\"Home\",\"item\":\"https:\/\/admin.industriall-union.org\/\"},{\"@type\":\"ListItem\",\"position\":2,\"name\":\"Articles\",\"item\":\"https:\/\/admin.industriall-union.org\/article\/\"},{\"@type\":\"ListItem\",\"position\":3,\"name\":\"Mineros polacos firman acuerdo con el gobierno\"}]},{\"@type\":\"WebSite\",\"@id\":\"https:\/\/admin.industriall-union.org\/#website\",\"url\":\"https:\/\/admin.industriall-union.org\/\",\"name\":\"industriall-union\",\"description\":\"\",\"potentialAction\":[{\"@type\":\"SearchAction\",\"target\":{\"@type\":\"EntryPoint\",\"urlTemplate\":\"https:\/\/admin.industriall-union.org\/?s={search_term_string}\"},\"query-input\":{\"@type\":\"PropertyValueSpecification\",\"valueRequired\":true,\"valueName\":\"search_term_string\"}}],\"inLanguage\":\"es-ES\"}]}<\/script>\n<!-- \/ Yoast SEO Premium plugin. -->","yoast_head_json":{"title":"Mineros polacos firman acuerdo con el gobierno - industriall-union","description":"Despu\u00e9s de las protestas, que se extendieron por 11 d\u00edas, la Primera Ministra de Polonia, Ewa Kopacz, y representantes de todos los sindicatos del sector","robots":{"index":"index","follow":"follow","max-snippet":"max-snippet:-1","max-image-preview":"max-image-preview:large","max-video-preview":"max-video-preview:-1"},"canonical":"https:\/\/admin.industriall-union.org\/es\/mineros-polacos-firman-acuerdo-con-el-gobierno\/","og_locale":"es_ES","og_type":"article","og_title":"Mineros polacos firman acuerdo con el gobierno","og_description":"Despu\u00e9s de las protestas, que se extendieron por 11 d\u00edas, la Primera Ministra de Polonia, Ewa Kopacz, y representantes de todos los sindicatos del sector","og_url":"https:\/\/admin.industriall-union.org\/es\/mineros-polacos-firman-acuerdo-con-el-gobierno\/","og_site_name":"industriall-union","article_modified_time":"2025-02-07T18:00:30+00:00","twitter_card":"summary_large_image","twitter_misc":{"Est. reading time":"1 minute"},"schema":{"@context":"https:\/\/schema.org","@graph":[{"@type":"WebPage","@id":"https:\/\/admin.industriall-union.org\/es\/mineros-polacos-firman-acuerdo-con-el-gobierno\/","url":"https:\/\/admin.industriall-union.org\/es\/mineros-polacos-firman-acuerdo-con-el-gobierno\/","name":"Mineros polacos firman acuerdo con el gobierno - industriall-union","isPartOf":{"@id":"https:\/\/admin.industriall-union.org\/#website"},"datePublished":"2015-01-21T12:50:10+00:00","dateModified":"2025-02-07T18:00:30+00:00","description":"Despu\u00e9s de las protestas, que se extendieron por 11 d\u00edas, la Primera Ministra de Polonia, Ewa Kopacz, y representantes de todos los sindicatos del sector","breadcrumb":{"@id":"https:\/\/admin.industriall-union.org\/es\/mineros-polacos-firman-acuerdo-con-el-gobierno\/#breadcrumb"},"inLanguage":"es-ES","potentialAction":[{"@type":"ReadAction","target":["https:\/\/admin.industriall-union.org\/es\/mineros-polacos-firman-acuerdo-con-el-gobierno\/"]}]},{"@type":"BreadcrumbList","@id":"https:\/\/admin.industriall-union.org\/es\/mineros-polacos-firman-acuerdo-con-el-gobierno\/#breadcrumb","itemListElement":[{"@type":"ListItem","position":1,"name":"Home","item":"https:\/\/admin.industriall-union.org\/"},{"@type":"ListItem","position":2,"name":"Articles","item":"https:\/\/admin.industriall-union.org\/article\/"},{"@type":"ListItem","position":3,"name":"Mineros polacos firman acuerdo con el gobierno"}]},{"@type":"WebSite","@id":"https:\/\/admin.industriall-union.org\/#website","url":"https:\/\/admin.industriall-union.org\/","name":"industriall-union","description":"","potentialAction":[{"@type":"SearchAction","target":{"@type":"EntryPoint","urlTemplate":"https:\/\/admin.industriall-union.org\/?s={search_term_string}"},"query-input":{"@type":"PropertyValueSpecification","valueRequired":true,"valueName":"search_term_string"}}],"inLanguage":"es-ES"}]}},"_links":{"self":[{"href":"https:\/\/admin.industriall-union.org\/es\/wp-json\/wp\/v2\/article\/170692","targetHints":{"allow":["GET"]}}],"collection":[{"href":"https:\/\/admin.industriall-union.org\/es\/wp-json\/wp\/v2\/article"}],"about":[{"href":"https:\/\/admin.industriall-union.org\/es\/wp-json\/wp\/v2\/types\/article"}],"wp:attachment":[{"href":"https:\/\/admin.industriall-union.org\/es\/wp-json\/wp\/v2\/media?parent=170692"}],"wp:term":[{"taxonomy":"issues","embeddable":true,"href":"https:\/\/admin.industriall-union.org\/es\/wp-json\/wp\/v2\/issues?post=170692"},{"taxonomy":"companies","embeddable":true,"href":"https:\/\/admin.industriall-union.org\/es\/wp-json\/wp\/v2\/companies?post=170692"},{"taxonomy":"regions","embeddable":true,"href":"https:\/\/admin.industriall-union.org\/es\/wp-json\/wp\/v2\/regions?post=170692"},{"taxonomy":"sectors","embeddable":true,"href":"https:\/\/admin.industriall-union.org\/es\/wp-json\/wp\/v2\/sectors?post=170692"},{"taxonomy":"article_tags","embeddable":true,"href":"https:\/\/admin.industriall-union.org\/es\/wp-json\/wp\/v2\/article_tags?post=170692"}],"curies":[{"name":"wp","href":"https:\/\/api.w.org\/{rel}","templated":true}]}}