{"id":170592,"date":"2015-02-11T15:13:48","date_gmt":"2015-02-11T15:13:48","guid":{"rendered":"https:\/\/admin.industriall-union.org\/first-quantum-minerals-despide-a-trabajadores-por-reivindicar-la-atencion-de-salud\/"},"modified":"2025-02-07T17:11:31","modified_gmt":"2025-02-07T17:11:31","slug":"first-quantum-minerals-despide-a-trabajadores-por-reivindicar-la-atencion-de-salud","status":"publish","type":"article","link":"https:\/\/admin.industriall-union.org\/es\/first-quantum-minerals-despide-a-trabajadores-por-reivindicar-la-atencion-de-salud\/","title":{"rendered":"First Quantum Minerals despide a trabajadores por reivindicar la atenci\u00f3n de salud"},"content":{"rendered":"<p>A comienzos de enero de 2015, los trabajadores abandonaron sus herramientas en la mina Kalumbila ante la negativa de FQM a transportar a un trabajador fallecido a un dep\u00f3sito de cad\u00e1veres. La mina se encuentra en una zona remota y a los trabajadores les irrit\u00f3 la falta de compasi\u00f3n. Hab\u00edan pedido que la mina se ocupara del transporte a un centro de salud para los que estuvieran enfermos o heridos. Tambi\u00e9n deseaban una reducci\u00f3n del precio de alquiler de las viviendas, pues el alquiler m\u00e1s bajo que cobra la empresa asciende a m\u00e1s del 40 por ciento del salario m\u00ednimo que perciben los trabajadores en la mina.<\/p><p>Como el Gobierno todav\u00eda tiene que nombrar al ministro de Trabajo, se encarg\u00f3 al ministro del Interior que interviniera para resolver el asunto, y una delegaci\u00f3n, de la que formaban parte el comisionado de Trabajo y sindicalistas, visit\u00f3 la mina. La empresa asegur\u00f3 al ministro que no se sancionar\u00eda a ning\u00fan trabajador despu\u00e9s de la huelga y que se preparar\u00eda un informe sobre las cuestiones planteadas por los trabajadores.<\/p><p>Sin embargo, el 29 de enero, 14 trabajadores fueron despedidos por supuestamente incitar a la huelga. La MUZ impugn\u00f3 los despidos en vista de las seguridades dadas por la empresa, y el 10 de febrero se le notific\u00f3 que la compa\u00f1\u00eda hab\u00eda readmitido a ocho de los trabajadores despedidos.<\/p><p>Entre los seis trabajadores que siguen despedidos figura el presidente de rama de la MUZ Precious Masaba. &quot;El despido de Masaba es una violaci\u00f3n del acuerdo de reconocimiento que tenemos con FQM,&quot; dice el secretario general de la MUZ, Joseph Chewe. &quot;No podemos aceptar esos despidos, porque son injustos, improcedentes y brutales.&rdquo;<\/p><blockquote><p>Los trabajadores han planteado demandas leg\u00edtimas con las que tratan, entre otras cosas, de que se aborden las preocupaciones por el acceso a la atenci\u00f3n de salud y la vivienda. Como el lugar en que trabajan est\u00e1 muy alejado, es vital que se consideren esas preocupaciones inmediatamente,<\/p><\/blockquote><p>dijo Jyrki Raina, secretario general de la IndustriALL en una carta a FQM.<\/p><blockquote><p>Seguiremos vigilando a su empresa por violaci\u00f3n de los derechos sindicales, y estamos dispuestos a tomar medidas a nivel internacional si no se resuelven las cuestiones planteadas por los trabajadores en First Quantum in Zambia.<\/p><\/blockquote>","protected":false},"featured_media":0,"template":"","issues":[420],"companies":[],"regions":[357],"sectors":[495],"article_tags":[529],"class_list":["post-170592","article","type-article","status-publish","hentry","issues-solidarity","regions-zambia","sectors-mining","article_tags-strike"],"acf":[],"yoast_head":"<!-- This site is optimized with the Yoast SEO Premium plugin v27.1 (Yoast SEO v27.1) - https:\/\/yoast.com\/product\/yoast-seo-premium-wordpress\/ -->\n<title>First Quantum Minerals despide a trabajadores por reivindicar la atenci\u00f3n de salud - industriall-union<\/title>\n<meta name=\"description\" content=\"A comienzos de enero de 2015, los trabajadores abandonaron sus herramientas en la mina Kalumbila ante la negativa de FQM a transportar a un trabajador\" \/>\n<meta name=\"robots\" content=\"index, follow, max-snippet:-1, max-image-preview:large, max-video-preview:-1\" \/>\n<link rel=\"canonical\" href=\"https:\/\/admin.industriall-union.org\/es\/first-quantum-minerals-despide-a-trabajadores-por-reivindicar-la-atencion-de-salud\/\" \/>\n<meta property=\"og:locale\" content=\"es_ES\" \/>\n<meta property=\"og:type\" content=\"article\" \/>\n<meta property=\"og:title\" content=\"First Quantum Minerals despide a trabajadores por reivindicar la atenci\u00f3n de salud\" \/>\n<meta property=\"og:description\" content=\"A comienzos de enero de 2015, los trabajadores abandonaron sus herramientas en la mina Kalumbila ante la negativa de FQM a transportar a un trabajador\" \/>\n<meta property=\"og:url\" content=\"https:\/\/admin.industriall-union.org\/es\/first-quantum-minerals-despide-a-trabajadores-por-reivindicar-la-atencion-de-salud\/\" \/>\n<meta property=\"og:site_name\" content=\"industriall-union\" \/>\n<meta property=\"article:modified_time\" content=\"2025-02-07T17:11:31+00:00\" \/>\n<meta name=\"twitter:card\" content=\"summary_large_image\" \/>\n<meta name=\"twitter:label1\" content=\"Est. reading time\" \/>\n\t<meta name=\"twitter:data1\" content=\"2 minutes\" \/>\n<script type=\"application\/ld+json\" class=\"yoast-schema-graph\">{\"@context\":\"https:\/\/schema.org\",\"@graph\":[{\"@type\":\"WebPage\",\"@id\":\"https:\/\/admin.industriall-union.org\/es\/first-quantum-minerals-despide-a-trabajadores-por-reivindicar-la-atencion-de-salud\/\",\"url\":\"https:\/\/admin.industriall-union.org\/es\/first-quantum-minerals-despide-a-trabajadores-por-reivindicar-la-atencion-de-salud\/\",\"name\":\"First Quantum Minerals despide a trabajadores por reivindicar la atenci\u00f3n de salud - industriall-union\",\"isPartOf\":{\"@id\":\"https:\/\/admin.industriall-union.org\/#website\"},\"datePublished\":\"2015-02-11T15:13:48+00:00\",\"dateModified\":\"2025-02-07T17:11:31+00:00\",\"description\":\"A comienzos de enero de 2015, los trabajadores abandonaron sus herramientas en la mina Kalumbila ante la negativa de FQM a transportar a un trabajador\",\"breadcrumb\":{\"@id\":\"https:\/\/admin.industriall-union.org\/es\/first-quantum-minerals-despide-a-trabajadores-por-reivindicar-la-atencion-de-salud\/#breadcrumb\"},\"inLanguage\":\"es-ES\",\"potentialAction\":[{\"@type\":\"ReadAction\",\"target\":[\"https:\/\/admin.industriall-union.org\/es\/first-quantum-minerals-despide-a-trabajadores-por-reivindicar-la-atencion-de-salud\/\"]}]},{\"@type\":\"BreadcrumbList\",\"@id\":\"https:\/\/admin.industriall-union.org\/es\/first-quantum-minerals-despide-a-trabajadores-por-reivindicar-la-atencion-de-salud\/#breadcrumb\",\"itemListElement\":[{\"@type\":\"ListItem\",\"position\":1,\"name\":\"Home\",\"item\":\"https:\/\/admin.industriall-union.org\/\"},{\"@type\":\"ListItem\",\"position\":2,\"name\":\"Articles\",\"item\":\"https:\/\/admin.industriall-union.org\/article\/\"},{\"@type\":\"ListItem\",\"position\":3,\"name\":\"First Quantum Minerals despide a trabajadores por reivindicar la atenci\u00f3n de salud\"}]},{\"@type\":\"WebSite\",\"@id\":\"https:\/\/admin.industriall-union.org\/#website\",\"url\":\"https:\/\/admin.industriall-union.org\/\",\"name\":\"industriall-union\",\"description\":\"\",\"potentialAction\":[{\"@type\":\"SearchAction\",\"target\":{\"@type\":\"EntryPoint\",\"urlTemplate\":\"https:\/\/admin.industriall-union.org\/?s={search_term_string}\"},\"query-input\":{\"@type\":\"PropertyValueSpecification\",\"valueRequired\":true,\"valueName\":\"search_term_string\"}}],\"inLanguage\":\"es-ES\"}]}<\/script>\n<!-- \/ Yoast SEO Premium plugin. -->","yoast_head_json":{"title":"First Quantum Minerals despide a trabajadores por reivindicar la atenci\u00f3n de salud - industriall-union","description":"A comienzos de enero de 2015, los trabajadores abandonaron sus herramientas en la mina Kalumbila ante la negativa de FQM a transportar a un trabajador","robots":{"index":"index","follow":"follow","max-snippet":"max-snippet:-1","max-image-preview":"max-image-preview:large","max-video-preview":"max-video-preview:-1"},"canonical":"https:\/\/admin.industriall-union.org\/es\/first-quantum-minerals-despide-a-trabajadores-por-reivindicar-la-atencion-de-salud\/","og_locale":"es_ES","og_type":"article","og_title":"First Quantum Minerals despide a trabajadores por reivindicar la atenci\u00f3n de salud","og_description":"A comienzos de enero de 2015, los trabajadores abandonaron sus herramientas en la mina Kalumbila ante la negativa de FQM a transportar a un trabajador","og_url":"https:\/\/admin.industriall-union.org\/es\/first-quantum-minerals-despide-a-trabajadores-por-reivindicar-la-atencion-de-salud\/","og_site_name":"industriall-union","article_modified_time":"2025-02-07T17:11:31+00:00","twitter_card":"summary_large_image","twitter_misc":{"Est. reading time":"2 minutes"},"schema":{"@context":"https:\/\/schema.org","@graph":[{"@type":"WebPage","@id":"https:\/\/admin.industriall-union.org\/es\/first-quantum-minerals-despide-a-trabajadores-por-reivindicar-la-atencion-de-salud\/","url":"https:\/\/admin.industriall-union.org\/es\/first-quantum-minerals-despide-a-trabajadores-por-reivindicar-la-atencion-de-salud\/","name":"First Quantum Minerals despide a trabajadores por reivindicar la atenci\u00f3n de salud - industriall-union","isPartOf":{"@id":"https:\/\/admin.industriall-union.org\/#website"},"datePublished":"2015-02-11T15:13:48+00:00","dateModified":"2025-02-07T17:11:31+00:00","description":"A comienzos de enero de 2015, los trabajadores abandonaron sus herramientas en la mina Kalumbila ante la negativa de FQM a transportar a un trabajador","breadcrumb":{"@id":"https:\/\/admin.industriall-union.org\/es\/first-quantum-minerals-despide-a-trabajadores-por-reivindicar-la-atencion-de-salud\/#breadcrumb"},"inLanguage":"es-ES","potentialAction":[{"@type":"ReadAction","target":["https:\/\/admin.industriall-union.org\/es\/first-quantum-minerals-despide-a-trabajadores-por-reivindicar-la-atencion-de-salud\/"]}]},{"@type":"BreadcrumbList","@id":"https:\/\/admin.industriall-union.org\/es\/first-quantum-minerals-despide-a-trabajadores-por-reivindicar-la-atencion-de-salud\/#breadcrumb","itemListElement":[{"@type":"ListItem","position":1,"name":"Home","item":"https:\/\/admin.industriall-union.org\/"},{"@type":"ListItem","position":2,"name":"Articles","item":"https:\/\/admin.industriall-union.org\/article\/"},{"@type":"ListItem","position":3,"name":"First Quantum Minerals despide a trabajadores por reivindicar la atenci\u00f3n de salud"}]},{"@type":"WebSite","@id":"https:\/\/admin.industriall-union.org\/#website","url":"https:\/\/admin.industriall-union.org\/","name":"industriall-union","description":"","potentialAction":[{"@type":"SearchAction","target":{"@type":"EntryPoint","urlTemplate":"https:\/\/admin.industriall-union.org\/?s={search_term_string}"},"query-input":{"@type":"PropertyValueSpecification","valueRequired":true,"valueName":"search_term_string"}}],"inLanguage":"es-ES"}]}},"_links":{"self":[{"href":"https:\/\/admin.industriall-union.org\/es\/wp-json\/wp\/v2\/article\/170592","targetHints":{"allow":["GET"]}}],"collection":[{"href":"https:\/\/admin.industriall-union.org\/es\/wp-json\/wp\/v2\/article"}],"about":[{"href":"https:\/\/admin.industriall-union.org\/es\/wp-json\/wp\/v2\/types\/article"}],"wp:attachment":[{"href":"https:\/\/admin.industriall-union.org\/es\/wp-json\/wp\/v2\/media?parent=170592"}],"wp:term":[{"taxonomy":"issues","embeddable":true,"href":"https:\/\/admin.industriall-union.org\/es\/wp-json\/wp\/v2\/issues?post=170592"},{"taxonomy":"companies","embeddable":true,"href":"https:\/\/admin.industriall-union.org\/es\/wp-json\/wp\/v2\/companies?post=170592"},{"taxonomy":"regions","embeddable":true,"href":"https:\/\/admin.industriall-union.org\/es\/wp-json\/wp\/v2\/regions?post=170592"},{"taxonomy":"sectors","embeddable":true,"href":"https:\/\/admin.industriall-union.org\/es\/wp-json\/wp\/v2\/sectors?post=170592"},{"taxonomy":"article_tags","embeddable":true,"href":"https:\/\/admin.industriall-union.org\/es\/wp-json\/wp\/v2\/article_tags?post=170592"}],"curies":[{"name":"wp","href":"https:\/\/api.w.org\/{rel}","templated":true}]}}