{"id":170584,"date":"2015-02-12T15:00:20","date_gmt":"2015-02-12T15:00:20","guid":{"rendered":"https:\/\/admin.industriall-union.org\/filipinas-los-sindicatos-en-lafarge-holcim-consolidan-fuerzas\/"},"modified":"2025-02-07T17:08:41","modified_gmt":"2025-02-07T17:08:41","slug":"filipinas-los-sindicatos-en-lafarge-holcim-consolidan-fuerzas","status":"publish","type":"article","link":"https:\/\/admin.industriall-union.org\/es\/filipinas-los-sindicatos-en-lafarge-holcim-consolidan-fuerzas\/","title":{"rendered":"Filipinas: Los sindicatos en Lafarge-Holcim consolidan fuerzas"},"content":{"rendered":"<p>Agrup\u00e1ndose mediante una reuni\u00f3n nacional de interesados sobre sostenibilidad de la industria cementera en Filipinas, y en el contexto de la fusi\u00f3n Lafarge\/Holcim, los sindicatos locales pertenecientes al afiliado a la IndustriALL el Consejo de Trabajadores del Cemento de Filipinas (PCWC), discutieron los posibles efectos de la fusi\u00f3n sobre las condiciones de trabajo.<\/p><p>La reuni\u00f3n de los interesados el 9 de febrero en Quezon City se celebr\u00f3 inmediatamente despu\u00e9s del anuncio hecho por Holcim y Lafarge sobre el proyecto de vender activos a Cement Roadstone Holding (CRH), un grupo de materiales de construcci\u00f3n irland\u00e9s, en el marco de la fusi\u00f3n prevista, que incluye activos en Filipinas.<\/p><p>Seg\u00fan se informa, se han ofrecido acciones de Lafarge Republic, Inc. (LRI) a los compradores. Varios elementos patrimoniales concretos hasta ahora en poder del grupo Lafarge se van a vender a terceros posibles compradores.<\/p><p>El di\u00e1logo de las partes interesadas ofreci\u00f3 un panorama general de la situaci\u00f3n global de la industria cementera y el estado de la situaci\u00f3n en el proceso de fusi\u00f3n de las dos gigantescas multinacionales. Se destac\u00f3 que los trabajadores tienen que intervenir en la discusi\u00f3n a diferentes niveles, especialmente para garantizar los derechos de los trabajadores de conformidad con la campa\u00f1a mundial &ldquo;Nada de fusi\u00f3n sin derechos de los trabajadores&rdquo;, dirigida por la IndustriALL, la Federaci\u00f3n Internacional de Trabajadores de la Construcci\u00f3n y de la Madera (FITCM) y la Federaci\u00f3n Europea de Trabajadores de la Construcci\u00f3n y de la Madera (FETCM).<\/p><blockquote><p>Tiene que haber un verdadero di\u00e1logo basado en una relaci\u00f3n de respeto mutuo y buenas relaciones laborales,<\/p><\/blockquote><p>declar\u00f3 Kemal \u00d6zkan, secretario general adjunto de la IndustriALL Global Union, que asisti\u00f3 a la reuni\u00f3n de interesados en Filipinas.<\/p><blockquote><p>El comprador de las plantas de cemento cedidas en Filipinas debe garantizar la existencia de una pol\u00edtica social&nbsp; mediante un proceso adecuado de informaci\u00f3n, consulta y negociaci\u00f3n,<\/p><\/blockquote><p>agreg\u00f3 \u00d6zkan.<\/p><p>El proceso de di\u00e1logo entre los sindicatos y Holcim sigue siendo sombr\u00edo. &ldquo;No es nada habitual que Holcim guarde silencio, puesto que los sindicatos en las cuatro plantas de Holcim solicitaron el a\u00f1o pasado un di\u00e1logo con la direcci\u00f3n, pero en vano&rdquo;, dijo Macario Noble, presidente del PCWC.<\/p><p>Un funcionario de Trabajo que asisti\u00f3 a la reuni\u00f3n declar\u00f3 que la fusi\u00f3n no debe dar lugar al desplazamiento de trabajadores, y se comprometi\u00f3 a convocar un di\u00e1logo tripartito para discutir m\u00e1s a fondo la sostenibilidad de la industria en un enfoque equilibrado.<\/p><p>Para concluir la reuni\u00f3n, los sindicatos participantes coincidieron en que &ldquo;no debe haber fusi\u00f3n sin tener en cuenta los derechos de los trabajadores&rdquo;; si el proceso de fusi\u00f3n debe seguir adelante, entonces el impacto negativo ha de reducirse al m\u00ednimo, si no impedirse totalmente. &ldquo;Instamos firmemente a nuestro Gobierno a que intervenga y tome las medidas adecuadas para tener la seguridad de que los trabajadores no se encontrar\u00e1n entre los perdedores de este proyecto en que se tienen m\u00e1s en cuenta los intereses de los accionistas que los empleados en todo el mundo&rdquo;, dijo Noble.<\/p>","protected":false},"featured_media":0,"template":"","issues":[],"companies":[68,86],"regions":[184],"sectors":[485],"article_tags":[],"class_list":["post-170584","article","type-article","status-publish","hentry","companies-holcim","companies-lafarge","regions-philippines","sectors-cement"],"acf":[],"yoast_head":"<!-- This site is optimized with the Yoast SEO Premium plugin v27.1 (Yoast SEO v27.1) - https:\/\/yoast.com\/product\/yoast-seo-premium-wordpress\/ -->\n<title>Filipinas: Los sindicatos en Lafarge-Holcim consolidan fuerzas - industriall-union<\/title>\n<meta name=\"description\" content=\"Agrup\u00e1ndose mediante una reuni\u00f3n nacional de interesados sobre sostenibilidad de la industria cementera en Filipinas, y en el contexto de la fusi\u00f3n\" \/>\n<meta name=\"robots\" content=\"index, follow, max-snippet:-1, max-image-preview:large, max-video-preview:-1\" \/>\n<link rel=\"canonical\" href=\"https:\/\/admin.industriall-union.org\/es\/filipinas-los-sindicatos-en-lafarge-holcim-consolidan-fuerzas\/\" \/>\n<meta property=\"og:locale\" content=\"es_ES\" \/>\n<meta property=\"og:type\" content=\"article\" \/>\n<meta property=\"og:title\" content=\"Filipinas: Los sindicatos en Lafarge-Holcim consolidan fuerzas\" \/>\n<meta property=\"og:description\" content=\"Agrup\u00e1ndose mediante una reuni\u00f3n nacional de interesados sobre sostenibilidad de la industria cementera en Filipinas, y en el contexto de la fusi\u00f3n\" \/>\n<meta property=\"og:url\" content=\"https:\/\/admin.industriall-union.org\/es\/filipinas-los-sindicatos-en-lafarge-holcim-consolidan-fuerzas\/\" \/>\n<meta property=\"og:site_name\" content=\"industriall-union\" \/>\n<meta property=\"article:modified_time\" content=\"2025-02-07T17:08:41+00:00\" \/>\n<meta name=\"twitter:card\" content=\"summary_large_image\" \/>\n<meta name=\"twitter:label1\" content=\"Est. reading time\" \/>\n\t<meta name=\"twitter:data1\" content=\"3 minutes\" \/>\n<script type=\"application\/ld+json\" class=\"yoast-schema-graph\">{\"@context\":\"https:\/\/schema.org\",\"@graph\":[{\"@type\":\"WebPage\",\"@id\":\"https:\/\/admin.industriall-union.org\/es\/filipinas-los-sindicatos-en-lafarge-holcim-consolidan-fuerzas\/\",\"url\":\"https:\/\/admin.industriall-union.org\/es\/filipinas-los-sindicatos-en-lafarge-holcim-consolidan-fuerzas\/\",\"name\":\"Filipinas: Los sindicatos en Lafarge-Holcim consolidan fuerzas - industriall-union\",\"isPartOf\":{\"@id\":\"https:\/\/admin.industriall-union.org\/#website\"},\"datePublished\":\"2015-02-12T15:00:20+00:00\",\"dateModified\":\"2025-02-07T17:08:41+00:00\",\"description\":\"Agrup\u00e1ndose mediante una reuni\u00f3n nacional de interesados sobre sostenibilidad de la industria cementera en Filipinas, y en el contexto de la fusi\u00f3n\",\"breadcrumb\":{\"@id\":\"https:\/\/admin.industriall-union.org\/es\/filipinas-los-sindicatos-en-lafarge-holcim-consolidan-fuerzas\/#breadcrumb\"},\"inLanguage\":\"es-ES\",\"potentialAction\":[{\"@type\":\"ReadAction\",\"target\":[\"https:\/\/admin.industriall-union.org\/es\/filipinas-los-sindicatos-en-lafarge-holcim-consolidan-fuerzas\/\"]}]},{\"@type\":\"BreadcrumbList\",\"@id\":\"https:\/\/admin.industriall-union.org\/es\/filipinas-los-sindicatos-en-lafarge-holcim-consolidan-fuerzas\/#breadcrumb\",\"itemListElement\":[{\"@type\":\"ListItem\",\"position\":1,\"name\":\"Home\",\"item\":\"https:\/\/admin.industriall-union.org\/\"},{\"@type\":\"ListItem\",\"position\":2,\"name\":\"Articles\",\"item\":\"https:\/\/admin.industriall-union.org\/article\/\"},{\"@type\":\"ListItem\",\"position\":3,\"name\":\"Filipinas: Los sindicatos en Lafarge-Holcim consolidan fuerzas\"}]},{\"@type\":\"WebSite\",\"@id\":\"https:\/\/admin.industriall-union.org\/#website\",\"url\":\"https:\/\/admin.industriall-union.org\/\",\"name\":\"industriall-union\",\"description\":\"\",\"potentialAction\":[{\"@type\":\"SearchAction\",\"target\":{\"@type\":\"EntryPoint\",\"urlTemplate\":\"https:\/\/admin.industriall-union.org\/?s={search_term_string}\"},\"query-input\":{\"@type\":\"PropertyValueSpecification\",\"valueRequired\":true,\"valueName\":\"search_term_string\"}}],\"inLanguage\":\"es-ES\"}]}<\/script>\n<!-- \/ Yoast SEO Premium plugin. -->","yoast_head_json":{"title":"Filipinas: Los sindicatos en Lafarge-Holcim consolidan fuerzas - industriall-union","description":"Agrup\u00e1ndose mediante una reuni\u00f3n nacional de interesados sobre sostenibilidad de la industria cementera en Filipinas, y en el contexto de la fusi\u00f3n","robots":{"index":"index","follow":"follow","max-snippet":"max-snippet:-1","max-image-preview":"max-image-preview:large","max-video-preview":"max-video-preview:-1"},"canonical":"https:\/\/admin.industriall-union.org\/es\/filipinas-los-sindicatos-en-lafarge-holcim-consolidan-fuerzas\/","og_locale":"es_ES","og_type":"article","og_title":"Filipinas: Los sindicatos en Lafarge-Holcim consolidan fuerzas","og_description":"Agrup\u00e1ndose mediante una reuni\u00f3n nacional de interesados sobre sostenibilidad de la industria cementera en Filipinas, y en el contexto de la fusi\u00f3n","og_url":"https:\/\/admin.industriall-union.org\/es\/filipinas-los-sindicatos-en-lafarge-holcim-consolidan-fuerzas\/","og_site_name":"industriall-union","article_modified_time":"2025-02-07T17:08:41+00:00","twitter_card":"summary_large_image","twitter_misc":{"Est. reading time":"3 minutes"},"schema":{"@context":"https:\/\/schema.org","@graph":[{"@type":"WebPage","@id":"https:\/\/admin.industriall-union.org\/es\/filipinas-los-sindicatos-en-lafarge-holcim-consolidan-fuerzas\/","url":"https:\/\/admin.industriall-union.org\/es\/filipinas-los-sindicatos-en-lafarge-holcim-consolidan-fuerzas\/","name":"Filipinas: Los sindicatos en Lafarge-Holcim consolidan fuerzas - industriall-union","isPartOf":{"@id":"https:\/\/admin.industriall-union.org\/#website"},"datePublished":"2015-02-12T15:00:20+00:00","dateModified":"2025-02-07T17:08:41+00:00","description":"Agrup\u00e1ndose mediante una reuni\u00f3n nacional de interesados sobre sostenibilidad de la industria cementera en Filipinas, y en el contexto de la fusi\u00f3n","breadcrumb":{"@id":"https:\/\/admin.industriall-union.org\/es\/filipinas-los-sindicatos-en-lafarge-holcim-consolidan-fuerzas\/#breadcrumb"},"inLanguage":"es-ES","potentialAction":[{"@type":"ReadAction","target":["https:\/\/admin.industriall-union.org\/es\/filipinas-los-sindicatos-en-lafarge-holcim-consolidan-fuerzas\/"]}]},{"@type":"BreadcrumbList","@id":"https:\/\/admin.industriall-union.org\/es\/filipinas-los-sindicatos-en-lafarge-holcim-consolidan-fuerzas\/#breadcrumb","itemListElement":[{"@type":"ListItem","position":1,"name":"Home","item":"https:\/\/admin.industriall-union.org\/"},{"@type":"ListItem","position":2,"name":"Articles","item":"https:\/\/admin.industriall-union.org\/article\/"},{"@type":"ListItem","position":3,"name":"Filipinas: Los sindicatos en Lafarge-Holcim consolidan fuerzas"}]},{"@type":"WebSite","@id":"https:\/\/admin.industriall-union.org\/#website","url":"https:\/\/admin.industriall-union.org\/","name":"industriall-union","description":"","potentialAction":[{"@type":"SearchAction","target":{"@type":"EntryPoint","urlTemplate":"https:\/\/admin.industriall-union.org\/?s={search_term_string}"},"query-input":{"@type":"PropertyValueSpecification","valueRequired":true,"valueName":"search_term_string"}}],"inLanguage":"es-ES"}]}},"_links":{"self":[{"href":"https:\/\/admin.industriall-union.org\/es\/wp-json\/wp\/v2\/article\/170584","targetHints":{"allow":["GET"]}}],"collection":[{"href":"https:\/\/admin.industriall-union.org\/es\/wp-json\/wp\/v2\/article"}],"about":[{"href":"https:\/\/admin.industriall-union.org\/es\/wp-json\/wp\/v2\/types\/article"}],"wp:attachment":[{"href":"https:\/\/admin.industriall-union.org\/es\/wp-json\/wp\/v2\/media?parent=170584"}],"wp:term":[{"taxonomy":"issues","embeddable":true,"href":"https:\/\/admin.industriall-union.org\/es\/wp-json\/wp\/v2\/issues?post=170584"},{"taxonomy":"companies","embeddable":true,"href":"https:\/\/admin.industriall-union.org\/es\/wp-json\/wp\/v2\/companies?post=170584"},{"taxonomy":"regions","embeddable":true,"href":"https:\/\/admin.industriall-union.org\/es\/wp-json\/wp\/v2\/regions?post=170584"},{"taxonomy":"sectors","embeddable":true,"href":"https:\/\/admin.industriall-union.org\/es\/wp-json\/wp\/v2\/sectors?post=170584"},{"taxonomy":"article_tags","embeddable":true,"href":"https:\/\/admin.industriall-union.org\/es\/wp-json\/wp\/v2\/article_tags?post=170584"}],"curies":[{"name":"wp","href":"https:\/\/api.w.org\/{rel}","templated":true}]}}