{"id":170539,"date":"2015-02-23T14:25:50","date_gmt":"2015-02-23T14:25:50","guid":{"rendered":"https:\/\/admin.industriall-union.org\/rio-tinto-busca-conflicto-con-sindicatos-en-encuentro-mundial\/"},"modified":"2025-02-07T16:49:48","modified_gmt":"2025-02-07T16:49:48","slug":"rio-tinto-busca-conflicto-con-sindicatos-en-encuentro-mundial","status":"publish","type":"article","link":"https:\/\/admin.industriall-union.org\/es\/rio-tinto-busca-conflicto-con-sindicatos-en-encuentro-mundial\/","title":{"rendered":"Rio Tinto busca conflicto con sindicatos en encuentro mundial"},"content":{"rendered":"<p>La reuni\u00f3n se\u00f1alada, que se realiz\u00f3 el 6 de febrero en la oficina de Rio Tinto en Z\u00farich, hab\u00eda sido acordada conjuntamente por un miembro del Comit\u00e9 Ejecutivo de Rio Tinto e IndustriALL Global Union, con el respaldo de una red mundial de sindicatos de trabajadores de R\u00edo Tinto. La compa\u00f1\u00eda hab\u00eda convenido previamente una tabla a tratar en la reuni\u00f3n.<\/p><p>Frans Baleni, Secretario General del Sindicato Nacional de Mineros de Sud\u00e1frica, y Vicepresidente de IndustriALL, se\u00f1al\u00f3 al respecto: &ldquo;Rio Tinto se comport\u00f3 con arrogancia desde el inicio de la reuni\u00f3n, imponiendo condiciones, amenazando con demandas legales,&nbsp; interrumpiendo e impidiendo que habl\u00e1ramos. Desde que termin\u00f3 la \u00e9poca del apartheid, he visto pocas veces ese tipo de conducta por la administraci\u00f3n de una empresa&rdquo;.<\/p><p>Por su parte, Andrew Vickers, Secretario General de Miner\u00eda y Energ\u00eda de CFMEU y Presidente del Sector Minero de IndustriALL, tambi\u00e9n expres\u00f3 su preocupaci\u00f3n al respecto: &ldquo;Viaj\u00e9 desde Australia a Suiza con la esperanza de avanzar respecto a los problemas que la administraci\u00f3n australiana de Rio Tinto se ha negado a abordar. Estos problemas incluyen intimidaci\u00f3n muy frecuente, y acusaciones de acoso sexual perpetrado por administradores de la compa\u00f1\u00eda en sus operaciones en Hunter Valley Coal.<\/p><p>&ldquo;Sin embargo, los representantes de Rio Tinto dijeron que s\u00f3lo estaban dispuestos a dialogar si acept\u00e1ramos su ultim\u00e1tum de poner fin a nuestra campa\u00f1a. La compa\u00f1\u00eda afirma p\u00fablicamente que est\u00e1 dispuesta a trabajar con las partes interesadas clave, como los sindicatos, pero el mensaje que recibimos fue que &lsquo;donde manda capit\u00e1n no manda marinero&rsquo;, es decir, nos exigen que hagamos como ellos mandan&rdquo;.<\/p><p>Por otro lado, Euclid Hache, representante del personal para el USW, manifest\u00f3: &ldquo;La conducta de Rio Tinto en el Labrador, Canad\u00e1, es perjudicial tanto para el negocio como para los trabajadores. Hay 2,300 quejas pendientes que desmoralizan a la fuerza de trabajo, y la administraci\u00f3n local se niega a trabajar con el sindicato para resolverlas.<\/p><p>&ldquo;Esper\u00e1bamos que la administraci\u00f3n de Rio Tinto trabajara con nosotros para encontrar una v\u00eda para establecer relaciones laborales menos conflictivas en Labrador. Sin embargo, en vez de hacer eso, rechazaron el di\u00e1logo, complicando a\u00fan m\u00e1s el conflicto&rdquo;.<\/p><p>&ldquo;Lamentablemente, esto no fue una sorpresa para m\u00ed&rdquo;, dijo V\u00e9ronique Roche, Secretaria del Comit\u00e9 de Empresa Europeo de Rio Tinto. &ldquo;Rio Tinto suele negarse a dialogar con sus empleados y sindicatos europeos; tampoco manifiesta ning\u00fan respeto por los trabajadores&rdquo;.<\/p><p>Finalmente, Kemal \u00d6zkan, Secretario General Adjunto de IndustriALL, se\u00f1al\u00f3: &ldquo;Durante el \u00faltimo a\u00f1o, IndustriALL viene organizando una campa\u00f1a para denunciar p\u00fablicamente la enorme brecha que existe entre lo que dice Rio Tinto en cuanto a la sostenibilidad y sus pr\u00e1cticas reales. Nuestro objetivo &#8211; como hemos puesto de manifiesto durante la campa\u00f1a &#8211; es convencer a Rio Tinto para que cumpla realmente lo que afirma hacer. De esa manera, Rio Tinto se transformar\u00eda en una compa\u00f1\u00eda mejor y m\u00e1s exitosa, lo que favorecer\u00eda a todas las partes interesadas de la empresa&rdquo;.<\/p><blockquote><p>Por desgracia, la campa\u00f1a a\u00fan no ha logrado su objetivo: esto lo demostr\u00f3 la administraci\u00f3n corporativa de la empresa al negarse a continuar el di\u00e1logo con nosotros. Por lo tanto vamos a redoblar nuestros esfuerzos.<\/p><\/blockquote>","protected":false},"featured_media":0,"template":"","issues":[406,410],"companies":[],"regions":[248],"sectors":[495],"article_tags":[],"class_list":["post-170539","article","type-article","status-publish","hentry","issues-confronting-global-capital","issues-rio-tinto","regions-switzerland","sectors-mining"],"acf":[],"yoast_head":"<!-- This site is optimized with the Yoast SEO Premium plugin v27.1 (Yoast SEO v27.1) - https:\/\/yoast.com\/product\/yoast-seo-premium-wordpress\/ -->\n<title>Rio Tinto busca conflicto con sindicatos en encuentro mundial - industriall-union<\/title>\n<meta name=\"description\" content=\"La reuni\u00f3n se\u00f1alada, que se realiz\u00f3 el 6 de febrero en la oficina de Rio Tinto en Z\u00farich, hab\u00eda sido acordada conjuntamente por un miembro del Comit\u00e9\" \/>\n<meta name=\"robots\" content=\"index, follow, max-snippet:-1, max-image-preview:large, max-video-preview:-1\" \/>\n<link rel=\"canonical\" href=\"https:\/\/admin.industriall-union.org\/es\/rio-tinto-busca-conflicto-con-sindicatos-en-encuentro-mundial\/\" \/>\n<meta property=\"og:locale\" content=\"es_ES\" \/>\n<meta property=\"og:type\" content=\"article\" \/>\n<meta property=\"og:title\" content=\"Rio Tinto busca conflicto con sindicatos en encuentro mundial\" \/>\n<meta property=\"og:description\" content=\"La reuni\u00f3n se\u00f1alada, que se realiz\u00f3 el 6 de febrero en la oficina de Rio Tinto en Z\u00farich, hab\u00eda sido acordada conjuntamente por un miembro del Comit\u00e9\" \/>\n<meta property=\"og:url\" content=\"https:\/\/admin.industriall-union.org\/es\/rio-tinto-busca-conflicto-con-sindicatos-en-encuentro-mundial\/\" \/>\n<meta property=\"og:site_name\" content=\"industriall-union\" \/>\n<meta property=\"article:modified_time\" content=\"2025-02-07T16:49:48+00:00\" \/>\n<meta name=\"twitter:card\" content=\"summary_large_image\" \/>\n<meta name=\"twitter:label1\" content=\"Est. reading time\" \/>\n\t<meta name=\"twitter:data1\" content=\"3 minutes\" \/>\n<script type=\"application\/ld+json\" class=\"yoast-schema-graph\">{\"@context\":\"https:\/\/schema.org\",\"@graph\":[{\"@type\":\"WebPage\",\"@id\":\"https:\/\/admin.industriall-union.org\/es\/rio-tinto-busca-conflicto-con-sindicatos-en-encuentro-mundial\/\",\"url\":\"https:\/\/admin.industriall-union.org\/es\/rio-tinto-busca-conflicto-con-sindicatos-en-encuentro-mundial\/\",\"name\":\"Rio Tinto busca conflicto con sindicatos en encuentro mundial - industriall-union\",\"isPartOf\":{\"@id\":\"https:\/\/admin.industriall-union.org\/#website\"},\"datePublished\":\"2015-02-23T14:25:50+00:00\",\"dateModified\":\"2025-02-07T16:49:48+00:00\",\"description\":\"La reuni\u00f3n se\u00f1alada, que se realiz\u00f3 el 6 de febrero en la oficina de Rio Tinto en Z\u00farich, hab\u00eda sido acordada conjuntamente por un miembro del Comit\u00e9\",\"breadcrumb\":{\"@id\":\"https:\/\/admin.industriall-union.org\/es\/rio-tinto-busca-conflicto-con-sindicatos-en-encuentro-mundial\/#breadcrumb\"},\"inLanguage\":\"es-ES\",\"potentialAction\":[{\"@type\":\"ReadAction\",\"target\":[\"https:\/\/admin.industriall-union.org\/es\/rio-tinto-busca-conflicto-con-sindicatos-en-encuentro-mundial\/\"]}]},{\"@type\":\"BreadcrumbList\",\"@id\":\"https:\/\/admin.industriall-union.org\/es\/rio-tinto-busca-conflicto-con-sindicatos-en-encuentro-mundial\/#breadcrumb\",\"itemListElement\":[{\"@type\":\"ListItem\",\"position\":1,\"name\":\"Home\",\"item\":\"https:\/\/admin.industriall-union.org\/\"},{\"@type\":\"ListItem\",\"position\":2,\"name\":\"Articles\",\"item\":\"https:\/\/admin.industriall-union.org\/article\/\"},{\"@type\":\"ListItem\",\"position\":3,\"name\":\"Rio Tinto busca conflicto con sindicatos en encuentro mundial\"}]},{\"@type\":\"WebSite\",\"@id\":\"https:\/\/admin.industriall-union.org\/#website\",\"url\":\"https:\/\/admin.industriall-union.org\/\",\"name\":\"industriall-union\",\"description\":\"\",\"potentialAction\":[{\"@type\":\"SearchAction\",\"target\":{\"@type\":\"EntryPoint\",\"urlTemplate\":\"https:\/\/admin.industriall-union.org\/?s={search_term_string}\"},\"query-input\":{\"@type\":\"PropertyValueSpecification\",\"valueRequired\":true,\"valueName\":\"search_term_string\"}}],\"inLanguage\":\"es-ES\"}]}<\/script>\n<!-- \/ Yoast SEO Premium plugin. -->","yoast_head_json":{"title":"Rio Tinto busca conflicto con sindicatos en encuentro mundial - industriall-union","description":"La reuni\u00f3n se\u00f1alada, que se realiz\u00f3 el 6 de febrero en la oficina de Rio Tinto en Z\u00farich, hab\u00eda sido acordada conjuntamente por un miembro del Comit\u00e9","robots":{"index":"index","follow":"follow","max-snippet":"max-snippet:-1","max-image-preview":"max-image-preview:large","max-video-preview":"max-video-preview:-1"},"canonical":"https:\/\/admin.industriall-union.org\/es\/rio-tinto-busca-conflicto-con-sindicatos-en-encuentro-mundial\/","og_locale":"es_ES","og_type":"article","og_title":"Rio Tinto busca conflicto con sindicatos en encuentro mundial","og_description":"La reuni\u00f3n se\u00f1alada, que se realiz\u00f3 el 6 de febrero en la oficina de Rio Tinto en Z\u00farich, hab\u00eda sido acordada conjuntamente por un miembro del Comit\u00e9","og_url":"https:\/\/admin.industriall-union.org\/es\/rio-tinto-busca-conflicto-con-sindicatos-en-encuentro-mundial\/","og_site_name":"industriall-union","article_modified_time":"2025-02-07T16:49:48+00:00","twitter_card":"summary_large_image","twitter_misc":{"Est. reading time":"3 minutes"},"schema":{"@context":"https:\/\/schema.org","@graph":[{"@type":"WebPage","@id":"https:\/\/admin.industriall-union.org\/es\/rio-tinto-busca-conflicto-con-sindicatos-en-encuentro-mundial\/","url":"https:\/\/admin.industriall-union.org\/es\/rio-tinto-busca-conflicto-con-sindicatos-en-encuentro-mundial\/","name":"Rio Tinto busca conflicto con sindicatos en encuentro mundial - industriall-union","isPartOf":{"@id":"https:\/\/admin.industriall-union.org\/#website"},"datePublished":"2015-02-23T14:25:50+00:00","dateModified":"2025-02-07T16:49:48+00:00","description":"La reuni\u00f3n se\u00f1alada, que se realiz\u00f3 el 6 de febrero en la oficina de Rio Tinto en Z\u00farich, hab\u00eda sido acordada conjuntamente por un miembro del Comit\u00e9","breadcrumb":{"@id":"https:\/\/admin.industriall-union.org\/es\/rio-tinto-busca-conflicto-con-sindicatos-en-encuentro-mundial\/#breadcrumb"},"inLanguage":"es-ES","potentialAction":[{"@type":"ReadAction","target":["https:\/\/admin.industriall-union.org\/es\/rio-tinto-busca-conflicto-con-sindicatos-en-encuentro-mundial\/"]}]},{"@type":"BreadcrumbList","@id":"https:\/\/admin.industriall-union.org\/es\/rio-tinto-busca-conflicto-con-sindicatos-en-encuentro-mundial\/#breadcrumb","itemListElement":[{"@type":"ListItem","position":1,"name":"Home","item":"https:\/\/admin.industriall-union.org\/"},{"@type":"ListItem","position":2,"name":"Articles","item":"https:\/\/admin.industriall-union.org\/article\/"},{"@type":"ListItem","position":3,"name":"Rio Tinto busca conflicto con sindicatos en encuentro mundial"}]},{"@type":"WebSite","@id":"https:\/\/admin.industriall-union.org\/#website","url":"https:\/\/admin.industriall-union.org\/","name":"industriall-union","description":"","potentialAction":[{"@type":"SearchAction","target":{"@type":"EntryPoint","urlTemplate":"https:\/\/admin.industriall-union.org\/?s={search_term_string}"},"query-input":{"@type":"PropertyValueSpecification","valueRequired":true,"valueName":"search_term_string"}}],"inLanguage":"es-ES"}]}},"_links":{"self":[{"href":"https:\/\/admin.industriall-union.org\/es\/wp-json\/wp\/v2\/article\/170539","targetHints":{"allow":["GET"]}}],"collection":[{"href":"https:\/\/admin.industriall-union.org\/es\/wp-json\/wp\/v2\/article"}],"about":[{"href":"https:\/\/admin.industriall-union.org\/es\/wp-json\/wp\/v2\/types\/article"}],"wp:attachment":[{"href":"https:\/\/admin.industriall-union.org\/es\/wp-json\/wp\/v2\/media?parent=170539"}],"wp:term":[{"taxonomy":"issues","embeddable":true,"href":"https:\/\/admin.industriall-union.org\/es\/wp-json\/wp\/v2\/issues?post=170539"},{"taxonomy":"companies","embeddable":true,"href":"https:\/\/admin.industriall-union.org\/es\/wp-json\/wp\/v2\/companies?post=170539"},{"taxonomy":"regions","embeddable":true,"href":"https:\/\/admin.industriall-union.org\/es\/wp-json\/wp\/v2\/regions?post=170539"},{"taxonomy":"sectors","embeddable":true,"href":"https:\/\/admin.industriall-union.org\/es\/wp-json\/wp\/v2\/sectors?post=170539"},{"taxonomy":"article_tags","embeddable":true,"href":"https:\/\/admin.industriall-union.org\/es\/wp-json\/wp\/v2\/article_tags?post=170539"}],"curies":[{"name":"wp","href":"https:\/\/api.w.org\/{rel}","templated":true}]}}