{"id":170527,"date":"2015-02-26T14:35:46","date_gmt":"2015-02-26T14:35:46","guid":{"rendered":"https:\/\/admin.industriall-union.org\/en-reunion-de-la-oit-acuerdan-reafirmar-derecho-de-huelga\/"},"modified":"2025-02-07T16:48:07","modified_gmt":"2025-02-07T16:48:07","slug":"en-reunion-de-la-oit-acuerdan-reafirmar-derecho-de-huelga","status":"publish","type":"article","link":"https:\/\/admin.industriall-union.org\/es\/en-reunion-de-la-oit-acuerdan-reafirmar-derecho-de-huelga\/","title":{"rendered":"En reuni\u00f3n de la OIT acuerdan reafirmar derecho de huelga"},"content":{"rendered":"<p>En una <a href=\"http:\/\/www.ilo.org\/gb\/events\/WCMS_346766\/lang--es\/index.htm\">declaraci\u00f3n conjunta<\/a>, los grupos de empleadores y de trabajadores reunidos en la OIT reconocieron el derecho de huelga.<\/p><p>Gracias a este positivo desenlace del conflicto, se promueve una serie de propuestas para poner fin al estancamiento que se produjo en la OIT a consecuencia de una situaci\u00f3n que, desde 2012, estaba sin resolver.<\/p><p>Ahora, las propuestas se van a presentar al \u00f3rgano rector de la OIT en marzo para su aprobaci\u00f3n.<\/p><p>Los grupos de empleadores hab\u00edan cuestionado el derecho de huelga, debido a que no se expresaba expl\u00edcitamente en el Convenio 87 de la OIT, a pesar de que desde hace muchos a\u00f1os ese derecho ha sido universalmente aceptado por los gobiernos, trabajadores y empleadores.<\/p><p>En muchos pa\u00edses se conocen casos graves de violaciones laborales que han quedado sin resolver por la OIT debido a esta situaci\u00f3n indecisa, en que el grupo de empleadores se hab\u00eda negado a ceder.<\/p><p>La declaraci\u00f3n se\u00f1alada se public\u00f3 tras un <a href=\"http:\/\/www.industriall-union.org\/es\/el-derecho-de-huelga-no-se-toca\">d\u00eda de protesta mundial<\/a> en defensa del derecho de huelga, realizado el 18 de febrero por las federaciones sindicales, con por lo menos 100 manifestaciones en m\u00e1s de 60 pa\u00edses, incluidas aquellas promovidas por los afiliados de IndustriALL Global Union. El prop\u00f3sito de las protestas fue ejercer presi\u00f3n sobre los gobiernos y los empleadores en la OIT.<\/p><p>Significativamente, en la mencionada reuni\u00f3n de febrero, el Grupo Gubernamental de la OIT, que anteriormente hab\u00eda estado dividido respecto a este tema, apoy\u00f3 firmemente el derecho de huelga. En una declaraci\u00f3n que se public\u00f3 durante el debate, se afirm\u00f3:<\/p><p>&rdquo;El Grupo Gubernamental reconoce que el derecho de huelga est\u00e1 vinculado a la libertad sindical, que es uno de los principios y derechos fundamentales en el trabajo de la OIT. El Grupo Gubernamental reconoce espec\u00edficamente que de no ampararse el derecho de huelga, la libertad sindical, en particular el derecho de organizar actividades para promover y proteger los intereses de los trabajadores, no puede realizarse plenamente&rdquo;.<\/p><p>Jyrki Raina, Secretario General de IndustriALL, manifest\u00f3 su satisfacci\u00f3n al respecto:<\/p><blockquote><p>Es un avance muy positivo el hecho de que los empleadores hayan reconocido el derecho de huelga. Nuestros afiliados merecen que se reconozca la labor que han realizado, luchando vigorosamente en defensa de este derecho fundamental. Sin embargo, la batalla no ha terminado. Debemos permanecer en alerta, asegur\u00e1ndonos de que los empleadores no vuelvan a cuestionar el derecho de huelga.<\/p><\/blockquote>","protected":false},"featured_media":0,"template":"","issues":[406],"companies":[],"regions":[],"sectors":[],"article_tags":[529],"class_list":["post-170527","article","type-article","status-publish","hentry","issues-confronting-global-capital","article_tags-strike"],"acf":[],"yoast_head":"<!-- This site is optimized with the Yoast SEO Premium plugin v27.1 (Yoast SEO v27.1) - https:\/\/yoast.com\/product\/yoast-seo-premium-wordpress\/ -->\n<title>En reuni\u00f3n de la OIT acuerdan reafirmar derecho de huelga - industriall-union<\/title>\n<meta name=\"description\" content=\"En una declaraci\u00f3n conjunta, los grupos de empleadores y de trabajadores reunidos en la OIT reconocieron el derecho de huelga.Gracias a este positivo\" \/>\n<meta name=\"robots\" content=\"index, follow, max-snippet:-1, max-image-preview:large, max-video-preview:-1\" \/>\n<link rel=\"canonical\" href=\"https:\/\/admin.industriall-union.org\/es\/en-reunion-de-la-oit-acuerdan-reafirmar-derecho-de-huelga\/\" \/>\n<meta property=\"og:locale\" content=\"es_ES\" \/>\n<meta property=\"og:type\" content=\"article\" \/>\n<meta property=\"og:title\" content=\"En reuni\u00f3n de la OIT acuerdan reafirmar derecho de huelga\" \/>\n<meta property=\"og:description\" content=\"En una declaraci\u00f3n conjunta, los grupos de empleadores y de trabajadores reunidos en la OIT reconocieron el derecho de huelga.Gracias a este positivo\" \/>\n<meta property=\"og:url\" content=\"https:\/\/admin.industriall-union.org\/es\/en-reunion-de-la-oit-acuerdan-reafirmar-derecho-de-huelga\/\" \/>\n<meta property=\"og:site_name\" content=\"industriall-union\" \/>\n<meta property=\"article:modified_time\" content=\"2025-02-07T16:48:07+00:00\" \/>\n<meta name=\"twitter:card\" content=\"summary_large_image\" \/>\n<meta name=\"twitter:label1\" content=\"Est. reading time\" \/>\n\t<meta name=\"twitter:data1\" content=\"2 minutes\" \/>\n<script type=\"application\/ld+json\" class=\"yoast-schema-graph\">{\"@context\":\"https:\/\/schema.org\",\"@graph\":[{\"@type\":\"WebPage\",\"@id\":\"https:\/\/admin.industriall-union.org\/es\/en-reunion-de-la-oit-acuerdan-reafirmar-derecho-de-huelga\/\",\"url\":\"https:\/\/admin.industriall-union.org\/es\/en-reunion-de-la-oit-acuerdan-reafirmar-derecho-de-huelga\/\",\"name\":\"En reuni\u00f3n de la OIT acuerdan reafirmar derecho de huelga - industriall-union\",\"isPartOf\":{\"@id\":\"https:\/\/admin.industriall-union.org\/#website\"},\"datePublished\":\"2015-02-26T14:35:46+00:00\",\"dateModified\":\"2025-02-07T16:48:07+00:00\",\"description\":\"En una declaraci\u00f3n conjunta, los grupos de empleadores y de trabajadores reunidos en la OIT reconocieron el derecho de huelga.Gracias a este positivo\",\"breadcrumb\":{\"@id\":\"https:\/\/admin.industriall-union.org\/es\/en-reunion-de-la-oit-acuerdan-reafirmar-derecho-de-huelga\/#breadcrumb\"},\"inLanguage\":\"es-ES\",\"potentialAction\":[{\"@type\":\"ReadAction\",\"target\":[\"https:\/\/admin.industriall-union.org\/es\/en-reunion-de-la-oit-acuerdan-reafirmar-derecho-de-huelga\/\"]}]},{\"@type\":\"BreadcrumbList\",\"@id\":\"https:\/\/admin.industriall-union.org\/es\/en-reunion-de-la-oit-acuerdan-reafirmar-derecho-de-huelga\/#breadcrumb\",\"itemListElement\":[{\"@type\":\"ListItem\",\"position\":1,\"name\":\"Home\",\"item\":\"https:\/\/admin.industriall-union.org\/\"},{\"@type\":\"ListItem\",\"position\":2,\"name\":\"Articles\",\"item\":\"https:\/\/admin.industriall-union.org\/article\/\"},{\"@type\":\"ListItem\",\"position\":3,\"name\":\"En reuni\u00f3n de la OIT acuerdan reafirmar derecho de huelga\"}]},{\"@type\":\"WebSite\",\"@id\":\"https:\/\/admin.industriall-union.org\/#website\",\"url\":\"https:\/\/admin.industriall-union.org\/\",\"name\":\"industriall-union\",\"description\":\"\",\"potentialAction\":[{\"@type\":\"SearchAction\",\"target\":{\"@type\":\"EntryPoint\",\"urlTemplate\":\"https:\/\/admin.industriall-union.org\/?s={search_term_string}\"},\"query-input\":{\"@type\":\"PropertyValueSpecification\",\"valueRequired\":true,\"valueName\":\"search_term_string\"}}],\"inLanguage\":\"es-ES\"}]}<\/script>\n<!-- \/ Yoast SEO Premium plugin. -->","yoast_head_json":{"title":"En reuni\u00f3n de la OIT acuerdan reafirmar derecho de huelga - industriall-union","description":"En una declaraci\u00f3n conjunta, los grupos de empleadores y de trabajadores reunidos en la OIT reconocieron el derecho de huelga.Gracias a este positivo","robots":{"index":"index","follow":"follow","max-snippet":"max-snippet:-1","max-image-preview":"max-image-preview:large","max-video-preview":"max-video-preview:-1"},"canonical":"https:\/\/admin.industriall-union.org\/es\/en-reunion-de-la-oit-acuerdan-reafirmar-derecho-de-huelga\/","og_locale":"es_ES","og_type":"article","og_title":"En reuni\u00f3n de la OIT acuerdan reafirmar derecho de huelga","og_description":"En una declaraci\u00f3n conjunta, los grupos de empleadores y de trabajadores reunidos en la OIT reconocieron el derecho de huelga.Gracias a este positivo","og_url":"https:\/\/admin.industriall-union.org\/es\/en-reunion-de-la-oit-acuerdan-reafirmar-derecho-de-huelga\/","og_site_name":"industriall-union","article_modified_time":"2025-02-07T16:48:07+00:00","twitter_card":"summary_large_image","twitter_misc":{"Est. reading time":"2 minutes"},"schema":{"@context":"https:\/\/schema.org","@graph":[{"@type":"WebPage","@id":"https:\/\/admin.industriall-union.org\/es\/en-reunion-de-la-oit-acuerdan-reafirmar-derecho-de-huelga\/","url":"https:\/\/admin.industriall-union.org\/es\/en-reunion-de-la-oit-acuerdan-reafirmar-derecho-de-huelga\/","name":"En reuni\u00f3n de la OIT acuerdan reafirmar derecho de huelga - industriall-union","isPartOf":{"@id":"https:\/\/admin.industriall-union.org\/#website"},"datePublished":"2015-02-26T14:35:46+00:00","dateModified":"2025-02-07T16:48:07+00:00","description":"En una declaraci\u00f3n conjunta, los grupos de empleadores y de trabajadores reunidos en la OIT reconocieron el derecho de huelga.Gracias a este positivo","breadcrumb":{"@id":"https:\/\/admin.industriall-union.org\/es\/en-reunion-de-la-oit-acuerdan-reafirmar-derecho-de-huelga\/#breadcrumb"},"inLanguage":"es-ES","potentialAction":[{"@type":"ReadAction","target":["https:\/\/admin.industriall-union.org\/es\/en-reunion-de-la-oit-acuerdan-reafirmar-derecho-de-huelga\/"]}]},{"@type":"BreadcrumbList","@id":"https:\/\/admin.industriall-union.org\/es\/en-reunion-de-la-oit-acuerdan-reafirmar-derecho-de-huelga\/#breadcrumb","itemListElement":[{"@type":"ListItem","position":1,"name":"Home","item":"https:\/\/admin.industriall-union.org\/"},{"@type":"ListItem","position":2,"name":"Articles","item":"https:\/\/admin.industriall-union.org\/article\/"},{"@type":"ListItem","position":3,"name":"En reuni\u00f3n de la OIT acuerdan reafirmar derecho de huelga"}]},{"@type":"WebSite","@id":"https:\/\/admin.industriall-union.org\/#website","url":"https:\/\/admin.industriall-union.org\/","name":"industriall-union","description":"","potentialAction":[{"@type":"SearchAction","target":{"@type":"EntryPoint","urlTemplate":"https:\/\/admin.industriall-union.org\/?s={search_term_string}"},"query-input":{"@type":"PropertyValueSpecification","valueRequired":true,"valueName":"search_term_string"}}],"inLanguage":"es-ES"}]}},"_links":{"self":[{"href":"https:\/\/admin.industriall-union.org\/es\/wp-json\/wp\/v2\/article\/170527","targetHints":{"allow":["GET"]}}],"collection":[{"href":"https:\/\/admin.industriall-union.org\/es\/wp-json\/wp\/v2\/article"}],"about":[{"href":"https:\/\/admin.industriall-union.org\/es\/wp-json\/wp\/v2\/types\/article"}],"wp:attachment":[{"href":"https:\/\/admin.industriall-union.org\/es\/wp-json\/wp\/v2\/media?parent=170527"}],"wp:term":[{"taxonomy":"issues","embeddable":true,"href":"https:\/\/admin.industriall-union.org\/es\/wp-json\/wp\/v2\/issues?post=170527"},{"taxonomy":"companies","embeddable":true,"href":"https:\/\/admin.industriall-union.org\/es\/wp-json\/wp\/v2\/companies?post=170527"},{"taxonomy":"regions","embeddable":true,"href":"https:\/\/admin.industriall-union.org\/es\/wp-json\/wp\/v2\/regions?post=170527"},{"taxonomy":"sectors","embeddable":true,"href":"https:\/\/admin.industriall-union.org\/es\/wp-json\/wp\/v2\/sectors?post=170527"},{"taxonomy":"article_tags","embeddable":true,"href":"https:\/\/admin.industriall-union.org\/es\/wp-json\/wp\/v2\/article_tags?post=170527"}],"curies":[{"name":"wp","href":"https:\/\/api.w.org\/{rel}","templated":true}]}}