{"id":170509,"date":"2015-03-04T21:01:40","date_gmt":"2015-03-04T21:01:40","guid":{"rendered":"https:\/\/admin.industriall-union.org\/9-mineros-muertos-y-23-desaparecidos-tras-explosion-en-mina-de-carbon-en-ucrania\/"},"modified":"2025-02-07T16:34:16","modified_gmt":"2025-02-07T16:34:16","slug":"9-mineros-muertos-y-23-desaparecidos-tras-explosion-en-mina-de-carbon-en-ucrania","status":"publish","type":"article","link":"https:\/\/admin.industriall-union.org\/es\/9-mineros-muertos-y-23-desaparecidos-tras-explosion-en-mina-de-carbon-en-ucrania\/","title":{"rendered":"9 mineros muertos y 23 desaparecidos tras explosi\u00f3n en mina de carb\u00f3n en Ucrania"},"content":{"rendered":"<p>As\u00ed lo inform\u00f3 el Sindicato Independiente de Mineros del Carb\u00f3n de Ucrania, afiliado a IndustriALL, se\u00f1alando que la explosi\u00f3n ocurri\u00f3 en la madrugada del 4 de marzo, resultando 16 mineros heridos que fueron trasladados al hospital, cinco de ellos con quemaduras. Se inform\u00f3 que nueve mineros hab\u00edan fallecido. 23 mineros siguen desaparecidos.<\/p><p>Viktor Turmanov, del Sindicato de Trabajadores Mineros del Carb\u00f3n de Ucrania, explic\u00f3 que 11 brigadas de rescate de Ucrania fueron enviadas a la mina desde el territorio controlado por el gobierno de Ucrania, pero se les neg\u00f3 el acceso a la mina, que est\u00e1 ubicada en el territorio de la provincia de Donetsk. Por otro lado, las autoridades de esa provincia se\u00f1alaron que ellos ten\u00edan capacidad log\u00edstica para proceder al rescate. Sin embargo, seg\u00fan Mikhail Volynets, del Sindicato Independiente de Mineros de Ucrania, los equipos de rescate de las minas locales cuentan con poco equipo y no tienen capacidad para desempe\u00f1ar su labor eficazmente en su totalidad.<\/p><p>Al parecer las operaciones de rescate se han suspendido debido al alto nivel de metano que existe, lo cual podr\u00eda producir otra explosi\u00f3n en esa zona.<\/p><p>En Donetsk, siguen en operaci\u00f3n 15 minas de carb\u00f3n de las 60 que existen en esa regi\u00f3n.<\/p><p>Desde hace muchos a\u00f1os, la mina de Zasyadko viene arrastrando fama por sus deficientes normas de seguridad. Ya en 2007 se produjo en esa mina el peor desastre minero de Ucrania, que dej\u00f3 m\u00e1s de 100 muertos. Anteriormente, en 1999, fallecieron unos 50 mineros en una explosi\u00f3n. En 2001 murieron otros 55 mineros; luego, en 2002 unos 20 mineros perdieron la vida, y en 2006 otros 13.<\/p><p>Kemal \u00d6zkan, Secretario General Adjunto de IndustriALL, se\u00f1al\u00f3 al respecto:<\/p><blockquote><p>&ldquo;Enviamos nuestras m\u00e1s sinceras condolencias a las familias de los trabajadores fallecidos y heridos. Exigimos que se realice una investigaci\u00f3n adecuada sobre las causas de este siniestro, y que se saquen las debidas conclusiones en base a esta desgarradora tragedia. Sin embargo, en vista de los malos antecedentes anteriores y la terrible cifra de muertos, se debe dar m\u00e1xima importancia a la salud y seguridad en esta mina en particular. La parte patronal y las autoridades deben considerar como propia la responsabilidad de proporcionar condiciones seguras y saludables de trabajo. &iexcl;No se debe enviar ning\u00fan minero a morir en el lugar de trabajo!&rdquo;<\/p><\/blockquote>","protected":false},"featured_media":0,"template":"","issues":[403],"companies":[],"regions":[252],"sectors":[495],"article_tags":[],"class_list":["post-170509","article","type-article","status-publish","hentry","issues-convention-176-mine-safety","regions-ukraine","sectors-mining"],"acf":[],"yoast_head":"<!-- This site is optimized with the Yoast SEO Premium plugin v27.1 (Yoast SEO v27.1) - https:\/\/yoast.com\/product\/yoast-seo-premium-wordpress\/ -->\n<title>9 mineros muertos y 23 desaparecidos tras explosi\u00f3n en mina de carb\u00f3n en Ucrania - industriall-union<\/title>\n<meta name=\"description\" content=\"As\u00ed lo inform\u00f3 el Sindicato Independiente de Mineros del Carb\u00f3n de Ucrania, afiliado a IndustriALL, se\u00f1alando que la explosi\u00f3n ocurri\u00f3 en la madrugada del\" \/>\n<meta name=\"robots\" content=\"index, follow, max-snippet:-1, max-image-preview:large, max-video-preview:-1\" \/>\n<link rel=\"canonical\" href=\"https:\/\/admin.industriall-union.org\/es\/9-mineros-muertos-y-23-desaparecidos-tras-explosion-en-mina-de-carbon-en-ucrania\/\" \/>\n<meta property=\"og:locale\" content=\"es_ES\" \/>\n<meta property=\"og:type\" content=\"article\" \/>\n<meta property=\"og:title\" content=\"9 mineros muertos y 23 desaparecidos tras explosi\u00f3n en mina de carb\u00f3n en Ucrania\" \/>\n<meta property=\"og:description\" content=\"As\u00ed lo inform\u00f3 el Sindicato Independiente de Mineros del Carb\u00f3n de Ucrania, afiliado a IndustriALL, se\u00f1alando que la explosi\u00f3n ocurri\u00f3 en la madrugada del\" \/>\n<meta property=\"og:url\" content=\"https:\/\/admin.industriall-union.org\/es\/9-mineros-muertos-y-23-desaparecidos-tras-explosion-en-mina-de-carbon-en-ucrania\/\" \/>\n<meta property=\"og:site_name\" content=\"industriall-union\" \/>\n<meta property=\"article:modified_time\" content=\"2025-02-07T16:34:16+00:00\" \/>\n<meta name=\"twitter:card\" content=\"summary_large_image\" \/>\n<meta name=\"twitter:label1\" content=\"Est. reading time\" \/>\n\t<meta name=\"twitter:data1\" content=\"2 minutes\" \/>\n<script type=\"application\/ld+json\" class=\"yoast-schema-graph\">{\"@context\":\"https:\/\/schema.org\",\"@graph\":[{\"@type\":\"WebPage\",\"@id\":\"https:\/\/admin.industriall-union.org\/es\/9-mineros-muertos-y-23-desaparecidos-tras-explosion-en-mina-de-carbon-en-ucrania\/\",\"url\":\"https:\/\/admin.industriall-union.org\/es\/9-mineros-muertos-y-23-desaparecidos-tras-explosion-en-mina-de-carbon-en-ucrania\/\",\"name\":\"9 mineros muertos y 23 desaparecidos tras explosi\u00f3n en mina de carb\u00f3n en Ucrania - industriall-union\",\"isPartOf\":{\"@id\":\"https:\/\/admin.industriall-union.org\/#website\"},\"datePublished\":\"2015-03-04T21:01:40+00:00\",\"dateModified\":\"2025-02-07T16:34:16+00:00\",\"description\":\"As\u00ed lo inform\u00f3 el Sindicato Independiente de Mineros del Carb\u00f3n de Ucrania, afiliado a IndustriALL, se\u00f1alando que la explosi\u00f3n ocurri\u00f3 en la madrugada del\",\"breadcrumb\":{\"@id\":\"https:\/\/admin.industriall-union.org\/es\/9-mineros-muertos-y-23-desaparecidos-tras-explosion-en-mina-de-carbon-en-ucrania\/#breadcrumb\"},\"inLanguage\":\"es-ES\",\"potentialAction\":[{\"@type\":\"ReadAction\",\"target\":[\"https:\/\/admin.industriall-union.org\/es\/9-mineros-muertos-y-23-desaparecidos-tras-explosion-en-mina-de-carbon-en-ucrania\/\"]}]},{\"@type\":\"BreadcrumbList\",\"@id\":\"https:\/\/admin.industriall-union.org\/es\/9-mineros-muertos-y-23-desaparecidos-tras-explosion-en-mina-de-carbon-en-ucrania\/#breadcrumb\",\"itemListElement\":[{\"@type\":\"ListItem\",\"position\":1,\"name\":\"Home\",\"item\":\"https:\/\/admin.industriall-union.org\/\"},{\"@type\":\"ListItem\",\"position\":2,\"name\":\"Articles\",\"item\":\"https:\/\/admin.industriall-union.org\/article\/\"},{\"@type\":\"ListItem\",\"position\":3,\"name\":\"9 mineros muertos y 23 desaparecidos tras explosi\u00f3n en mina de carb\u00f3n en Ucrania\"}]},{\"@type\":\"WebSite\",\"@id\":\"https:\/\/admin.industriall-union.org\/#website\",\"url\":\"https:\/\/admin.industriall-union.org\/\",\"name\":\"industriall-union\",\"description\":\"\",\"potentialAction\":[{\"@type\":\"SearchAction\",\"target\":{\"@type\":\"EntryPoint\",\"urlTemplate\":\"https:\/\/admin.industriall-union.org\/?s={search_term_string}\"},\"query-input\":{\"@type\":\"PropertyValueSpecification\",\"valueRequired\":true,\"valueName\":\"search_term_string\"}}],\"inLanguage\":\"es-ES\"}]}<\/script>\n<!-- \/ Yoast SEO Premium plugin. -->","yoast_head_json":{"title":"9 mineros muertos y 23 desaparecidos tras explosi\u00f3n en mina de carb\u00f3n en Ucrania - industriall-union","description":"As\u00ed lo inform\u00f3 el Sindicato Independiente de Mineros del Carb\u00f3n de Ucrania, afiliado a IndustriALL, se\u00f1alando que la explosi\u00f3n ocurri\u00f3 en la madrugada del","robots":{"index":"index","follow":"follow","max-snippet":"max-snippet:-1","max-image-preview":"max-image-preview:large","max-video-preview":"max-video-preview:-1"},"canonical":"https:\/\/admin.industriall-union.org\/es\/9-mineros-muertos-y-23-desaparecidos-tras-explosion-en-mina-de-carbon-en-ucrania\/","og_locale":"es_ES","og_type":"article","og_title":"9 mineros muertos y 23 desaparecidos tras explosi\u00f3n en mina de carb\u00f3n en Ucrania","og_description":"As\u00ed lo inform\u00f3 el Sindicato Independiente de Mineros del Carb\u00f3n de Ucrania, afiliado a IndustriALL, se\u00f1alando que la explosi\u00f3n ocurri\u00f3 en la madrugada del","og_url":"https:\/\/admin.industriall-union.org\/es\/9-mineros-muertos-y-23-desaparecidos-tras-explosion-en-mina-de-carbon-en-ucrania\/","og_site_name":"industriall-union","article_modified_time":"2025-02-07T16:34:16+00:00","twitter_card":"summary_large_image","twitter_misc":{"Est. reading time":"2 minutes"},"schema":{"@context":"https:\/\/schema.org","@graph":[{"@type":"WebPage","@id":"https:\/\/admin.industriall-union.org\/es\/9-mineros-muertos-y-23-desaparecidos-tras-explosion-en-mina-de-carbon-en-ucrania\/","url":"https:\/\/admin.industriall-union.org\/es\/9-mineros-muertos-y-23-desaparecidos-tras-explosion-en-mina-de-carbon-en-ucrania\/","name":"9 mineros muertos y 23 desaparecidos tras explosi\u00f3n en mina de carb\u00f3n en Ucrania - industriall-union","isPartOf":{"@id":"https:\/\/admin.industriall-union.org\/#website"},"datePublished":"2015-03-04T21:01:40+00:00","dateModified":"2025-02-07T16:34:16+00:00","description":"As\u00ed lo inform\u00f3 el Sindicato Independiente de Mineros del Carb\u00f3n de Ucrania, afiliado a IndustriALL, se\u00f1alando que la explosi\u00f3n ocurri\u00f3 en la madrugada del","breadcrumb":{"@id":"https:\/\/admin.industriall-union.org\/es\/9-mineros-muertos-y-23-desaparecidos-tras-explosion-en-mina-de-carbon-en-ucrania\/#breadcrumb"},"inLanguage":"es-ES","potentialAction":[{"@type":"ReadAction","target":["https:\/\/admin.industriall-union.org\/es\/9-mineros-muertos-y-23-desaparecidos-tras-explosion-en-mina-de-carbon-en-ucrania\/"]}]},{"@type":"BreadcrumbList","@id":"https:\/\/admin.industriall-union.org\/es\/9-mineros-muertos-y-23-desaparecidos-tras-explosion-en-mina-de-carbon-en-ucrania\/#breadcrumb","itemListElement":[{"@type":"ListItem","position":1,"name":"Home","item":"https:\/\/admin.industriall-union.org\/"},{"@type":"ListItem","position":2,"name":"Articles","item":"https:\/\/admin.industriall-union.org\/article\/"},{"@type":"ListItem","position":3,"name":"9 mineros muertos y 23 desaparecidos tras explosi\u00f3n en mina de carb\u00f3n en Ucrania"}]},{"@type":"WebSite","@id":"https:\/\/admin.industriall-union.org\/#website","url":"https:\/\/admin.industriall-union.org\/","name":"industriall-union","description":"","potentialAction":[{"@type":"SearchAction","target":{"@type":"EntryPoint","urlTemplate":"https:\/\/admin.industriall-union.org\/?s={search_term_string}"},"query-input":{"@type":"PropertyValueSpecification","valueRequired":true,"valueName":"search_term_string"}}],"inLanguage":"es-ES"}]}},"_links":{"self":[{"href":"https:\/\/admin.industriall-union.org\/es\/wp-json\/wp\/v2\/article\/170509","targetHints":{"allow":["GET"]}}],"collection":[{"href":"https:\/\/admin.industriall-union.org\/es\/wp-json\/wp\/v2\/article"}],"about":[{"href":"https:\/\/admin.industriall-union.org\/es\/wp-json\/wp\/v2\/types\/article"}],"wp:attachment":[{"href":"https:\/\/admin.industriall-union.org\/es\/wp-json\/wp\/v2\/media?parent=170509"}],"wp:term":[{"taxonomy":"issues","embeddable":true,"href":"https:\/\/admin.industriall-union.org\/es\/wp-json\/wp\/v2\/issues?post=170509"},{"taxonomy":"companies","embeddable":true,"href":"https:\/\/admin.industriall-union.org\/es\/wp-json\/wp\/v2\/companies?post=170509"},{"taxonomy":"regions","embeddable":true,"href":"https:\/\/admin.industriall-union.org\/es\/wp-json\/wp\/v2\/regions?post=170509"},{"taxonomy":"sectors","embeddable":true,"href":"https:\/\/admin.industriall-union.org\/es\/wp-json\/wp\/v2\/sectors?post=170509"},{"taxonomy":"article_tags","embeddable":true,"href":"https:\/\/admin.industriall-union.org\/es\/wp-json\/wp\/v2\/article_tags?post=170509"}],"curies":[{"name":"wp","href":"https:\/\/api.w.org\/{rel}","templated":true}]}}