{"id":170507,"date":"2015-03-05T10:34:12","date_gmt":"2015-03-05T10:34:12","guid":{"rendered":"https:\/\/admin.industriall-union.org\/aumenta-el-numero-de-victimas-fatales-en-mina-de-donetsk\/"},"modified":"2025-02-07T16:33:51","modified_gmt":"2025-02-07T16:33:51","slug":"aumenta-el-numero-de-victimas-fatales-en-mina-de-donetsk","status":"publish","type":"article","link":"https:\/\/admin.industriall-union.org\/es\/aumenta-el-numero-de-victimas-fatales-en-mina-de-donetsk\/","title":{"rendered":"Aumenta el n\u00famero de v\u00edctimas fatales en mina de Donetsk"},"content":{"rendered":"<p><strong>*** ACTUALIZACI\u00d3N *** A las 7 de la tarde del d\u00eda 5 de marzo, fueron suspendidas las operaciones de rescate en la mina de Zasyadko, despu\u00e9s de haberse hallado y retirado el \u00faltimo cad\u00e1ver de los 33 mineros muertos en la explosi\u00f3n de gas.<\/strong><\/p><p>Seg\u00fan la informaci\u00f3n recibida, se hab\u00edan suspendido las operaciones de rescate debido a que se hab\u00eda roto un sistema de ventilaci\u00f3n y por el alto nivel de metano, lo cual podr\u00eda causar otra explosi\u00f3n en esa zona.<\/p><p>Tan pronto como se hab\u00eda reparado el sistema de ventilaci\u00f3n de la mina, las operaciones de rescate se reanudaron durante la noche y contin\u00faa la b\u00fasqueda de los mineros desaparecidos.<\/p><p>Se produjo la explosi\u00f3n de gas a una profundidad de 1.230 metros en la mina Zasyadko en la madrugada del 4 de marzo. En ese momento, unos 230 mineros estaban trabajando bajo tierra. Seg\u00fan Mikhail Volynets, Presidente del Sindicato Independiente de Mineros del Carb\u00f3n de Ucrania, organizaci\u00f3n afiliada a IndustriALL Global Union, 16 mineros heridos fueron trasladados al hospital, cinco de ellos con quemaduras.<\/p><p>Viktor Turmanov, del Sindicato de Trabajadores Mineros del Carb\u00f3n de Ucrania, inform\u00f3 que &ldquo;11 brigadas de rescate de Ucrania hab\u00edan sido enviadas a la mina desde el territorio controlado por el gobierno de Ucrania, pero se les neg\u00f3 el acceso a la mina, que est\u00e1 ubicada en el territorio de la provincia de Donetsk. Las autoridades de esa provincia se\u00f1alaron que ten\u00edan la capacidad log\u00edstica necesaria para realizar el rescate&rdquo;.<\/p><p>Sin embargo, seg\u00fan explic\u00f3 Volynets: &ldquo;Los equipos de rescate de las minas locales cuentan con poco equipo y no tienen capacidad para desempe\u00f1ar su labor eficazmente en su totalidad&rdquo;.<\/p><p>Kemal \u00d6zkan, Secretario General Adjunto de IndustriALL, se\u00f1al\u00f3 al respecto:<\/p><blockquote><p>&ldquo;Enviamos nuestras m\u00e1s sinceras condolencias a las familias de los trabajadores fallecidos y heridos. Exigimos que se realice una investigaci\u00f3n adecuada sobre las causas de este siniestro, y que se saquen las debidas conclusiones en base a esta desgarradora tragedia. Sin embargo, en vista de los malos antecedentes anteriores y la terrible cifra de muertos, se debe dar m\u00e1xima importancia a la salud y seguridad en esta mina en particular. La parte patronal y las autoridades deben considerar como propia la responsabilidad de proporcionar condiciones seguras y saludables de trabajo. &iexcl;No se debe enviar ning\u00fan minero a morir en el lugar de trabajo!&rdquo;<\/p><\/blockquote><p>Desde hace muchos a\u00f1os, la mina de Zasyadko viene arrastrando fama por sus deficientes normas de seguridad. Ya en 2007 se produjo en esa mina el peor desastre minero de Ucrania, que dej\u00f3 m\u00e1s de 100 muertos. Anteriormente, en 1999, fallecieron unos 50 mineros en una explosi\u00f3n. En 2001 murieron otros 55 mineros; luego, en 2002 unos 20 mineros perdieron la vida, y en 2006 otros 13.<\/p>","protected":false},"featured_media":0,"template":"","issues":[],"companies":[],"regions":[],"sectors":[],"article_tags":[],"class_list":["post-170507","article","type-article","status-publish","hentry"],"acf":[],"yoast_head":"<!-- This site is optimized with the Yoast SEO Premium plugin v27.1 (Yoast SEO v27.1) - https:\/\/yoast.com\/product\/yoast-seo-premium-wordpress\/ -->\n<title>Aumenta el n\u00famero de v\u00edctimas fatales en mina de Donetsk - industriall-union<\/title>\n<meta name=\"description\" content=\"*** ACTUALIZACI\u00d3N *** A las 7 de la tarde del d\u00eda 5 de marzo, fueron suspendidas las operaciones de rescate en la mina de Zasyadko, despu\u00e9s de haberse\" \/>\n<meta name=\"robots\" content=\"index, follow, max-snippet:-1, max-image-preview:large, max-video-preview:-1\" \/>\n<link rel=\"canonical\" href=\"https:\/\/admin.industriall-union.org\/es\/aumenta-el-numero-de-victimas-fatales-en-mina-de-donetsk\/\" \/>\n<meta property=\"og:locale\" content=\"es_ES\" \/>\n<meta property=\"og:type\" content=\"article\" \/>\n<meta property=\"og:title\" content=\"Aumenta el n\u00famero de v\u00edctimas fatales en mina de Donetsk\" \/>\n<meta property=\"og:description\" content=\"*** ACTUALIZACI\u00d3N *** A las 7 de la tarde del d\u00eda 5 de marzo, fueron suspendidas las operaciones de rescate en la mina de Zasyadko, despu\u00e9s de haberse\" \/>\n<meta property=\"og:url\" content=\"https:\/\/admin.industriall-union.org\/es\/aumenta-el-numero-de-victimas-fatales-en-mina-de-donetsk\/\" \/>\n<meta property=\"og:site_name\" content=\"industriall-union\" \/>\n<meta property=\"article:modified_time\" content=\"2025-02-07T16:33:51+00:00\" \/>\n<meta name=\"twitter:card\" content=\"summary_large_image\" \/>\n<meta name=\"twitter:label1\" content=\"Est. reading time\" \/>\n\t<meta name=\"twitter:data1\" content=\"2 minutes\" \/>\n<script type=\"application\/ld+json\" class=\"yoast-schema-graph\">{\"@context\":\"https:\/\/schema.org\",\"@graph\":[{\"@type\":\"WebPage\",\"@id\":\"https:\/\/admin.industriall-union.org\/es\/aumenta-el-numero-de-victimas-fatales-en-mina-de-donetsk\/\",\"url\":\"https:\/\/admin.industriall-union.org\/es\/aumenta-el-numero-de-victimas-fatales-en-mina-de-donetsk\/\",\"name\":\"Aumenta el n\u00famero de v\u00edctimas fatales en mina de Donetsk - industriall-union\",\"isPartOf\":{\"@id\":\"https:\/\/admin.industriall-union.org\/#website\"},\"datePublished\":\"2015-03-05T10:34:12+00:00\",\"dateModified\":\"2025-02-07T16:33:51+00:00\",\"description\":\"*** ACTUALIZACI\u00d3N *** A las 7 de la tarde del d\u00eda 5 de marzo, fueron suspendidas las operaciones de rescate en la mina de Zasyadko, despu\u00e9s de haberse\",\"breadcrumb\":{\"@id\":\"https:\/\/admin.industriall-union.org\/es\/aumenta-el-numero-de-victimas-fatales-en-mina-de-donetsk\/#breadcrumb\"},\"inLanguage\":\"es-ES\",\"potentialAction\":[{\"@type\":\"ReadAction\",\"target\":[\"https:\/\/admin.industriall-union.org\/es\/aumenta-el-numero-de-victimas-fatales-en-mina-de-donetsk\/\"]}]},{\"@type\":\"BreadcrumbList\",\"@id\":\"https:\/\/admin.industriall-union.org\/es\/aumenta-el-numero-de-victimas-fatales-en-mina-de-donetsk\/#breadcrumb\",\"itemListElement\":[{\"@type\":\"ListItem\",\"position\":1,\"name\":\"Home\",\"item\":\"https:\/\/admin.industriall-union.org\/\"},{\"@type\":\"ListItem\",\"position\":2,\"name\":\"Articles\",\"item\":\"https:\/\/admin.industriall-union.org\/article\/\"},{\"@type\":\"ListItem\",\"position\":3,\"name\":\"Aumenta el n\u00famero de v\u00edctimas fatales en mina de Donetsk\"}]},{\"@type\":\"WebSite\",\"@id\":\"https:\/\/admin.industriall-union.org\/#website\",\"url\":\"https:\/\/admin.industriall-union.org\/\",\"name\":\"industriall-union\",\"description\":\"\",\"potentialAction\":[{\"@type\":\"SearchAction\",\"target\":{\"@type\":\"EntryPoint\",\"urlTemplate\":\"https:\/\/admin.industriall-union.org\/?s={search_term_string}\"},\"query-input\":{\"@type\":\"PropertyValueSpecification\",\"valueRequired\":true,\"valueName\":\"search_term_string\"}}],\"inLanguage\":\"es-ES\"}]}<\/script>\n<!-- \/ Yoast SEO Premium plugin. -->","yoast_head_json":{"title":"Aumenta el n\u00famero de v\u00edctimas fatales en mina de Donetsk - industriall-union","description":"*** ACTUALIZACI\u00d3N *** A las 7 de la tarde del d\u00eda 5 de marzo, fueron suspendidas las operaciones de rescate en la mina de Zasyadko, despu\u00e9s de haberse","robots":{"index":"index","follow":"follow","max-snippet":"max-snippet:-1","max-image-preview":"max-image-preview:large","max-video-preview":"max-video-preview:-1"},"canonical":"https:\/\/admin.industriall-union.org\/es\/aumenta-el-numero-de-victimas-fatales-en-mina-de-donetsk\/","og_locale":"es_ES","og_type":"article","og_title":"Aumenta el n\u00famero de v\u00edctimas fatales en mina de Donetsk","og_description":"*** ACTUALIZACI\u00d3N *** A las 7 de la tarde del d\u00eda 5 de marzo, fueron suspendidas las operaciones de rescate en la mina de Zasyadko, despu\u00e9s de haberse","og_url":"https:\/\/admin.industriall-union.org\/es\/aumenta-el-numero-de-victimas-fatales-en-mina-de-donetsk\/","og_site_name":"industriall-union","article_modified_time":"2025-02-07T16:33:51+00:00","twitter_card":"summary_large_image","twitter_misc":{"Est. reading time":"2 minutes"},"schema":{"@context":"https:\/\/schema.org","@graph":[{"@type":"WebPage","@id":"https:\/\/admin.industriall-union.org\/es\/aumenta-el-numero-de-victimas-fatales-en-mina-de-donetsk\/","url":"https:\/\/admin.industriall-union.org\/es\/aumenta-el-numero-de-victimas-fatales-en-mina-de-donetsk\/","name":"Aumenta el n\u00famero de v\u00edctimas fatales en mina de Donetsk - industriall-union","isPartOf":{"@id":"https:\/\/admin.industriall-union.org\/#website"},"datePublished":"2015-03-05T10:34:12+00:00","dateModified":"2025-02-07T16:33:51+00:00","description":"*** ACTUALIZACI\u00d3N *** A las 7 de la tarde del d\u00eda 5 de marzo, fueron suspendidas las operaciones de rescate en la mina de Zasyadko, despu\u00e9s de haberse","breadcrumb":{"@id":"https:\/\/admin.industriall-union.org\/es\/aumenta-el-numero-de-victimas-fatales-en-mina-de-donetsk\/#breadcrumb"},"inLanguage":"es-ES","potentialAction":[{"@type":"ReadAction","target":["https:\/\/admin.industriall-union.org\/es\/aumenta-el-numero-de-victimas-fatales-en-mina-de-donetsk\/"]}]},{"@type":"BreadcrumbList","@id":"https:\/\/admin.industriall-union.org\/es\/aumenta-el-numero-de-victimas-fatales-en-mina-de-donetsk\/#breadcrumb","itemListElement":[{"@type":"ListItem","position":1,"name":"Home","item":"https:\/\/admin.industriall-union.org\/"},{"@type":"ListItem","position":2,"name":"Articles","item":"https:\/\/admin.industriall-union.org\/article\/"},{"@type":"ListItem","position":3,"name":"Aumenta el n\u00famero de v\u00edctimas fatales en mina de Donetsk"}]},{"@type":"WebSite","@id":"https:\/\/admin.industriall-union.org\/#website","url":"https:\/\/admin.industriall-union.org\/","name":"industriall-union","description":"","potentialAction":[{"@type":"SearchAction","target":{"@type":"EntryPoint","urlTemplate":"https:\/\/admin.industriall-union.org\/?s={search_term_string}"},"query-input":{"@type":"PropertyValueSpecification","valueRequired":true,"valueName":"search_term_string"}}],"inLanguage":"es-ES"}]}},"_links":{"self":[{"href":"https:\/\/admin.industriall-union.org\/es\/wp-json\/wp\/v2\/article\/170507","targetHints":{"allow":["GET"]}}],"collection":[{"href":"https:\/\/admin.industriall-union.org\/es\/wp-json\/wp\/v2\/article"}],"about":[{"href":"https:\/\/admin.industriall-union.org\/es\/wp-json\/wp\/v2\/types\/article"}],"wp:attachment":[{"href":"https:\/\/admin.industriall-union.org\/es\/wp-json\/wp\/v2\/media?parent=170507"}],"wp:term":[{"taxonomy":"issues","embeddable":true,"href":"https:\/\/admin.industriall-union.org\/es\/wp-json\/wp\/v2\/issues?post=170507"},{"taxonomy":"companies","embeddable":true,"href":"https:\/\/admin.industriall-union.org\/es\/wp-json\/wp\/v2\/companies?post=170507"},{"taxonomy":"regions","embeddable":true,"href":"https:\/\/admin.industriall-union.org\/es\/wp-json\/wp\/v2\/regions?post=170507"},{"taxonomy":"sectors","embeddable":true,"href":"https:\/\/admin.industriall-union.org\/es\/wp-json\/wp\/v2\/sectors?post=170507"},{"taxonomy":"article_tags","embeddable":true,"href":"https:\/\/admin.industriall-union.org\/es\/wp-json\/wp\/v2\/article_tags?post=170507"}],"curies":[{"name":"wp","href":"https:\/\/api.w.org\/{rel}","templated":true}]}}