{"id":170499,"date":"2015-03-05T11:42:05","date_gmt":"2015-03-05T11:42:05","guid":{"rendered":"https:\/\/admin.industriall-union.org\/unirse-y-organizarse-para-el-dia-de-la-mujer-el-8-de-marzo\/"},"modified":"2025-02-07T16:31:21","modified_gmt":"2025-02-07T16:31:21","slug":"unirse-y-organizarse-para-el-dia-de-la-mujer-el-8-de-marzo","status":"publish","type":"article","link":"https:\/\/admin.industriall-union.org\/es\/unirse-y-organizarse-para-el-dia-de-la-mujer-el-8-de-marzo\/","title":{"rendered":"\u00a1Unirse y organizarse para el D\u00eda de la Mujer el 8 de marzo!"},"content":{"rendered":"<p>Este 8 de marzo conmemoramos el D\u00eda Internacional de la Mujer con el trasfondo de la violencia que afecta cada vez a m\u00e1s mujeres en todo el mundo; las mujeres son v\u00edctimas de los conflictos armados y de la intolerancia religiosa, conflictos que no tienen nada que ver con la religi\u00f3n, a pesar de lo cual se utiliza todav\u00eda a las mujeres como instrumentos de guerra.<\/p><p>Estas crisis, y la continua lucha econ\u00f3mica, son una amenaza directa para los derechos de las mujeres y un ataque a los logros de la mujer. En 2015, las mujeres siguen haciendo frente a la persistencia de la violencia, los cometidos tradicionales de g\u00e9nero y los estereotipos de g\u00e9nero, las nuevas preocupaciones por el medio ambiente, la falta de acceso a los servicios de salud y el extremismo.<\/p><p>Las estructuras raciales, de clase, culturales, sociales, econ\u00f3micas, religiosas y pol\u00edticas favorecen la explotaci\u00f3n de las mujeres. \u00c9stas siguen siendo vulnerables a la violencia en el hogar y en la sociedad, adem\u00e1s de carecer de muchas protecciones legales, como el permiso de maternidad.<\/p><p>En Europa, debido a las medidas de austeridad, se recortan las prestaciones de maternidad de las mujeres y se frenan los progresos para alentar a los padres a prestar m\u00e1s ayuda en el hogar. En muchos casos, las mujeres siguen teniendo que optar entre ser madres o trabajadoras.<\/p><p>El lema de este 8 de marzo en la regi\u00f3n de Asia y el Pac\u00edfico de la IndustriALL es la protecci\u00f3n de la maternidad de todas las mujeres, demanda necesaria a causa del gran y creciente n\u00famero de trabajadoras precarias que carecen de toda protecci\u00f3n a la maternidad cuando trabajan en condiciones ocasionales e informales.<\/p><p>La negociaci\u00f3n colectiva puede compensar la falta de leyes favorables a las mujeres. Sin embargo, los sindicatos han de velar por que las propuestas formuladas por las mujeres no queden contrarrestadas en las negociaciones con las avanzadas por los hombres. Incluso aunque las mujeres constituyen la mayor\u00eda de la fuerza de trabajo en industrias como la electr\u00f3nica o la confecci\u00f3n, siguen a\u00fan lejos de estar representadas debidamente en los puestos de direcci\u00f3n de los sindicatos. Esto las sit\u00faa en una posici\u00f3n de desventaja cuando se procede a la negociaci\u00f3n de aumentos salariales y mejores condiciones de trabajo.<\/p><p>Christine Olivier, presidenta del Comit\u00e9 de Mujeres de la IndustriALL, destaca los duros desaf\u00edos que siguen afrontando las mujeres:<\/p><p>&ldquo;La afiliaci\u00f3n sindical de las mujeres es del 40 por ciento por t\u00e9rmino medio, pero a pesar de eso s\u00f3lo ocupan el 15 por ciento de los cargos importantes en los \u00f3rganos de adopci\u00f3n de decisiones de sus organizaciones. La tasa de participaci\u00f3n de la fuerza de trabajo femenina sigue siendo de 26 puntos porcentuales inferior a la de los hombres. Las mujeres siguen predominando en los empleos informales, de baja calidad, precarios e infravalorados. Los salarios medios de las mujeres son inferiores entre un 4 y un 36 por ciento a los de los hombres. Y la violencia de g\u00e9nero sigue siendo una caracter\u00edstica tolerada con excesiva frecuencia en el lugar de trabajo, sin una norma jur\u00eddica internacional amplia que la proh\u00edba.&rdquo;<\/p><p>La IndustriALL y la CSI instan a nuestras organizaciones afiliadas a ejercer presi\u00f3n sobre los gobiernos para incluir una propuesta sobre la violencia de g\u00e9nero en el programa de una futura Conferencia Internacional del Trabajo de la OIT. Este tema se discutir\u00e1 en el Consejo de Administraci\u00f3n de la OIT de los d\u00edas 12 a 27 de marzo de 2015. Por lo tanto, es urgente ponerse en contacto con los miembros del Consejo de Administraci\u00f3n para presionarlos sobre la necesidad de apoyar esta propuesta y destacar cu\u00e1n importante es adoptar una norma internacional para abordar la violencia de g\u00e9nero en el trabajo.<\/p><p>A pesar la importancia de la protecci\u00f3n de la maternidad, las mujeres todav\u00eda tienen que avanzar m\u00e1s all\u00e1 de las cuestiones de maternidad para lograr la igualdad de g\u00e9nero en los salarios, los ascensos,&nbsp; la supresi\u00f3n de estereotipos en el trabajo y la no discriminaci\u00f3n.<\/p><p>Monika Kemperle, secretaria general adjunta de la IndustriALL, explic\u00f3: &ldquo;Nosotros en la IndustriALL estamos convencidos de la necesidad de un cupo para asegurar la debida representaci\u00f3n de las mujeres. Un cupo puede ser una medida temporal&nbsp; que puede mantenerse hasta que ya no sea necesaria. Pero la transformaci\u00f3n fundamental de la sociedad y de los sindicatos no podr\u00e1 hacerse sobre la base de un cupo solamente. La transformaci\u00f3n de g\u00e9nero debe traducirse en una verdadera liberaci\u00f3n y en el empoderamiento de las mujeres.&rdquo;<\/p><p>Pedimos a nuestros sindicatos afiliados que tomen medidas este 8 de marzo y nos env\u00eden fotograf\u00edas de las actividades que lleven a cabo.<\/p>","protected":false},"featured_media":0,"template":"","issues":[399,397],"companies":[],"regions":[],"sectors":[],"article_tags":[512],"class_list":["post-170499","article","type-article","status-publish","hentry","issues-union-building","issues-women","article_tags-international-womens-day"],"acf":[],"yoast_head":"<!-- This site is optimized with the Yoast SEO Premium plugin v27.1 (Yoast SEO v27.1) - https:\/\/yoast.com\/product\/yoast-seo-premium-wordpress\/ -->\n<title>\u00a1Unirse y organizarse para el D\u00eda de la Mujer el 8 de marzo! - industriall-union<\/title>\n<meta name=\"description\" content=\"Este 8 de marzo conmemoramos el D\u00eda Internacional de la Mujer con el trasfondo de la violencia que afecta cada vez a m\u00e1s mujeres en todo el mundo; las\" \/>\n<meta name=\"robots\" content=\"index, follow, max-snippet:-1, max-image-preview:large, max-video-preview:-1\" \/>\n<link rel=\"canonical\" href=\"https:\/\/admin.industriall-union.org\/es\/unirse-y-organizarse-para-el-dia-de-la-mujer-el-8-de-marzo\/\" \/>\n<meta property=\"og:locale\" content=\"es_ES\" \/>\n<meta property=\"og:type\" content=\"article\" \/>\n<meta property=\"og:title\" content=\"\u00a1Unirse y organizarse para el D\u00eda de la Mujer el 8 de marzo!\" \/>\n<meta property=\"og:description\" content=\"Este 8 de marzo conmemoramos el D\u00eda Internacional de la Mujer con el trasfondo de la violencia que afecta cada vez a m\u00e1s mujeres en todo el mundo; las\" \/>\n<meta property=\"og:url\" content=\"https:\/\/admin.industriall-union.org\/es\/unirse-y-organizarse-para-el-dia-de-la-mujer-el-8-de-marzo\/\" \/>\n<meta property=\"og:site_name\" content=\"industriall-union\" \/>\n<meta property=\"article:modified_time\" content=\"2025-02-07T16:31:21+00:00\" \/>\n<meta name=\"twitter:card\" content=\"summary_large_image\" \/>\n<meta name=\"twitter:label1\" content=\"Est. reading time\" \/>\n\t<meta name=\"twitter:data1\" content=\"4 minutes\" \/>\n<script type=\"application\/ld+json\" class=\"yoast-schema-graph\">{\"@context\":\"https:\/\/schema.org\",\"@graph\":[{\"@type\":\"WebPage\",\"@id\":\"https:\/\/admin.industriall-union.org\/es\/unirse-y-organizarse-para-el-dia-de-la-mujer-el-8-de-marzo\/\",\"url\":\"https:\/\/admin.industriall-union.org\/es\/unirse-y-organizarse-para-el-dia-de-la-mujer-el-8-de-marzo\/\",\"name\":\"\u00a1Unirse y organizarse para el D\u00eda de la Mujer el 8 de marzo! - industriall-union\",\"isPartOf\":{\"@id\":\"https:\/\/admin.industriall-union.org\/#website\"},\"datePublished\":\"2015-03-05T11:42:05+00:00\",\"dateModified\":\"2025-02-07T16:31:21+00:00\",\"description\":\"Este 8 de marzo conmemoramos el D\u00eda Internacional de la Mujer con el trasfondo de la violencia que afecta cada vez a m\u00e1s mujeres en todo el mundo; las\",\"breadcrumb\":{\"@id\":\"https:\/\/admin.industriall-union.org\/es\/unirse-y-organizarse-para-el-dia-de-la-mujer-el-8-de-marzo\/#breadcrumb\"},\"inLanguage\":\"es-ES\",\"potentialAction\":[{\"@type\":\"ReadAction\",\"target\":[\"https:\/\/admin.industriall-union.org\/es\/unirse-y-organizarse-para-el-dia-de-la-mujer-el-8-de-marzo\/\"]}]},{\"@type\":\"BreadcrumbList\",\"@id\":\"https:\/\/admin.industriall-union.org\/es\/unirse-y-organizarse-para-el-dia-de-la-mujer-el-8-de-marzo\/#breadcrumb\",\"itemListElement\":[{\"@type\":\"ListItem\",\"position\":1,\"name\":\"Home\",\"item\":\"https:\/\/admin.industriall-union.org\/\"},{\"@type\":\"ListItem\",\"position\":2,\"name\":\"Articles\",\"item\":\"https:\/\/admin.industriall-union.org\/article\/\"},{\"@type\":\"ListItem\",\"position\":3,\"name\":\"\u00a1Unirse y organizarse para el D\u00eda de la Mujer el 8 de marzo!\"}]},{\"@type\":\"WebSite\",\"@id\":\"https:\/\/admin.industriall-union.org\/#website\",\"url\":\"https:\/\/admin.industriall-union.org\/\",\"name\":\"industriall-union\",\"description\":\"\",\"potentialAction\":[{\"@type\":\"SearchAction\",\"target\":{\"@type\":\"EntryPoint\",\"urlTemplate\":\"https:\/\/admin.industriall-union.org\/?s={search_term_string}\"},\"query-input\":{\"@type\":\"PropertyValueSpecification\",\"valueRequired\":true,\"valueName\":\"search_term_string\"}}],\"inLanguage\":\"es-ES\"}]}<\/script>\n<!-- \/ Yoast SEO Premium plugin. -->","yoast_head_json":{"title":"\u00a1Unirse y organizarse para el D\u00eda de la Mujer el 8 de marzo! - industriall-union","description":"Este 8 de marzo conmemoramos el D\u00eda Internacional de la Mujer con el trasfondo de la violencia que afecta cada vez a m\u00e1s mujeres en todo el mundo; las","robots":{"index":"index","follow":"follow","max-snippet":"max-snippet:-1","max-image-preview":"max-image-preview:large","max-video-preview":"max-video-preview:-1"},"canonical":"https:\/\/admin.industriall-union.org\/es\/unirse-y-organizarse-para-el-dia-de-la-mujer-el-8-de-marzo\/","og_locale":"es_ES","og_type":"article","og_title":"\u00a1Unirse y organizarse para el D\u00eda de la Mujer el 8 de marzo!","og_description":"Este 8 de marzo conmemoramos el D\u00eda Internacional de la Mujer con el trasfondo de la violencia que afecta cada vez a m\u00e1s mujeres en todo el mundo; las","og_url":"https:\/\/admin.industriall-union.org\/es\/unirse-y-organizarse-para-el-dia-de-la-mujer-el-8-de-marzo\/","og_site_name":"industriall-union","article_modified_time":"2025-02-07T16:31:21+00:00","twitter_card":"summary_large_image","twitter_misc":{"Est. reading time":"4 minutes"},"schema":{"@context":"https:\/\/schema.org","@graph":[{"@type":"WebPage","@id":"https:\/\/admin.industriall-union.org\/es\/unirse-y-organizarse-para-el-dia-de-la-mujer-el-8-de-marzo\/","url":"https:\/\/admin.industriall-union.org\/es\/unirse-y-organizarse-para-el-dia-de-la-mujer-el-8-de-marzo\/","name":"\u00a1Unirse y organizarse para el D\u00eda de la Mujer el 8 de marzo! - industriall-union","isPartOf":{"@id":"https:\/\/admin.industriall-union.org\/#website"},"datePublished":"2015-03-05T11:42:05+00:00","dateModified":"2025-02-07T16:31:21+00:00","description":"Este 8 de marzo conmemoramos el D\u00eda Internacional de la Mujer con el trasfondo de la violencia que afecta cada vez a m\u00e1s mujeres en todo el mundo; las","breadcrumb":{"@id":"https:\/\/admin.industriall-union.org\/es\/unirse-y-organizarse-para-el-dia-de-la-mujer-el-8-de-marzo\/#breadcrumb"},"inLanguage":"es-ES","potentialAction":[{"@type":"ReadAction","target":["https:\/\/admin.industriall-union.org\/es\/unirse-y-organizarse-para-el-dia-de-la-mujer-el-8-de-marzo\/"]}]},{"@type":"BreadcrumbList","@id":"https:\/\/admin.industriall-union.org\/es\/unirse-y-organizarse-para-el-dia-de-la-mujer-el-8-de-marzo\/#breadcrumb","itemListElement":[{"@type":"ListItem","position":1,"name":"Home","item":"https:\/\/admin.industriall-union.org\/"},{"@type":"ListItem","position":2,"name":"Articles","item":"https:\/\/admin.industriall-union.org\/article\/"},{"@type":"ListItem","position":3,"name":"\u00a1Unirse y organizarse para el D\u00eda de la Mujer el 8 de marzo!"}]},{"@type":"WebSite","@id":"https:\/\/admin.industriall-union.org\/#website","url":"https:\/\/admin.industriall-union.org\/","name":"industriall-union","description":"","potentialAction":[{"@type":"SearchAction","target":{"@type":"EntryPoint","urlTemplate":"https:\/\/admin.industriall-union.org\/?s={search_term_string}"},"query-input":{"@type":"PropertyValueSpecification","valueRequired":true,"valueName":"search_term_string"}}],"inLanguage":"es-ES"}]}},"_links":{"self":[{"href":"https:\/\/admin.industriall-union.org\/es\/wp-json\/wp\/v2\/article\/170499","targetHints":{"allow":["GET"]}}],"collection":[{"href":"https:\/\/admin.industriall-union.org\/es\/wp-json\/wp\/v2\/article"}],"about":[{"href":"https:\/\/admin.industriall-union.org\/es\/wp-json\/wp\/v2\/types\/article"}],"wp:attachment":[{"href":"https:\/\/admin.industriall-union.org\/es\/wp-json\/wp\/v2\/media?parent=170499"}],"wp:term":[{"taxonomy":"issues","embeddable":true,"href":"https:\/\/admin.industriall-union.org\/es\/wp-json\/wp\/v2\/issues?post=170499"},{"taxonomy":"companies","embeddable":true,"href":"https:\/\/admin.industriall-union.org\/es\/wp-json\/wp\/v2\/companies?post=170499"},{"taxonomy":"regions","embeddable":true,"href":"https:\/\/admin.industriall-union.org\/es\/wp-json\/wp\/v2\/regions?post=170499"},{"taxonomy":"sectors","embeddable":true,"href":"https:\/\/admin.industriall-union.org\/es\/wp-json\/wp\/v2\/sectors?post=170499"},{"taxonomy":"article_tags","embeddable":true,"href":"https:\/\/admin.industriall-union.org\/es\/wp-json\/wp\/v2\/article_tags?post=170499"}],"curies":[{"name":"wp","href":"https:\/\/api.w.org\/{rel}","templated":true}]}}