{"id":170431,"date":"2015-03-12T16:22:53","date_gmt":"2015-03-12T16:22:53","guid":{"rendered":"https:\/\/admin.industriall-union.org\/el-grupo-egger-continua-practicas-antisindicales-en-su-planta-en-turquia\/"},"modified":"2025-02-07T16:12:32","modified_gmt":"2025-02-07T16:12:32","slug":"el-grupo-egger-continua-practicas-antisindicales-en-su-planta-en-turquia","status":"publish","type":"article","link":"https:\/\/admin.industriall-union.org\/es\/el-grupo-egger-continua-practicas-antisindicales-en-su-planta-en-turquia\/","title":{"rendered":"El Grupo Egger contin\u00faa pr\u00e1cticas antisindicales en su planta en Turqu\u00eda"},"content":{"rendered":"<p>A finales del a\u00f1o pasado, cuando Lastik-Is, afiliado turco de IndustriALL Global Union, logr\u00f3 la sindicalizaci\u00f3n de la mayor\u00eda de la fuerza de trabajo en Roma Plastik, la administraci\u00f3n local reaccion\u00f3 despidiendo a miembros del sindicato. Hasta la fecha, <a href=\"\/wp-content\/uploads\/documents\/Turkey\/Lastik-Is\/dismissals_at_roma_plastik_because_of_union_affiliation2.pdf\">14 personas<\/a> han sido despedidas.<\/p><p>Adem\u00e1s, la administraci\u00f3n local sigue amenazando con despido y sanciones a los trabajadores si se afilian al sindicato. Roma Plastik dice que los trabajadores ser\u00e1n premiados con un bono extra equivalente a tres meses de sueldo si renuncian al Lastik-Is.<\/p><p>Mientras tanto, el Ministerio de Trabajo y Seguridad Social de Turqu\u00eda ha publicado un <u>certificado <\/u>oficial que confirma que Lastik-Is cuenta con la mayor\u00eda legalmente necesaria para ejercer su derecho de intervenir como interlocutor en las negociaciones colectivas en Roma Plastik.<\/p><p>En una <a href=\"\/wp-content\/uploads\/documents\/Turkey\/Lastik-Is\/industriall_global_union_letter_to_egger_group_02-02-20153.pdf\">carta<\/a> dirigida a Michael Egger, Presidente de la compa\u00f1\u00eda en Austria, el Secretario General de IndustriALL, Jyrki Raina, refiri\u00e9ndose al derecho de los trabajadores de afiliarse libremente a un sindicato, dijo:<\/p><p>&ldquo;Le exhorto a Ud. hacer uso de su autoridad para que se obligue a la administraci\u00f3n local de Roma Plastik termine, en forma inmediata, de ejercer presi\u00f3n a los trabajadores para impedir su afiliaci\u00f3n a un sindicato. Del mismo modo, le pido encarecidamente entablar un di\u00e1logo apropiado y serio con Lastik-Is con el fin de establecer relaciones laborales y condiciones de trabajo justas en su empresa&rdquo;.<\/p><p>En su <a href=\"\/wp-content\/uploads\/documents\/Turkey\/Lastik-Is\/egger_response.pdf\">respuesta<\/a>, la administraci\u00f3n central de la empresa afirm\u00f3 que lo tratado es un asunto local que no est\u00e1 relacionado con la sede del Grupo Egger en Tirol, Austria. IndustriALL considera que esta respuesta carece de credibilidad.<\/p><p>Lastik-Is contin\u00faa sus protestas en la planta, mientras IndustriALL y su afiliado austriaco, PRO-GE, en colaboraci\u00f3n con la Internacional de Trabajadores de la Construcci\u00f3n y la Madera (ICM) y su afiliado GBH, siguen presionando al Grupo Egger para que reintegre a los trabajadores despedidos y reconozca a Lastik-Is.<\/p><p>Por su parte, Kemal \u00d6zkan, Secretario General Adjunto de IndustriALL, se\u00f1al\u00f3 al respecto: &ldquo;Si el Grupo Egger no act\u00faa con relaci\u00f3n a las violaciones laborales en Turqu\u00eda, vamos a intensificar nuestra campa\u00f1a, comunic\u00e1ndonos con sus clientes en el sector de la construcci\u00f3n&rdquo;.<\/p>","protected":false},"featured_media":0,"template":"","issues":[],"companies":[],"regions":[250],"sectors":[476],"article_tags":[],"class_list":["post-170431","article","type-article","status-publish","hentry","regions-turkiye","sectors-chemical-pharmaceutical-bio-science"],"acf":[],"yoast_head":"<!-- This site is optimized with the Yoast SEO Premium plugin v27.1 (Yoast SEO v27.1) - https:\/\/yoast.com\/product\/yoast-seo-premium-wordpress\/ -->\n<title>El Grupo Egger contin\u00faa pr\u00e1cticas antisindicales en su planta en Turqu\u00eda - industriall-union<\/title>\n<meta name=\"description\" content=\"A finales del a\u00f1o pasado, cuando Lastik-Is, afiliado turco de IndustriALL Global Union, logr\u00f3 la sindicalizaci\u00f3n de la mayor\u00eda de la fuerza de trabajo en\" \/>\n<meta name=\"robots\" content=\"index, follow, max-snippet:-1, max-image-preview:large, max-video-preview:-1\" \/>\n<link rel=\"canonical\" href=\"https:\/\/admin.industriall-union.org\/es\/el-grupo-egger-continua-practicas-antisindicales-en-su-planta-en-turquia\/\" \/>\n<meta property=\"og:locale\" content=\"es_ES\" \/>\n<meta property=\"og:type\" content=\"article\" \/>\n<meta property=\"og:title\" content=\"El Grupo Egger contin\u00faa pr\u00e1cticas antisindicales en su planta en Turqu\u00eda\" \/>\n<meta property=\"og:description\" content=\"A finales del a\u00f1o pasado, cuando Lastik-Is, afiliado turco de IndustriALL Global Union, logr\u00f3 la sindicalizaci\u00f3n de la mayor\u00eda de la fuerza de trabajo en\" \/>\n<meta property=\"og:url\" content=\"https:\/\/admin.industriall-union.org\/es\/el-grupo-egger-continua-practicas-antisindicales-en-su-planta-en-turquia\/\" \/>\n<meta property=\"og:site_name\" content=\"industriall-union\" \/>\n<meta property=\"article:modified_time\" content=\"2025-02-07T16:12:32+00:00\" \/>\n<meta name=\"twitter:card\" content=\"summary_large_image\" \/>\n<meta name=\"twitter:label1\" content=\"Est. reading time\" \/>\n\t<meta name=\"twitter:data1\" content=\"2 minutes\" \/>\n<script type=\"application\/ld+json\" class=\"yoast-schema-graph\">{\"@context\":\"https:\/\/schema.org\",\"@graph\":[{\"@type\":\"WebPage\",\"@id\":\"https:\/\/admin.industriall-union.org\/es\/el-grupo-egger-continua-practicas-antisindicales-en-su-planta-en-turquia\/\",\"url\":\"https:\/\/admin.industriall-union.org\/es\/el-grupo-egger-continua-practicas-antisindicales-en-su-planta-en-turquia\/\",\"name\":\"El Grupo Egger contin\u00faa pr\u00e1cticas antisindicales en su planta en Turqu\u00eda - industriall-union\",\"isPartOf\":{\"@id\":\"https:\/\/admin.industriall-union.org\/#website\"},\"datePublished\":\"2015-03-12T16:22:53+00:00\",\"dateModified\":\"2025-02-07T16:12:32+00:00\",\"description\":\"A finales del a\u00f1o pasado, cuando Lastik-Is, afiliado turco de IndustriALL Global Union, logr\u00f3 la sindicalizaci\u00f3n de la mayor\u00eda de la fuerza de trabajo en\",\"breadcrumb\":{\"@id\":\"https:\/\/admin.industriall-union.org\/es\/el-grupo-egger-continua-practicas-antisindicales-en-su-planta-en-turquia\/#breadcrumb\"},\"inLanguage\":\"es-ES\",\"potentialAction\":[{\"@type\":\"ReadAction\",\"target\":[\"https:\/\/admin.industriall-union.org\/es\/el-grupo-egger-continua-practicas-antisindicales-en-su-planta-en-turquia\/\"]}]},{\"@type\":\"BreadcrumbList\",\"@id\":\"https:\/\/admin.industriall-union.org\/es\/el-grupo-egger-continua-practicas-antisindicales-en-su-planta-en-turquia\/#breadcrumb\",\"itemListElement\":[{\"@type\":\"ListItem\",\"position\":1,\"name\":\"Home\",\"item\":\"https:\/\/admin.industriall-union.org\/\"},{\"@type\":\"ListItem\",\"position\":2,\"name\":\"Articles\",\"item\":\"https:\/\/admin.industriall-union.org\/article\/\"},{\"@type\":\"ListItem\",\"position\":3,\"name\":\"El Grupo Egger contin\u00faa pr\u00e1cticas antisindicales en su planta en Turqu\u00eda\"}]},{\"@type\":\"WebSite\",\"@id\":\"https:\/\/admin.industriall-union.org\/#website\",\"url\":\"https:\/\/admin.industriall-union.org\/\",\"name\":\"industriall-union\",\"description\":\"\",\"potentialAction\":[{\"@type\":\"SearchAction\",\"target\":{\"@type\":\"EntryPoint\",\"urlTemplate\":\"https:\/\/admin.industriall-union.org\/?s={search_term_string}\"},\"query-input\":{\"@type\":\"PropertyValueSpecification\",\"valueRequired\":true,\"valueName\":\"search_term_string\"}}],\"inLanguage\":\"es-ES\"}]}<\/script>\n<!-- \/ Yoast SEO Premium plugin. -->","yoast_head_json":{"title":"El Grupo Egger contin\u00faa pr\u00e1cticas antisindicales en su planta en Turqu\u00eda - industriall-union","description":"A finales del a\u00f1o pasado, cuando Lastik-Is, afiliado turco de IndustriALL Global Union, logr\u00f3 la sindicalizaci\u00f3n de la mayor\u00eda de la fuerza de trabajo en","robots":{"index":"index","follow":"follow","max-snippet":"max-snippet:-1","max-image-preview":"max-image-preview:large","max-video-preview":"max-video-preview:-1"},"canonical":"https:\/\/admin.industriall-union.org\/es\/el-grupo-egger-continua-practicas-antisindicales-en-su-planta-en-turquia\/","og_locale":"es_ES","og_type":"article","og_title":"El Grupo Egger contin\u00faa pr\u00e1cticas antisindicales en su planta en Turqu\u00eda","og_description":"A finales del a\u00f1o pasado, cuando Lastik-Is, afiliado turco de IndustriALL Global Union, logr\u00f3 la sindicalizaci\u00f3n de la mayor\u00eda de la fuerza de trabajo en","og_url":"https:\/\/admin.industriall-union.org\/es\/el-grupo-egger-continua-practicas-antisindicales-en-su-planta-en-turquia\/","og_site_name":"industriall-union","article_modified_time":"2025-02-07T16:12:32+00:00","twitter_card":"summary_large_image","twitter_misc":{"Est. reading time":"2 minutes"},"schema":{"@context":"https:\/\/schema.org","@graph":[{"@type":"WebPage","@id":"https:\/\/admin.industriall-union.org\/es\/el-grupo-egger-continua-practicas-antisindicales-en-su-planta-en-turquia\/","url":"https:\/\/admin.industriall-union.org\/es\/el-grupo-egger-continua-practicas-antisindicales-en-su-planta-en-turquia\/","name":"El Grupo Egger contin\u00faa pr\u00e1cticas antisindicales en su planta en Turqu\u00eda - industriall-union","isPartOf":{"@id":"https:\/\/admin.industriall-union.org\/#website"},"datePublished":"2015-03-12T16:22:53+00:00","dateModified":"2025-02-07T16:12:32+00:00","description":"A finales del a\u00f1o pasado, cuando Lastik-Is, afiliado turco de IndustriALL Global Union, logr\u00f3 la sindicalizaci\u00f3n de la mayor\u00eda de la fuerza de trabajo en","breadcrumb":{"@id":"https:\/\/admin.industriall-union.org\/es\/el-grupo-egger-continua-practicas-antisindicales-en-su-planta-en-turquia\/#breadcrumb"},"inLanguage":"es-ES","potentialAction":[{"@type":"ReadAction","target":["https:\/\/admin.industriall-union.org\/es\/el-grupo-egger-continua-practicas-antisindicales-en-su-planta-en-turquia\/"]}]},{"@type":"BreadcrumbList","@id":"https:\/\/admin.industriall-union.org\/es\/el-grupo-egger-continua-practicas-antisindicales-en-su-planta-en-turquia\/#breadcrumb","itemListElement":[{"@type":"ListItem","position":1,"name":"Home","item":"https:\/\/admin.industriall-union.org\/"},{"@type":"ListItem","position":2,"name":"Articles","item":"https:\/\/admin.industriall-union.org\/article\/"},{"@type":"ListItem","position":3,"name":"El Grupo Egger contin\u00faa pr\u00e1cticas antisindicales en su planta en Turqu\u00eda"}]},{"@type":"WebSite","@id":"https:\/\/admin.industriall-union.org\/#website","url":"https:\/\/admin.industriall-union.org\/","name":"industriall-union","description":"","potentialAction":[{"@type":"SearchAction","target":{"@type":"EntryPoint","urlTemplate":"https:\/\/admin.industriall-union.org\/?s={search_term_string}"},"query-input":{"@type":"PropertyValueSpecification","valueRequired":true,"valueName":"search_term_string"}}],"inLanguage":"es-ES"}]}},"_links":{"self":[{"href":"https:\/\/admin.industriall-union.org\/es\/wp-json\/wp\/v2\/article\/170431","targetHints":{"allow":["GET"]}}],"collection":[{"href":"https:\/\/admin.industriall-union.org\/es\/wp-json\/wp\/v2\/article"}],"about":[{"href":"https:\/\/admin.industriall-union.org\/es\/wp-json\/wp\/v2\/types\/article"}],"wp:attachment":[{"href":"https:\/\/admin.industriall-union.org\/es\/wp-json\/wp\/v2\/media?parent=170431"}],"wp:term":[{"taxonomy":"issues","embeddable":true,"href":"https:\/\/admin.industriall-union.org\/es\/wp-json\/wp\/v2\/issues?post=170431"},{"taxonomy":"companies","embeddable":true,"href":"https:\/\/admin.industriall-union.org\/es\/wp-json\/wp\/v2\/companies?post=170431"},{"taxonomy":"regions","embeddable":true,"href":"https:\/\/admin.industriall-union.org\/es\/wp-json\/wp\/v2\/regions?post=170431"},{"taxonomy":"sectors","embeddable":true,"href":"https:\/\/admin.industriall-union.org\/es\/wp-json\/wp\/v2\/sectors?post=170431"},{"taxonomy":"article_tags","embeddable":true,"href":"https:\/\/admin.industriall-union.org\/es\/wp-json\/wp\/v2\/article_tags?post=170431"}],"curies":[{"name":"wp","href":"https:\/\/api.w.org\/{rel}","templated":true}]}}