{"id":170396,"date":"2015-03-17T14:51:52","date_gmt":"2015-03-17T14:51:52","guid":{"rendered":"https:\/\/admin.industriall-union.org\/cusme-avanza-hacia-un-sindicato-nacional-minero-energetico-y-acuerda-un-paro-indefinido\/"},"modified":"2025-02-07T16:07:54","modified_gmt":"2025-02-07T16:07:54","slug":"cusme-avanza-hacia-un-sindicato-nacional-minero-energetico-y-acuerda-un-paro-indefinido","status":"publish","type":"article","link":"https:\/\/admin.industriall-union.org\/es\/cusme-avanza-hacia-un-sindicato-nacional-minero-energetico-y-acuerda-un-paro-indefinido\/","title":{"rendered":"CUSME avanza hacia un sindicato nacional minero energ\u00e9tico y acuerda un paro indefinido"},"content":{"rendered":"<p><strong>El objetivo del encuentro fue construir mayores consensos y planear las pr\u00f3ximas acciones y actividades, para <a href=\"http:\/\/www.industriall-union.org\/es\/politica-antisindical-en-colombia-demuestra-que-la-unidad-sindical-es-una-necesidad-urgente\" target=\"_self\">consolidar la unidad del sector sindicato nacional&nbsp;grande y fuerte<\/a>.<\/strong> &nbsp;Como CUSME acordaron un paro de 24 horas para el 19 de marzo del sector del petr\u00f3leo previo a&nbsp;un&nbsp;paro indefinido que iniciar\u00e1 antes del 26 de marzo.<\/p><p>En la mesa directiva del evento participaron Pablo Santos, Jairo Quiroz y Edwin Casta\u00f1o, presidentes de Sintraelecol, Sintracarbon y la Uso respectivamente, &nbsp;organizaciones sindicales que forman parte de <a href=\"http:\/\/www.industriall-union.org\/es\/cusme-recorre-colombia-con-la-propuesta-de-unidad-del-sector-minero-energetico\" target=\"_self\">la Coordinadora para la Unidad Sindical Minero Energ\u00e9tica (CUSME)<\/a>. En representaci\u00f3n de Industriall Global Union estuvo Marino Vani quien es el secretario regional adjunto y Carlos Bustos, el coordinador de proyectos Industriall en Colombia.<\/p><p>Plantearon acuerdos y desacuerdos sobre el borrador de estatutos del nuevo sindicato, logrados en los seminarios regionales en 2014 y en la coordinadora hasta entonces. Adem\u00e1s <strong>intercambiaron ideas sobre el plan de trabajo de la coordinadora y los debates en los 12 seminarios regionales programados para el 2015.<\/strong><\/p><p>Comenzar\u00e1n el pr\u00f3ximo 27 de marzo en 6 regiones del pa\u00eds, donde continuar\u00e1n el debate sobre el proceso de unidad de acci\u00f3n y consolidaci\u00f3n del sindicato minero energ\u00e9tico con m\u00e1s de 300 dirigentes regionales y locales.<\/p><h3>CUSME en apoyo y solidaridad por el paro indefinido<\/h3><p>Luego de definir el plan de implementaci\u00f3n del proceso de unidad org\u00e1nica de los tres sindicatos, los delegados presentes elaboraron una resoluci\u00f3n para hondar a\u00fan m\u00e1s en la consolidaci\u00f3n de la CUSME. Planearon un plan de acci\u00f3n y unidad sindical&nbsp; para enfrentar los desaf\u00edos inmediatos y consolidar la solidaridad de clase y de los trabajadores de los tres sectores. Contaron con la Central Unitaria de Trabajadores- (CUT), Industriall Globall Union, los sindicatos de Suecia a trav\u00e9s de su centro de Solidariday-LO-TCO y &nbsp;los sindicatos Holandeses a traves de FNV que han apoyado el proceso<\/p><blockquote><p>&ldquo;Reafirmamos como CUSME el paro de car\u00e1cter indefinido del sector del petr\u00f3leo en el que vemos la amenaza latente de que el gobierno privatice, extienda o venta activos del estado colombiano. La empresa colombiana de petr\u00f3leos es la empresa principal del estado colombiano y est\u00e1 en amenaza de ser vendida al capital transnacional&rdquo; explic\u00f3 Edwin Casta\u00f1o de la Uso.<\/p><\/blockquote><p>B\u00e1sicamente lo que los motiv\u00f3 a impulsar el paro de car\u00e1cter indefinido luego del paro de 24 horas del 19 de marzo, es el proceso de descapitalizaci\u00f3n que est\u00e1 sufriendo Ecopetrol, la compa\u00f1\u00eda de petr\u00f3leo, una de las empresas m\u00e1s grandes del mundo, por parte de las decisiones del estado colombiano; le exigen la entrega del 70% las utilidades generadas en 2014. Desean que Ecopetrol sea una empresa 100% estatal.<\/p><p>Adem\u00e1s con el paro intentan frenar la preocupante realidad de los trabajadores de Colombia, que son amenazados y sometidos a numerosos despidos en las empresas multinacionales petroleras.<\/p><blockquote><p>&ldquo;Le dimos respaldo y nuestra solidaridad al paro que van a realizar los compa\u00f1eros de la Uso por la situaci\u00f3n donde despidieron a 600 trabajadores. Es en defesa de la pol\u00edtica petrolera del pa\u00eds y en defensa de los puestos de trabajo&rdquo; &nbsp;afirm\u00f3 Pablo Santos de Sintraelecol.<\/p><\/blockquote><p><strong>Industriall apoya a CUSME y a todos los trabajadores del sector minero-energ\u00e9tico en su lucha por la defensa de sus derechos laborales<\/strong>. Pide solidaridad con los compa\u00f1eros de Colombia y respalda tanto el paro del 19 de marzo pr\u00f3ximo como el paro indefinido.&nbsp;&nbsp;<\/p>","protected":false},"featured_media":0,"template":"","issues":[396,401,420,425],"companies":[],"regions":[254],"sectors":[483,495],"article_tags":[505,511,529],"class_list":["post-170396","article","type-article","status-publish","hentry","issues-building-strong-unions","issues-projects","issues-solidarity","issues-workers-rights","regions-latin-america-and-the-caribbean","sectors-energy-oil-gas-electricity-and-nuclear","sectors-mining","article_tags-collective-bargaining","article_tags-industriall","article_tags-strike"],"acf":[],"yoast_head":"<!-- This site is optimized with the Yoast SEO Premium plugin v27.1 (Yoast SEO v27.1) - https:\/\/yoast.com\/product\/yoast-seo-premium-wordpress\/ -->\n<title>CUSME avanza hacia un sindicato nacional minero energ\u00e9tico y acuerda un paro indefinido - industriall-union<\/title>\n<meta name=\"description\" content=\"El objetivo del encuentro fue construir mayores consensos y planear las pr\u00f3ximas acciones y actividades, para consolidar la unidad del sector sindicato\" \/>\n<meta name=\"robots\" content=\"index, follow, max-snippet:-1, max-image-preview:large, max-video-preview:-1\" \/>\n<link rel=\"canonical\" href=\"https:\/\/admin.industriall-union.org\/es\/cusme-avanza-hacia-un-sindicato-nacional-minero-energetico-y-acuerda-un-paro-indefinido\/\" \/>\n<meta property=\"og:locale\" content=\"es_ES\" \/>\n<meta property=\"og:type\" content=\"article\" \/>\n<meta property=\"og:title\" content=\"CUSME avanza hacia un sindicato nacional minero energ\u00e9tico y acuerda un paro indefinido\" \/>\n<meta property=\"og:description\" content=\"El objetivo del encuentro fue construir mayores consensos y planear las pr\u00f3ximas acciones y actividades, para consolidar la unidad del sector sindicato\" \/>\n<meta property=\"og:url\" content=\"https:\/\/admin.industriall-union.org\/es\/cusme-avanza-hacia-un-sindicato-nacional-minero-energetico-y-acuerda-un-paro-indefinido\/\" \/>\n<meta property=\"og:site_name\" content=\"industriall-union\" \/>\n<meta property=\"article:modified_time\" content=\"2025-02-07T16:07:54+00:00\" \/>\n<meta name=\"twitter:card\" content=\"summary_large_image\" \/>\n<meta name=\"twitter:label1\" content=\"Est. reading time\" \/>\n\t<meta name=\"twitter:data1\" content=\"3 minutes\" \/>\n<script type=\"application\/ld+json\" class=\"yoast-schema-graph\">{\"@context\":\"https:\/\/schema.org\",\"@graph\":[{\"@type\":\"WebPage\",\"@id\":\"https:\/\/admin.industriall-union.org\/es\/cusme-avanza-hacia-un-sindicato-nacional-minero-energetico-y-acuerda-un-paro-indefinido\/\",\"url\":\"https:\/\/admin.industriall-union.org\/es\/cusme-avanza-hacia-un-sindicato-nacional-minero-energetico-y-acuerda-un-paro-indefinido\/\",\"name\":\"CUSME avanza hacia un sindicato nacional minero energ\u00e9tico y acuerda un paro indefinido - industriall-union\",\"isPartOf\":{\"@id\":\"https:\/\/admin.industriall-union.org\/#website\"},\"datePublished\":\"2015-03-17T14:51:52+00:00\",\"dateModified\":\"2025-02-07T16:07:54+00:00\",\"description\":\"El objetivo del encuentro fue construir mayores consensos y planear las pr\u00f3ximas acciones y actividades, para consolidar la unidad del sector sindicato\",\"breadcrumb\":{\"@id\":\"https:\/\/admin.industriall-union.org\/es\/cusme-avanza-hacia-un-sindicato-nacional-minero-energetico-y-acuerda-un-paro-indefinido\/#breadcrumb\"},\"inLanguage\":\"es-ES\",\"potentialAction\":[{\"@type\":\"ReadAction\",\"target\":[\"https:\/\/admin.industriall-union.org\/es\/cusme-avanza-hacia-un-sindicato-nacional-minero-energetico-y-acuerda-un-paro-indefinido\/\"]}]},{\"@type\":\"BreadcrumbList\",\"@id\":\"https:\/\/admin.industriall-union.org\/es\/cusme-avanza-hacia-un-sindicato-nacional-minero-energetico-y-acuerda-un-paro-indefinido\/#breadcrumb\",\"itemListElement\":[{\"@type\":\"ListItem\",\"position\":1,\"name\":\"Home\",\"item\":\"https:\/\/admin.industriall-union.org\/\"},{\"@type\":\"ListItem\",\"position\":2,\"name\":\"Articles\",\"item\":\"https:\/\/admin.industriall-union.org\/article\/\"},{\"@type\":\"ListItem\",\"position\":3,\"name\":\"CUSME avanza hacia un sindicato nacional minero energ\u00e9tico y acuerda un paro indefinido\"}]},{\"@type\":\"WebSite\",\"@id\":\"https:\/\/admin.industriall-union.org\/#website\",\"url\":\"https:\/\/admin.industriall-union.org\/\",\"name\":\"industriall-union\",\"description\":\"\",\"potentialAction\":[{\"@type\":\"SearchAction\",\"target\":{\"@type\":\"EntryPoint\",\"urlTemplate\":\"https:\/\/admin.industriall-union.org\/?s={search_term_string}\"},\"query-input\":{\"@type\":\"PropertyValueSpecification\",\"valueRequired\":true,\"valueName\":\"search_term_string\"}}],\"inLanguage\":\"es-ES\"}]}<\/script>\n<!-- \/ Yoast SEO Premium plugin. -->","yoast_head_json":{"title":"CUSME avanza hacia un sindicato nacional minero energ\u00e9tico y acuerda un paro indefinido - industriall-union","description":"El objetivo del encuentro fue construir mayores consensos y planear las pr\u00f3ximas acciones y actividades, para consolidar la unidad del sector sindicato","robots":{"index":"index","follow":"follow","max-snippet":"max-snippet:-1","max-image-preview":"max-image-preview:large","max-video-preview":"max-video-preview:-1"},"canonical":"https:\/\/admin.industriall-union.org\/es\/cusme-avanza-hacia-un-sindicato-nacional-minero-energetico-y-acuerda-un-paro-indefinido\/","og_locale":"es_ES","og_type":"article","og_title":"CUSME avanza hacia un sindicato nacional minero energ\u00e9tico y acuerda un paro indefinido","og_description":"El objetivo del encuentro fue construir mayores consensos y planear las pr\u00f3ximas acciones y actividades, para consolidar la unidad del sector sindicato","og_url":"https:\/\/admin.industriall-union.org\/es\/cusme-avanza-hacia-un-sindicato-nacional-minero-energetico-y-acuerda-un-paro-indefinido\/","og_site_name":"industriall-union","article_modified_time":"2025-02-07T16:07:54+00:00","twitter_card":"summary_large_image","twitter_misc":{"Est. reading time":"3 minutes"},"schema":{"@context":"https:\/\/schema.org","@graph":[{"@type":"WebPage","@id":"https:\/\/admin.industriall-union.org\/es\/cusme-avanza-hacia-un-sindicato-nacional-minero-energetico-y-acuerda-un-paro-indefinido\/","url":"https:\/\/admin.industriall-union.org\/es\/cusme-avanza-hacia-un-sindicato-nacional-minero-energetico-y-acuerda-un-paro-indefinido\/","name":"CUSME avanza hacia un sindicato nacional minero energ\u00e9tico y acuerda un paro indefinido - industriall-union","isPartOf":{"@id":"https:\/\/admin.industriall-union.org\/#website"},"datePublished":"2015-03-17T14:51:52+00:00","dateModified":"2025-02-07T16:07:54+00:00","description":"El objetivo del encuentro fue construir mayores consensos y planear las pr\u00f3ximas acciones y actividades, para consolidar la unidad del sector sindicato","breadcrumb":{"@id":"https:\/\/admin.industriall-union.org\/es\/cusme-avanza-hacia-un-sindicato-nacional-minero-energetico-y-acuerda-un-paro-indefinido\/#breadcrumb"},"inLanguage":"es-ES","potentialAction":[{"@type":"ReadAction","target":["https:\/\/admin.industriall-union.org\/es\/cusme-avanza-hacia-un-sindicato-nacional-minero-energetico-y-acuerda-un-paro-indefinido\/"]}]},{"@type":"BreadcrumbList","@id":"https:\/\/admin.industriall-union.org\/es\/cusme-avanza-hacia-un-sindicato-nacional-minero-energetico-y-acuerda-un-paro-indefinido\/#breadcrumb","itemListElement":[{"@type":"ListItem","position":1,"name":"Home","item":"https:\/\/admin.industriall-union.org\/"},{"@type":"ListItem","position":2,"name":"Articles","item":"https:\/\/admin.industriall-union.org\/article\/"},{"@type":"ListItem","position":3,"name":"CUSME avanza hacia un sindicato nacional minero energ\u00e9tico y acuerda un paro indefinido"}]},{"@type":"WebSite","@id":"https:\/\/admin.industriall-union.org\/#website","url":"https:\/\/admin.industriall-union.org\/","name":"industriall-union","description":"","potentialAction":[{"@type":"SearchAction","target":{"@type":"EntryPoint","urlTemplate":"https:\/\/admin.industriall-union.org\/?s={search_term_string}"},"query-input":{"@type":"PropertyValueSpecification","valueRequired":true,"valueName":"search_term_string"}}],"inLanguage":"es-ES"}]}},"_links":{"self":[{"href":"https:\/\/admin.industriall-union.org\/es\/wp-json\/wp\/v2\/article\/170396","targetHints":{"allow":["GET"]}}],"collection":[{"href":"https:\/\/admin.industriall-union.org\/es\/wp-json\/wp\/v2\/article"}],"about":[{"href":"https:\/\/admin.industriall-union.org\/es\/wp-json\/wp\/v2\/types\/article"}],"wp:attachment":[{"href":"https:\/\/admin.industriall-union.org\/es\/wp-json\/wp\/v2\/media?parent=170396"}],"wp:term":[{"taxonomy":"issues","embeddable":true,"href":"https:\/\/admin.industriall-union.org\/es\/wp-json\/wp\/v2\/issues?post=170396"},{"taxonomy":"companies","embeddable":true,"href":"https:\/\/admin.industriall-union.org\/es\/wp-json\/wp\/v2\/companies?post=170396"},{"taxonomy":"regions","embeddable":true,"href":"https:\/\/admin.industriall-union.org\/es\/wp-json\/wp\/v2\/regions?post=170396"},{"taxonomy":"sectors","embeddable":true,"href":"https:\/\/admin.industriall-union.org\/es\/wp-json\/wp\/v2\/sectors?post=170396"},{"taxonomy":"article_tags","embeddable":true,"href":"https:\/\/admin.industriall-union.org\/es\/wp-json\/wp\/v2\/article_tags?post=170396"}],"curies":[{"name":"wp","href":"https:\/\/api.w.org\/{rel}","templated":true}]}}