{"id":170377,"date":"2015-03-19T15:30:45","date_gmt":"2015-03-19T15:30:45","guid":{"rendered":"https:\/\/admin.industriall-union.org\/tunez-no-nos-robaran-nuestra-revolucion\/"},"modified":"2025-02-07T16:04:27","modified_gmt":"2025-02-07T16:04:27","slug":"tunez-no-nos-robaran-nuestra-revolucion","status":"publish","type":"article","link":"https:\/\/admin.industriall-union.org\/es\/tunez-no-nos-robaran-nuestra-revolucion\/","title":{"rendered":"T\u00fanez: \u2018\u00a1No nos robar\u00e1n nuestra revoluci\u00f3n!\u2019"},"content":{"rendered":"<p>E brutal ataque en el museo Bardo en la capital de T\u00fanez es un duro golpe para el pa\u00eds, que ha celebrado dos elecciones democr\u00e1ticas pac\u00edficas desde que el dictador Zine El Abidine Ben Ali fuera derribado por un levantamiento popular en 2011.<\/p><p>&ldquo;No permitiremos que nos roben nuestra revoluci\u00f3n&rdquo;, fue el mensaje voceado en las calles de T\u00fanez en una inmediata reacci\u00f3n a los ataques, dijo Tahar Berberi, l\u00edder del sindicato de trabajadores metal\u00fargicos y de la electr\u00f3nica FGME-UGTT, afiliado a la IndustriALL.<\/p><p>&ldquo;Transmitimos nuestras m\u00e1s profundas condolencias a las familias de las v\u00edctimas asesinadas y esperamos una r\u00e1pida recuperaci\u00f3n de tantos heridos. Jam\u00e1s permitiremos que los terroristas socaven el deseo del pueblo tunecino de vivir en democracia y en paz, por las que tan arduamente han luchado los sindicatos, dijo el secretario general de la IndustriALL, Jyrki Raina.<\/p><p>Para mostrar su rabia, la central sindical nacional, UGTT, est\u00e1 encabezando una sentada de sindicalistas y ciudadanos ante el parlamento nacional esta tarde, a fin de expresar su solidaridad con las v\u00edctimas y el rechazo del terrorismo.<\/p><p>&ldquo;Los sindicatos de T\u00fanez est\u00e1n unidos en la condena de este cobarde ataque, que lo \u00fanico que har\u00e1 es reforzar nuestra solidaridad. Saldremos m\u00e1s fuertes que antes&rdquo;, dijo Berberi.<\/p><p>Los sindicatos han desempe\u00f1ado una funci\u00f3n central en el logro de la democracia en T\u00fanez y el derrocamiento de la dictadura hace cuatro a\u00f1os.<\/p><p>&ldquo;Todos los partidos c\u00edvicos y pol\u00edticos han dejado de lado sus diferencias y respaldan al presidente y al Gobierno de T\u00fanez&rdquo;, dijo Berberi.<\/p><p>Veinte de los muertos eran turistas extranjeros, seg\u00fan las autoridades tunecinas.<\/p><p>&ldquo;Adem\u00e1s de la tragedia humana esto da\u00f1ar\u00e1 al pa\u00eds y a su econom\u00eda&rdquo;, afirm\u00f3 Berberi. &ldquo;Las agencias de turismo ya est\u00e1n anulando viajes.&rdquo;<\/p><p>El domingo, el comit\u00e9 ejecutivo de la UGTT discutir\u00e1 la convocaci\u00f3n de una conferencia internacional para combatir el terrorismo, en la que intervendr\u00e1n fuerzas sociales mundiales y la sociedad civil&rdquo;, dijo Berberi.<\/p><p>En reconocimiento de la contribuci\u00f3n de los sindicatos a la democracia, la IndustriALL celebr\u00f3 la reuni\u00f3n de su Comit\u00e9 Ejecutivo en T\u00fanez el pasado diciembre para apoyar la creaci\u00f3n de una nueva sociedad en la que los sindicatos y los trabajadores son actores importantes.<\/p><p>La semana pr\u00f3xima, la IndustriALL enviar\u00e1 una nutrida delegaci\u00f3n al Foro Social Mundial que tendr\u00e1 lugar del 25 al 28 de marzo en T\u00fanez. &ldquo;El movimiento social en T\u00fanez y en la regi\u00f3n cuenta con el apoyo mundial de las fuerzas democr\u00e1ticas para oponerse a la violencia y al terrorismo&rdquo;, dijo el coordinador del Foro, Abderrahmane Hedhili.<\/p><p>La IndustriALL participar\u00e1 en varios talleres con afiliados e interlocutores sociales en el evento.<\/p><p>&ldquo;Ahora, m\u00e1s que nunca, la comunidad internacional tiene que mostrar su solidaridad con T\u00fanez&rdquo;, dijo Raina.<\/p>","protected":false},"featured_media":0,"template":"","issues":[],"companies":[],"regions":[305],"sectors":[],"article_tags":[],"class_list":["post-170377","article","type-article","status-publish","hentry","regions-tunisia"],"acf":[],"yoast_head":"<!-- This site is optimized with the Yoast SEO Premium plugin v27.1 (Yoast SEO v27.1) - https:\/\/yoast.com\/product\/yoast-seo-premium-wordpress\/ -->\n<title>T\u00fanez: \u2018\u00a1No nos robar\u00e1n nuestra revoluci\u00f3n!\u2019 - industriall-union<\/title>\n<meta name=\"description\" content=\"E brutal ataque en el museo Bardo en la capital de T\u00fanez es un duro golpe para el pa\u00eds, que ha celebrado dos elecciones democr\u00e1ticas pac\u00edficas desde que\" \/>\n<meta name=\"robots\" content=\"index, follow, max-snippet:-1, max-image-preview:large, max-video-preview:-1\" \/>\n<link rel=\"canonical\" href=\"https:\/\/admin.industriall-union.org\/es\/tunez-no-nos-robaran-nuestra-revolucion\/\" \/>\n<meta property=\"og:locale\" content=\"es_ES\" \/>\n<meta property=\"og:type\" content=\"article\" \/>\n<meta property=\"og:title\" content=\"T\u00fanez: \u2018\u00a1No nos robar\u00e1n nuestra revoluci\u00f3n!\u2019\" \/>\n<meta property=\"og:description\" content=\"E brutal ataque en el museo Bardo en la capital de T\u00fanez es un duro golpe para el pa\u00eds, que ha celebrado dos elecciones democr\u00e1ticas pac\u00edficas desde que\" \/>\n<meta property=\"og:url\" content=\"https:\/\/admin.industriall-union.org\/es\/tunez-no-nos-robaran-nuestra-revolucion\/\" \/>\n<meta property=\"og:site_name\" content=\"industriall-union\" \/>\n<meta property=\"article:modified_time\" content=\"2025-02-07T16:04:27+00:00\" \/>\n<meta name=\"twitter:card\" content=\"summary_large_image\" \/>\n<meta name=\"twitter:label1\" content=\"Est. reading time\" \/>\n\t<meta name=\"twitter:data1\" content=\"3 minutes\" \/>\n<script type=\"application\/ld+json\" class=\"yoast-schema-graph\">{\"@context\":\"https:\/\/schema.org\",\"@graph\":[{\"@type\":\"WebPage\",\"@id\":\"https:\/\/admin.industriall-union.org\/es\/tunez-no-nos-robaran-nuestra-revolucion\/\",\"url\":\"https:\/\/admin.industriall-union.org\/es\/tunez-no-nos-robaran-nuestra-revolucion\/\",\"name\":\"T\u00fanez: \u2018\u00a1No nos robar\u00e1n nuestra revoluci\u00f3n!\u2019 - industriall-union\",\"isPartOf\":{\"@id\":\"https:\/\/admin.industriall-union.org\/#website\"},\"datePublished\":\"2015-03-19T15:30:45+00:00\",\"dateModified\":\"2025-02-07T16:04:27+00:00\",\"description\":\"E brutal ataque en el museo Bardo en la capital de T\u00fanez es un duro golpe para el pa\u00eds, que ha celebrado dos elecciones democr\u00e1ticas pac\u00edficas desde que\",\"breadcrumb\":{\"@id\":\"https:\/\/admin.industriall-union.org\/es\/tunez-no-nos-robaran-nuestra-revolucion\/#breadcrumb\"},\"inLanguage\":\"es-ES\",\"potentialAction\":[{\"@type\":\"ReadAction\",\"target\":[\"https:\/\/admin.industriall-union.org\/es\/tunez-no-nos-robaran-nuestra-revolucion\/\"]}]},{\"@type\":\"BreadcrumbList\",\"@id\":\"https:\/\/admin.industriall-union.org\/es\/tunez-no-nos-robaran-nuestra-revolucion\/#breadcrumb\",\"itemListElement\":[{\"@type\":\"ListItem\",\"position\":1,\"name\":\"Home\",\"item\":\"https:\/\/admin.industriall-union.org\/\"},{\"@type\":\"ListItem\",\"position\":2,\"name\":\"Articles\",\"item\":\"https:\/\/admin.industriall-union.org\/article\/\"},{\"@type\":\"ListItem\",\"position\":3,\"name\":\"T\u00fanez: \u2018\u00a1No nos robar\u00e1n nuestra revoluci\u00f3n!\u2019\"}]},{\"@type\":\"WebSite\",\"@id\":\"https:\/\/admin.industriall-union.org\/#website\",\"url\":\"https:\/\/admin.industriall-union.org\/\",\"name\":\"industriall-union\",\"description\":\"\",\"potentialAction\":[{\"@type\":\"SearchAction\",\"target\":{\"@type\":\"EntryPoint\",\"urlTemplate\":\"https:\/\/admin.industriall-union.org\/?s={search_term_string}\"},\"query-input\":{\"@type\":\"PropertyValueSpecification\",\"valueRequired\":true,\"valueName\":\"search_term_string\"}}],\"inLanguage\":\"es-ES\"}]}<\/script>\n<!-- \/ Yoast SEO Premium plugin. -->","yoast_head_json":{"title":"T\u00fanez: \u2018\u00a1No nos robar\u00e1n nuestra revoluci\u00f3n!\u2019 - industriall-union","description":"E brutal ataque en el museo Bardo en la capital de T\u00fanez es un duro golpe para el pa\u00eds, que ha celebrado dos elecciones democr\u00e1ticas pac\u00edficas desde que","robots":{"index":"index","follow":"follow","max-snippet":"max-snippet:-1","max-image-preview":"max-image-preview:large","max-video-preview":"max-video-preview:-1"},"canonical":"https:\/\/admin.industriall-union.org\/es\/tunez-no-nos-robaran-nuestra-revolucion\/","og_locale":"es_ES","og_type":"article","og_title":"T\u00fanez: \u2018\u00a1No nos robar\u00e1n nuestra revoluci\u00f3n!\u2019","og_description":"E brutal ataque en el museo Bardo en la capital de T\u00fanez es un duro golpe para el pa\u00eds, que ha celebrado dos elecciones democr\u00e1ticas pac\u00edficas desde que","og_url":"https:\/\/admin.industriall-union.org\/es\/tunez-no-nos-robaran-nuestra-revolucion\/","og_site_name":"industriall-union","article_modified_time":"2025-02-07T16:04:27+00:00","twitter_card":"summary_large_image","twitter_misc":{"Est. reading time":"3 minutes"},"schema":{"@context":"https:\/\/schema.org","@graph":[{"@type":"WebPage","@id":"https:\/\/admin.industriall-union.org\/es\/tunez-no-nos-robaran-nuestra-revolucion\/","url":"https:\/\/admin.industriall-union.org\/es\/tunez-no-nos-robaran-nuestra-revolucion\/","name":"T\u00fanez: \u2018\u00a1No nos robar\u00e1n nuestra revoluci\u00f3n!\u2019 - industriall-union","isPartOf":{"@id":"https:\/\/admin.industriall-union.org\/#website"},"datePublished":"2015-03-19T15:30:45+00:00","dateModified":"2025-02-07T16:04:27+00:00","description":"E brutal ataque en el museo Bardo en la capital de T\u00fanez es un duro golpe para el pa\u00eds, que ha celebrado dos elecciones democr\u00e1ticas pac\u00edficas desde que","breadcrumb":{"@id":"https:\/\/admin.industriall-union.org\/es\/tunez-no-nos-robaran-nuestra-revolucion\/#breadcrumb"},"inLanguage":"es-ES","potentialAction":[{"@type":"ReadAction","target":["https:\/\/admin.industriall-union.org\/es\/tunez-no-nos-robaran-nuestra-revolucion\/"]}]},{"@type":"BreadcrumbList","@id":"https:\/\/admin.industriall-union.org\/es\/tunez-no-nos-robaran-nuestra-revolucion\/#breadcrumb","itemListElement":[{"@type":"ListItem","position":1,"name":"Home","item":"https:\/\/admin.industriall-union.org\/"},{"@type":"ListItem","position":2,"name":"Articles","item":"https:\/\/admin.industriall-union.org\/article\/"},{"@type":"ListItem","position":3,"name":"T\u00fanez: \u2018\u00a1No nos robar\u00e1n nuestra revoluci\u00f3n!\u2019"}]},{"@type":"WebSite","@id":"https:\/\/admin.industriall-union.org\/#website","url":"https:\/\/admin.industriall-union.org\/","name":"industriall-union","description":"","potentialAction":[{"@type":"SearchAction","target":{"@type":"EntryPoint","urlTemplate":"https:\/\/admin.industriall-union.org\/?s={search_term_string}"},"query-input":{"@type":"PropertyValueSpecification","valueRequired":true,"valueName":"search_term_string"}}],"inLanguage":"es-ES"}]}},"_links":{"self":[{"href":"https:\/\/admin.industriall-union.org\/es\/wp-json\/wp\/v2\/article\/170377","targetHints":{"allow":["GET"]}}],"collection":[{"href":"https:\/\/admin.industriall-union.org\/es\/wp-json\/wp\/v2\/article"}],"about":[{"href":"https:\/\/admin.industriall-union.org\/es\/wp-json\/wp\/v2\/types\/article"}],"wp:attachment":[{"href":"https:\/\/admin.industriall-union.org\/es\/wp-json\/wp\/v2\/media?parent=170377"}],"wp:term":[{"taxonomy":"issues","embeddable":true,"href":"https:\/\/admin.industriall-union.org\/es\/wp-json\/wp\/v2\/issues?post=170377"},{"taxonomy":"companies","embeddable":true,"href":"https:\/\/admin.industriall-union.org\/es\/wp-json\/wp\/v2\/companies?post=170377"},{"taxonomy":"regions","embeddable":true,"href":"https:\/\/admin.industriall-union.org\/es\/wp-json\/wp\/v2\/regions?post=170377"},{"taxonomy":"sectors","embeddable":true,"href":"https:\/\/admin.industriall-union.org\/es\/wp-json\/wp\/v2\/sectors?post=170377"},{"taxonomy":"article_tags","embeddable":true,"href":"https:\/\/admin.industriall-union.org\/es\/wp-json\/wp\/v2\/article_tags?post=170377"}],"curies":[{"name":"wp","href":"https:\/\/api.w.org\/{rel}","templated":true}]}}