{"id":170372,"date":"2015-03-20T08:06:53","date_gmt":"2015-03-20T08:06:53","guid":{"rendered":"https:\/\/admin.industriall-union.org\/libres-bajo-fianza-81-trabajadores-de-maruti-suzuki\/"},"modified":"2025-02-07T16:03:34","modified_gmt":"2025-02-07T16:03:34","slug":"libres-bajo-fianza-81-trabajadores-de-maruti-suzuki","status":"publish","type":"article","link":"https:\/\/admin.industriall-union.org\/es\/libres-bajo-fianza-81-trabajadores-de-maruti-suzuki\/","title":{"rendered":"Libres bajo fianza 81 trabajadores de Maruti Suzuki"},"content":{"rendered":"<p>Despu\u00e9s del violento incidente ocurrido en 2012 en una planta de Maruti Suzuki en la India, donde se registrara la muerte de un administrador, unos 2.800 trabajadores fueron despedidos y 147 fueron encarcelados. Se acus\u00f3 a los trabajadores de supuesto asesinato, intento de asesinato y conspiraci\u00f3n criminal.<\/p><p>Se ha concedido libertad bajo fianza a dos trabajadores en febrero de este a\u00f1o, y a otros 79 m\u00e1s el 17 de marzo reci\u00e9n pasado. 64 trabajadores todav\u00eda esperan ser puestos en libertad bajo fianza.<\/p><p>El proceso para obtenci\u00f3n de libertad bajo fianza de todos los trabajadores se ha prolongado por mucho tiempo; la administraci\u00f3n tampoco ha presentado pruebas sustanciales contra los trabajadores.<\/p><p>Respecto a la demora del procedimiento para conseguir libertad bajo fianza, Vrinda Grover, abogado principal de la Corte Suprema, &nbsp;coment\u00f3 lo siguiente:<\/p><p>&ldquo;El Estado est\u00e1 aplicando procedimientos de investigaci\u00f3n criminal, persecuci\u00f3n y encarcelamiento para complacer a las corporaciones privadas, aplastar a los sindicatos y reprimir a los trabajadores&rdquo;.<\/p><p>Por otra parte, Sudhershan Rao, Secretario Regional de IndustriALL, manifestando su solidaridad con los trabajadores, acogi\u00f3 con satisfacci\u00f3n la decisi\u00f3n de la corte de proteger los derechos fundamentales de los trabajadores:<\/p><p>&ldquo;Esta terrible experiencia de los trabajadores podr\u00eda haber concluido antes si el gobierno hubiera seguido el esp\u00edritu del tripartismo. Ahora esperamos que los dem\u00e1s trabajadores encarcelados sean puestos en libertad bajo fianza muy pronto&rdquo;.<\/p>","protected":false},"featured_media":0,"template":"","issues":[422],"companies":[131],"regions":[166],"sectors":[482],"article_tags":[],"class_list":["post-170372","article","type-article","status-publish","hentry","issues-human-trade-union-rights","companies-suzuki","regions-india","sectors-automotive"],"acf":[],"yoast_head":"<!-- This site is optimized with the Yoast SEO Premium plugin v27.1 (Yoast SEO v27.1) - https:\/\/yoast.com\/product\/yoast-seo-premium-wordpress\/ -->\n<title>Libres bajo fianza 81 trabajadores de Maruti Suzuki - industriall-union<\/title>\n<meta name=\"description\" content=\"Despu\u00e9s del violento incidente ocurrido en 2012 en una planta de Maruti Suzuki en la India, donde se registrara la muerte de un administrador, unos 2.800\" \/>\n<meta name=\"robots\" content=\"index, follow, max-snippet:-1, max-image-preview:large, max-video-preview:-1\" \/>\n<link rel=\"canonical\" href=\"https:\/\/admin.industriall-union.org\/es\/libres-bajo-fianza-81-trabajadores-de-maruti-suzuki\/\" \/>\n<meta property=\"og:locale\" content=\"es_ES\" \/>\n<meta property=\"og:type\" content=\"article\" \/>\n<meta property=\"og:title\" content=\"Libres bajo fianza 81 trabajadores de Maruti Suzuki\" \/>\n<meta property=\"og:description\" content=\"Despu\u00e9s del violento incidente ocurrido en 2012 en una planta de Maruti Suzuki en la India, donde se registrara la muerte de un administrador, unos 2.800\" \/>\n<meta property=\"og:url\" content=\"https:\/\/admin.industriall-union.org\/es\/libres-bajo-fianza-81-trabajadores-de-maruti-suzuki\/\" \/>\n<meta property=\"og:site_name\" content=\"industriall-union\" \/>\n<meta property=\"article:modified_time\" content=\"2025-02-07T16:03:34+00:00\" \/>\n<meta name=\"twitter:card\" content=\"summary_large_image\" \/>\n<meta name=\"twitter:label1\" content=\"Est. reading time\" \/>\n\t<meta name=\"twitter:data1\" content=\"1 minute\" \/>\n<script type=\"application\/ld+json\" class=\"yoast-schema-graph\">{\"@context\":\"https:\/\/schema.org\",\"@graph\":[{\"@type\":\"WebPage\",\"@id\":\"https:\/\/admin.industriall-union.org\/es\/libres-bajo-fianza-81-trabajadores-de-maruti-suzuki\/\",\"url\":\"https:\/\/admin.industriall-union.org\/es\/libres-bajo-fianza-81-trabajadores-de-maruti-suzuki\/\",\"name\":\"Libres bajo fianza 81 trabajadores de Maruti Suzuki - industriall-union\",\"isPartOf\":{\"@id\":\"https:\/\/admin.industriall-union.org\/#website\"},\"datePublished\":\"2015-03-20T08:06:53+00:00\",\"dateModified\":\"2025-02-07T16:03:34+00:00\",\"description\":\"Despu\u00e9s del violento incidente ocurrido en 2012 en una planta de Maruti Suzuki en la India, donde se registrara la muerte de un administrador, unos 2.800\",\"breadcrumb\":{\"@id\":\"https:\/\/admin.industriall-union.org\/es\/libres-bajo-fianza-81-trabajadores-de-maruti-suzuki\/#breadcrumb\"},\"inLanguage\":\"es-ES\",\"potentialAction\":[{\"@type\":\"ReadAction\",\"target\":[\"https:\/\/admin.industriall-union.org\/es\/libres-bajo-fianza-81-trabajadores-de-maruti-suzuki\/\"]}]},{\"@type\":\"BreadcrumbList\",\"@id\":\"https:\/\/admin.industriall-union.org\/es\/libres-bajo-fianza-81-trabajadores-de-maruti-suzuki\/#breadcrumb\",\"itemListElement\":[{\"@type\":\"ListItem\",\"position\":1,\"name\":\"Home\",\"item\":\"https:\/\/admin.industriall-union.org\/\"},{\"@type\":\"ListItem\",\"position\":2,\"name\":\"Articles\",\"item\":\"https:\/\/admin.industriall-union.org\/article\/\"},{\"@type\":\"ListItem\",\"position\":3,\"name\":\"Libres bajo fianza 81 trabajadores de Maruti Suzuki\"}]},{\"@type\":\"WebSite\",\"@id\":\"https:\/\/admin.industriall-union.org\/#website\",\"url\":\"https:\/\/admin.industriall-union.org\/\",\"name\":\"industriall-union\",\"description\":\"\",\"potentialAction\":[{\"@type\":\"SearchAction\",\"target\":{\"@type\":\"EntryPoint\",\"urlTemplate\":\"https:\/\/admin.industriall-union.org\/?s={search_term_string}\"},\"query-input\":{\"@type\":\"PropertyValueSpecification\",\"valueRequired\":true,\"valueName\":\"search_term_string\"}}],\"inLanguage\":\"es-ES\"}]}<\/script>\n<!-- \/ Yoast SEO Premium plugin. -->","yoast_head_json":{"title":"Libres bajo fianza 81 trabajadores de Maruti Suzuki - industriall-union","description":"Despu\u00e9s del violento incidente ocurrido en 2012 en una planta de Maruti Suzuki en la India, donde se registrara la muerte de un administrador, unos 2.800","robots":{"index":"index","follow":"follow","max-snippet":"max-snippet:-1","max-image-preview":"max-image-preview:large","max-video-preview":"max-video-preview:-1"},"canonical":"https:\/\/admin.industriall-union.org\/es\/libres-bajo-fianza-81-trabajadores-de-maruti-suzuki\/","og_locale":"es_ES","og_type":"article","og_title":"Libres bajo fianza 81 trabajadores de Maruti Suzuki","og_description":"Despu\u00e9s del violento incidente ocurrido en 2012 en una planta de Maruti Suzuki en la India, donde se registrara la muerte de un administrador, unos 2.800","og_url":"https:\/\/admin.industriall-union.org\/es\/libres-bajo-fianza-81-trabajadores-de-maruti-suzuki\/","og_site_name":"industriall-union","article_modified_time":"2025-02-07T16:03:34+00:00","twitter_card":"summary_large_image","twitter_misc":{"Est. reading time":"1 minute"},"schema":{"@context":"https:\/\/schema.org","@graph":[{"@type":"WebPage","@id":"https:\/\/admin.industriall-union.org\/es\/libres-bajo-fianza-81-trabajadores-de-maruti-suzuki\/","url":"https:\/\/admin.industriall-union.org\/es\/libres-bajo-fianza-81-trabajadores-de-maruti-suzuki\/","name":"Libres bajo fianza 81 trabajadores de Maruti Suzuki - industriall-union","isPartOf":{"@id":"https:\/\/admin.industriall-union.org\/#website"},"datePublished":"2015-03-20T08:06:53+00:00","dateModified":"2025-02-07T16:03:34+00:00","description":"Despu\u00e9s del violento incidente ocurrido en 2012 en una planta de Maruti Suzuki en la India, donde se registrara la muerte de un administrador, unos 2.800","breadcrumb":{"@id":"https:\/\/admin.industriall-union.org\/es\/libres-bajo-fianza-81-trabajadores-de-maruti-suzuki\/#breadcrumb"},"inLanguage":"es-ES","potentialAction":[{"@type":"ReadAction","target":["https:\/\/admin.industriall-union.org\/es\/libres-bajo-fianza-81-trabajadores-de-maruti-suzuki\/"]}]},{"@type":"BreadcrumbList","@id":"https:\/\/admin.industriall-union.org\/es\/libres-bajo-fianza-81-trabajadores-de-maruti-suzuki\/#breadcrumb","itemListElement":[{"@type":"ListItem","position":1,"name":"Home","item":"https:\/\/admin.industriall-union.org\/"},{"@type":"ListItem","position":2,"name":"Articles","item":"https:\/\/admin.industriall-union.org\/article\/"},{"@type":"ListItem","position":3,"name":"Libres bajo fianza 81 trabajadores de Maruti Suzuki"}]},{"@type":"WebSite","@id":"https:\/\/admin.industriall-union.org\/#website","url":"https:\/\/admin.industriall-union.org\/","name":"industriall-union","description":"","potentialAction":[{"@type":"SearchAction","target":{"@type":"EntryPoint","urlTemplate":"https:\/\/admin.industriall-union.org\/?s={search_term_string}"},"query-input":{"@type":"PropertyValueSpecification","valueRequired":true,"valueName":"search_term_string"}}],"inLanguage":"es-ES"}]}},"_links":{"self":[{"href":"https:\/\/admin.industriall-union.org\/es\/wp-json\/wp\/v2\/article\/170372","targetHints":{"allow":["GET"]}}],"collection":[{"href":"https:\/\/admin.industriall-union.org\/es\/wp-json\/wp\/v2\/article"}],"about":[{"href":"https:\/\/admin.industriall-union.org\/es\/wp-json\/wp\/v2\/types\/article"}],"wp:attachment":[{"href":"https:\/\/admin.industriall-union.org\/es\/wp-json\/wp\/v2\/media?parent=170372"}],"wp:term":[{"taxonomy":"issues","embeddable":true,"href":"https:\/\/admin.industriall-union.org\/es\/wp-json\/wp\/v2\/issues?post=170372"},{"taxonomy":"companies","embeddable":true,"href":"https:\/\/admin.industriall-union.org\/es\/wp-json\/wp\/v2\/companies?post=170372"},{"taxonomy":"regions","embeddable":true,"href":"https:\/\/admin.industriall-union.org\/es\/wp-json\/wp\/v2\/regions?post=170372"},{"taxonomy":"sectors","embeddable":true,"href":"https:\/\/admin.industriall-union.org\/es\/wp-json\/wp\/v2\/sectors?post=170372"},{"taxonomy":"article_tags","embeddable":true,"href":"https:\/\/admin.industriall-union.org\/es\/wp-json\/wp\/v2\/article_tags?post=170372"}],"curies":[{"name":"wp","href":"https:\/\/api.w.org\/{rel}","templated":true}]}}