{"id":170338,"date":"2015-03-31T10:01:33","date_gmt":"2015-03-31T10:01:33","guid":{"rendered":"https:\/\/admin.industriall-union.org\/un-sindicato-brasileno-asegura-puestos-de-trabajo-en-toyota-y-ford\/"},"modified":"2025-02-07T15:46:29","modified_gmt":"2025-02-07T15:46:29","slug":"un-sindicato-brasileno-asegura-puestos-de-trabajo-en-toyota-y-ford","status":"publish","type":"article","link":"https:\/\/admin.industriall-union.org\/es\/un-sindicato-brasileno-asegura-puestos-de-trabajo-en-toyota-y-ford\/","title":{"rendered":"Un sindicato brasile\u00f1o asegura puestos de trabajo en Toyota y Ford"},"content":{"rendered":"<p>El sindicato, afiliado a la IndustriALL Global Union a trav\u00e9s de la CNM-CUT, firm\u00f3 un acuerdo con Ford el 27 de marzo con el que se garantiza el empleo en la f\u00e1brica de la empresa en S\u00e3o Bernardo do Campo hasta 2017.<\/p><p>Adem\u00e1s de la seguridad del empleo, el acuerdo prev\u00e9 aumentos salariales durante dos a\u00f1os y la participaci\u00f3n en los beneficios sobre la base de los resultados durante tres a\u00f1os.<\/p><p>Unos d\u00edas antes, el 23 de marzo, ABC firm\u00f3 un acuerdo similar sobre protecci\u00f3n del empleo y crecimiento sostenible, que fue aprobado por unanimidad por los trabajadores en la f\u00e1brica de Toyota, tambi\u00e9n en S\u00e3o Bernardo.<\/p><p>El fabricante japon\u00e9s ha anunciado planes para invertir 19 millones de d\u00f3lares en la modernizaci\u00f3n de la f\u00e1brica de S\u00e3o Bernardo, que se inaugur\u00f3 en 1960 como la primera unidad industrial de Toyota fuera de Jap\u00f3n.<\/p><p>La empresa, que emplea actualmente a 1.700 trabajadores, produce Toyotas para la exportaci\u00f3n a Estados Unidos de los modelos Corolla y Camry.<\/p><p>ABC dice que se espera que la empresa aumente la producci\u00f3n en un 10 por ciento aproximadamente de cada unidad mediante la creaci\u00f3n de un tercer turno, y un 14 por ciento de la producci\u00f3n para suministrar partes a la futura planta de Toyota en Porto Feliz (S\u00e3o Paolo).<\/p><p>Con el acuerdo, &ldquo;Toyota desea aportar uno de sus principales valores como la contribuci\u00f3n continua al desarrollo de la econom\u00eda y la sociedad en los pa\u00edses donde opera la empresa&rdquo;, dijo Steve St. Angelo, presidente de Toyota de Brasil.<\/p><p>&quot;Este acuerdo llega en un momento muy oportuno, porque la industria de la automoci\u00f3n del pa\u00eds afronta dificultades y muchos fabricantes de autom\u00f3viles est\u00e1n adoptando mecanismos para evitar despidos&rdquo;, dijo el presidente de la Uni\u00f3n de Trabajadores Metal\u00fargicos ABC, Rafael Marques.<\/p><p>El secretario general adjunto de la IndustriALL Fernando Lopes dijo, &ldquo;Felicitamos a la Uni\u00f3n de Trabajadores Metal\u00fargicos ABC por estos grandes logros que aseguran puestos de trabajo para sus miembros en S\u00e3o Bernardo. Estos acuerdos est\u00e1n en consonancia con el programa de protecci\u00f3n del empleo, negociado actualmente entre nuestros afiliados CNM-CUT, ABC y el Gobierno de Brasil, y es de esperar que cuando se adopte facilite la extensi\u00f3n de esta buena pr\u00e1ctica en todos los sectores industriales de Brasil.&rdquo;<\/p>","protected":false},"featured_media":0,"template":"","issues":[],"companies":[51],"regions":[261],"sectors":[482],"article_tags":[],"class_list":["post-170338","article","type-article","status-publish","hentry","companies-ford-motor-co","regions-brazil","sectors-automotive"],"acf":[],"yoast_head":"<!-- This site is optimized with the Yoast SEO Premium plugin v27.1 (Yoast SEO v27.1) - https:\/\/yoast.com\/product\/yoast-seo-premium-wordpress\/ -->\n<title>Un sindicato brasile\u00f1o asegura puestos de trabajo en Toyota y Ford - industriall-union<\/title>\n<meta name=\"description\" content=\"El sindicato, afiliado a la IndustriALL Global Union a trav\u00e9s de la CNM-CUT, firm\u00f3 un acuerdo con Ford el 27 de marzo con el que se garantiza el empleo en\" \/>\n<meta name=\"robots\" content=\"index, follow, max-snippet:-1, max-image-preview:large, max-video-preview:-1\" \/>\n<link rel=\"canonical\" href=\"https:\/\/admin.industriall-union.org\/es\/un-sindicato-brasileno-asegura-puestos-de-trabajo-en-toyota-y-ford\/\" \/>\n<meta property=\"og:locale\" content=\"es_ES\" \/>\n<meta property=\"og:type\" content=\"article\" \/>\n<meta property=\"og:title\" content=\"Un sindicato brasile\u00f1o asegura puestos de trabajo en Toyota y Ford\" \/>\n<meta property=\"og:description\" content=\"El sindicato, afiliado a la IndustriALL Global Union a trav\u00e9s de la CNM-CUT, firm\u00f3 un acuerdo con Ford el 27 de marzo con el que se garantiza el empleo en\" \/>\n<meta property=\"og:url\" content=\"https:\/\/admin.industriall-union.org\/es\/un-sindicato-brasileno-asegura-puestos-de-trabajo-en-toyota-y-ford\/\" \/>\n<meta property=\"og:site_name\" content=\"industriall-union\" \/>\n<meta property=\"article:modified_time\" content=\"2025-02-07T15:46:29+00:00\" \/>\n<meta name=\"twitter:card\" content=\"summary_large_image\" \/>\n<meta name=\"twitter:label1\" content=\"Est. reading time\" \/>\n\t<meta name=\"twitter:data1\" content=\"2 minutes\" \/>\n<script type=\"application\/ld+json\" class=\"yoast-schema-graph\">{\"@context\":\"https:\/\/schema.org\",\"@graph\":[{\"@type\":\"WebPage\",\"@id\":\"https:\/\/admin.industriall-union.org\/es\/un-sindicato-brasileno-asegura-puestos-de-trabajo-en-toyota-y-ford\/\",\"url\":\"https:\/\/admin.industriall-union.org\/es\/un-sindicato-brasileno-asegura-puestos-de-trabajo-en-toyota-y-ford\/\",\"name\":\"Un sindicato brasile\u00f1o asegura puestos de trabajo en Toyota y Ford - industriall-union\",\"isPartOf\":{\"@id\":\"https:\/\/admin.industriall-union.org\/#website\"},\"datePublished\":\"2015-03-31T10:01:33+00:00\",\"dateModified\":\"2025-02-07T15:46:29+00:00\",\"description\":\"El sindicato, afiliado a la IndustriALL Global Union a trav\u00e9s de la CNM-CUT, firm\u00f3 un acuerdo con Ford el 27 de marzo con el que se garantiza el empleo en\",\"breadcrumb\":{\"@id\":\"https:\/\/admin.industriall-union.org\/es\/un-sindicato-brasileno-asegura-puestos-de-trabajo-en-toyota-y-ford\/#breadcrumb\"},\"inLanguage\":\"es-ES\",\"potentialAction\":[{\"@type\":\"ReadAction\",\"target\":[\"https:\/\/admin.industriall-union.org\/es\/un-sindicato-brasileno-asegura-puestos-de-trabajo-en-toyota-y-ford\/\"]}]},{\"@type\":\"BreadcrumbList\",\"@id\":\"https:\/\/admin.industriall-union.org\/es\/un-sindicato-brasileno-asegura-puestos-de-trabajo-en-toyota-y-ford\/#breadcrumb\",\"itemListElement\":[{\"@type\":\"ListItem\",\"position\":1,\"name\":\"Home\",\"item\":\"https:\/\/admin.industriall-union.org\/\"},{\"@type\":\"ListItem\",\"position\":2,\"name\":\"Articles\",\"item\":\"https:\/\/admin.industriall-union.org\/article\/\"},{\"@type\":\"ListItem\",\"position\":3,\"name\":\"Un sindicato brasile\u00f1o asegura puestos de trabajo en Toyota y Ford\"}]},{\"@type\":\"WebSite\",\"@id\":\"https:\/\/admin.industriall-union.org\/#website\",\"url\":\"https:\/\/admin.industriall-union.org\/\",\"name\":\"industriall-union\",\"description\":\"\",\"potentialAction\":[{\"@type\":\"SearchAction\",\"target\":{\"@type\":\"EntryPoint\",\"urlTemplate\":\"https:\/\/admin.industriall-union.org\/?s={search_term_string}\"},\"query-input\":{\"@type\":\"PropertyValueSpecification\",\"valueRequired\":true,\"valueName\":\"search_term_string\"}}],\"inLanguage\":\"es-ES\"}]}<\/script>\n<!-- \/ Yoast SEO Premium plugin. -->","yoast_head_json":{"title":"Un sindicato brasile\u00f1o asegura puestos de trabajo en Toyota y Ford - industriall-union","description":"El sindicato, afiliado a la IndustriALL Global Union a trav\u00e9s de la CNM-CUT, firm\u00f3 un acuerdo con Ford el 27 de marzo con el que se garantiza el empleo en","robots":{"index":"index","follow":"follow","max-snippet":"max-snippet:-1","max-image-preview":"max-image-preview:large","max-video-preview":"max-video-preview:-1"},"canonical":"https:\/\/admin.industriall-union.org\/es\/un-sindicato-brasileno-asegura-puestos-de-trabajo-en-toyota-y-ford\/","og_locale":"es_ES","og_type":"article","og_title":"Un sindicato brasile\u00f1o asegura puestos de trabajo en Toyota y Ford","og_description":"El sindicato, afiliado a la IndustriALL Global Union a trav\u00e9s de la CNM-CUT, firm\u00f3 un acuerdo con Ford el 27 de marzo con el que se garantiza el empleo en","og_url":"https:\/\/admin.industriall-union.org\/es\/un-sindicato-brasileno-asegura-puestos-de-trabajo-en-toyota-y-ford\/","og_site_name":"industriall-union","article_modified_time":"2025-02-07T15:46:29+00:00","twitter_card":"summary_large_image","twitter_misc":{"Est. reading time":"2 minutes"},"schema":{"@context":"https:\/\/schema.org","@graph":[{"@type":"WebPage","@id":"https:\/\/admin.industriall-union.org\/es\/un-sindicato-brasileno-asegura-puestos-de-trabajo-en-toyota-y-ford\/","url":"https:\/\/admin.industriall-union.org\/es\/un-sindicato-brasileno-asegura-puestos-de-trabajo-en-toyota-y-ford\/","name":"Un sindicato brasile\u00f1o asegura puestos de trabajo en Toyota y Ford - industriall-union","isPartOf":{"@id":"https:\/\/admin.industriall-union.org\/#website"},"datePublished":"2015-03-31T10:01:33+00:00","dateModified":"2025-02-07T15:46:29+00:00","description":"El sindicato, afiliado a la IndustriALL Global Union a trav\u00e9s de la CNM-CUT, firm\u00f3 un acuerdo con Ford el 27 de marzo con el que se garantiza el empleo en","breadcrumb":{"@id":"https:\/\/admin.industriall-union.org\/es\/un-sindicato-brasileno-asegura-puestos-de-trabajo-en-toyota-y-ford\/#breadcrumb"},"inLanguage":"es-ES","potentialAction":[{"@type":"ReadAction","target":["https:\/\/admin.industriall-union.org\/es\/un-sindicato-brasileno-asegura-puestos-de-trabajo-en-toyota-y-ford\/"]}]},{"@type":"BreadcrumbList","@id":"https:\/\/admin.industriall-union.org\/es\/un-sindicato-brasileno-asegura-puestos-de-trabajo-en-toyota-y-ford\/#breadcrumb","itemListElement":[{"@type":"ListItem","position":1,"name":"Home","item":"https:\/\/admin.industriall-union.org\/"},{"@type":"ListItem","position":2,"name":"Articles","item":"https:\/\/admin.industriall-union.org\/article\/"},{"@type":"ListItem","position":3,"name":"Un sindicato brasile\u00f1o asegura puestos de trabajo en Toyota y Ford"}]},{"@type":"WebSite","@id":"https:\/\/admin.industriall-union.org\/#website","url":"https:\/\/admin.industriall-union.org\/","name":"industriall-union","description":"","potentialAction":[{"@type":"SearchAction","target":{"@type":"EntryPoint","urlTemplate":"https:\/\/admin.industriall-union.org\/?s={search_term_string}"},"query-input":{"@type":"PropertyValueSpecification","valueRequired":true,"valueName":"search_term_string"}}],"inLanguage":"es-ES"}]}},"_links":{"self":[{"href":"https:\/\/admin.industriall-union.org\/es\/wp-json\/wp\/v2\/article\/170338","targetHints":{"allow":["GET"]}}],"collection":[{"href":"https:\/\/admin.industriall-union.org\/es\/wp-json\/wp\/v2\/article"}],"about":[{"href":"https:\/\/admin.industriall-union.org\/es\/wp-json\/wp\/v2\/types\/article"}],"wp:attachment":[{"href":"https:\/\/admin.industriall-union.org\/es\/wp-json\/wp\/v2\/media?parent=170338"}],"wp:term":[{"taxonomy":"issues","embeddable":true,"href":"https:\/\/admin.industriall-union.org\/es\/wp-json\/wp\/v2\/issues?post=170338"},{"taxonomy":"companies","embeddable":true,"href":"https:\/\/admin.industriall-union.org\/es\/wp-json\/wp\/v2\/companies?post=170338"},{"taxonomy":"regions","embeddable":true,"href":"https:\/\/admin.industriall-union.org\/es\/wp-json\/wp\/v2\/regions?post=170338"},{"taxonomy":"sectors","embeddable":true,"href":"https:\/\/admin.industriall-union.org\/es\/wp-json\/wp\/v2\/sectors?post=170338"},{"taxonomy":"article_tags","embeddable":true,"href":"https:\/\/admin.industriall-union.org\/es\/wp-json\/wp\/v2\/article_tags?post=170338"}],"curies":[{"name":"wp","href":"https:\/\/api.w.org\/{rel}","templated":true}]}}